{"id":271980,"date":"2025-07-25T04:31:10","date_gmt":"2025-07-25T04:31:10","guid":{"rendered":"https:\/\/www.europesays.com\/fr\/271980\/"},"modified":"2025-07-25T04:31:10","modified_gmt":"2025-07-25T04:31:10","slug":"lyon-installes-sur-loeuvre-tissage-urbain-les-brumisateurs-de-bellecour-posent-question","status":"publish","type":"post","link":"https:\/\/www.europesays.com\/fr\/271980\/","title":{"rendered":"Lyon. Install\u00e9s sur l&rsquo;oeuvre Tissage urbain, les brumisateurs de Bellecour posent question"},"content":{"rendered":"<p>            Par<br \/>\n        <strong><br \/>\n            <a href=\"https:\/\/actu.fr\/auteur\/theophile-blondet\" title=\"Consulter tous les articles de Theophile Blondet\" target=\"_blank\" rel=\"noopener\">Theophile Blondet<\/a><br \/>\n        <\/strong><\/p>\n<p>        Publi\u00e9 le<\/p>\n<p>            25 juil. 2025 \u00e0 6h26        <\/p>\n<p>R\u00e9cemment mis en place \u00e0 <a href=\"https:\/\/actu.fr\/auvergne-rhone-alpes\/lyon_69123\/ztl-a-lyon-des-bouchons-monstres-agacent-les-automobilistes-a-bellecour-c-est-l-anarchie_62923264.html\" target=\"_blank\" rel=\"noopener\">Bellecour<\/a> sur l\u2019\u0153uvre des <a href=\"https:\/\/actu.fr\/auvergne-rhone-alpes\/lyon_69123\/lyon-l-oeuvre-polemique-de-bellecour-sabotee-une-enquete-ouverte-ce-que-l-on-sait_62935106.html\" target=\"_blank\" rel=\"noopener\">Tissage urbain<\/a>, des brumisateurs sont activables par le public via un simple bouton. Mais leur utilisation pose question.<\/p>\n<p class=\" wall-content\"><a href=\"https:\/\/actu.fr\/auvergne-rhone-alpes\/lyon_69123\/lyon-l-artiste-a-l-origine-de-l-oeuvre-place-bellecour-tres-emu-ca-cree-de-la-fraicheur_62901658.html\" target=\"_blank\" rel=\"noopener\">Si l\u2019\u0153uvre en elle-m\u00eame fait parler \u00e0 Lyon<\/a>, les brumisateurs rencontrent un plus large succ\u00e8s parmi les habitants de la Presqu\u2019\u00eele lyonnaise. Interrog\u00e9s sur place, les passants sont plut\u00f4t convaincus par le dispositif.<\/p>\n<p>\u00ab\u00a0C\u2019est vraiment agr\u00e9able\u00a0\u00bb<\/p>\n<p class=\" wall-content\">\u00ab\u2009Je trouve \u00e7a tr\u00e8s agr\u00e9able. C\u2019est vrai que sur la place Bellecour on \u00e9tait en plein soleil et \u00e7a fait du bien d\u2019avoir un peu de frais et d\u2019ombre.\u2009\u00bb, confie Marie, son b\u00e9b\u00e9 dans les bras. Au sujet de l\u2019activation du dispositif par un simple bouton \u00e0 la port\u00e9e de tout le monde, la m\u00e8re de famille trouve cela \u00ab\u2009ludique et participatif\u2009\u00bb.<\/p>\n<p class=\" wall-content\">\u00ab\u2009J\u2019ai test\u00e9 et mes petits-enfants ont aussi test\u00e9. C\u2019est un petit coin sympa et c\u2019est vraiment agr\u00e9able\u2009\u00bb, ajoute Raymonde, de passage avec ses petits-enfants et son mari.<\/p>\n<p class=\" wall-content\">\u00ab\u2009Lorsque j\u2019ai vu \u00e7a, j\u2019\u00e9tais tr\u00e8s dubitative, mais finalement c\u2019est pas mal. Quand on approche de la zone des brumisateurs, c\u2019est quand m\u00eame dr\u00f4lement sympa\u2009\u00bb, explique Christine, convaincue par le syst\u00e8me.<\/p>\n<p>L\u2019opposition demande des comptes<\/p>\n<p class=\" wall-content\">Si les Lyonnais rencontr\u00e9s semblent \u00eatre convaincus par le dispositif mis en place, l\u2019opposition elle, ne d\u00e9col\u00e8re pas. Maire du 2\u00e8me arrondissement de Lyon et candidat LR aux municipales, <a href=\"https:\/\/actu.fr\/auvergne-rhone-alpes\/lyon_69123\/lyon-plainte-intimidations-pierre-oliver-denonce-les-methodes-des-equipes-aulas_62640869.html\" target=\"_blank\" rel=\"noopener\">Pierre Oliver<\/a> a partag\u00e9 sur ses r\u00e9seaux sociaux les limites de ce dispositif.<\/p>\n<p class=\" wall-content\">Sur son compte Instagram, on peut voir une vid\u00e9o montrant le dispositif en marche alors m\u00eame qu\u2019un orage et la pluie touchent la place Bellecour. Nous avons contact\u00e9 Pierre Oliver qui nous confie \u00ab\u2009ne pas \u00eatre contre l\u2019id\u00e9e dans l\u2019absolu\u2009\u00bb. En revanche, il demande des comptes \u00e0 la mairie \u00e9cologiste \u00ab\u2009\u00e0 propos de la consommation d\u2019eau de ce syst\u00e8me\u2009\u00bb.<\/p>\n<p class=\" wall-content\"><a href=\"https:\/\/www.instagram.com\/pierreoliver69\/reel\/DMVKFXjoiUE\/embed\" title=\"Ouvrir le lien sur Instagram\" target=\"_blank\" rel=\"noopener\">Visualiser le contenu sur Instagram<\/a><\/p>\n<p class=\" wall-content\">Si les brumisateurs sont activables alors qu\u2019il pleut, le seront-ils lors des alertes s\u00e9cheresse\u2009? Et quand seront-ils d\u00e9sactiv\u00e9s\u2009? Autant de questions qui se posent. Contact\u00e9e \u00e0 plusieurs reprises sur le sujet (consommation d\u2019eau, d\u00e9bit\u2026) depuis une semaine, la mairie de Lyon n\u2019a pas donn\u00e9 suite \u00e0 nos sollicitations.<\/p>\n<p class=\" wall-content\">Suivez toute l\u2019actualit\u00e9 de vos villes et m\u00e9dias favoris en vous inscrivant \u00e0 <a href=\"https:\/\/moncompte.actu.fr\" title=\"D\u00e9couvez Mon Actu\" rel=\"nofollow noopener\" data-trk=\"{&quot;cta&quot;:{&quot;action&quot;:&quot;https:\\\/\\\/moncompte.actu.fr&quot;,&quot;category&quot;:&quot;mon compte&quot;,&quot;from&quot;:&quot;article footer&quot;,&quot;name&quot;:&quot;Mon actu&quot;,&quot;type&quot;:&quot;cta&quot;}}\" target=\"_blank\">Mon Actu<\/a>.<\/p>\n<p>                    <script async src=\"\/\/www.instagram.com\/embed.js\"><\/script><\/p>\n","protected":false},"excerpt":{"rendered":"Par Theophile Blondet Publi\u00e9 le 25 juil. 2025 \u00e0 6h26 R\u00e9cemment mis en place \u00e0 Bellecour sur l\u2019\u0153uvre&hellip;\n","protected":false},"author":2,"featured_media":271981,"comment_status":"","ping_status":"","sticky":false,"template":"","format":"standard","meta":{"footnotes":""},"categories":[1889],"tags":[1111,11,2430,5272,1777,674,1011,27,2428,12,25,104],"class_list":{"0":"post-271980","1":"post","2":"type-post","3":"status-publish","4":"format-standard","5":"has-post-thumbnail","7":"category-lyon","8":"tag-actu","9":"tag-actualites","10":"tag-auvergne-rhone-alpes","11":"tag-bellecour","12":"tag-eu","13":"tag-europe","14":"tag-fr","15":"tag-france","16":"tag-lyon","17":"tag-news","18":"tag-republique-francaise","19":"tag-societe"},"share_on_mastodon":{"url":"https:\/\/pubeurope.com\/@fr\/114912000981231824","error":""},"_links":{"self":[{"href":"https:\/\/www.europesays.com\/fr\/wp-json\/wp\/v2\/posts\/271980","targetHints":{"allow":["GET"]}}],"collection":[{"href":"https:\/\/www.europesays.com\/fr\/wp-json\/wp\/v2\/posts"}],"about":[{"href":"https:\/\/www.europesays.com\/fr\/wp-json\/wp\/v2\/types\/post"}],"author":[{"embeddable":true,"href":"https:\/\/www.europesays.com\/fr\/wp-json\/wp\/v2\/users\/2"}],"replies":[{"embeddable":true,"href":"https:\/\/www.europesays.com\/fr\/wp-json\/wp\/v2\/comments?post=271980"}],"version-history":[{"count":0,"href":"https:\/\/www.europesays.com\/fr\/wp-json\/wp\/v2\/posts\/271980\/revisions"}],"wp:featuredmedia":[{"embeddable":true,"href":"https:\/\/www.europesays.com\/fr\/wp-json\/wp\/v2\/media\/271981"}],"wp:attachment":[{"href":"https:\/\/www.europesays.com\/fr\/wp-json\/wp\/v2\/media?parent=271980"}],"wp:term":[{"taxonomy":"category","embeddable":true,"href":"https:\/\/www.europesays.com\/fr\/wp-json\/wp\/v2\/categories?post=271980"},{"taxonomy":"post_tag","embeddable":true,"href":"https:\/\/www.europesays.com\/fr\/wp-json\/wp\/v2\/tags?post=271980"}],"curies":[{"name":"wp","href":"https:\/\/api.w.org\/{rel}","templated":true}]}}