{"id":271990,"date":"2025-07-25T04:39:10","date_gmt":"2025-07-25T04:39:10","guid":{"rendered":"https:\/\/www.europesays.com\/fr\/271990\/"},"modified":"2025-07-25T04:39:10","modified_gmt":"2025-07-25T04:39:10","slug":"la-russie-avertit-que-la-decision-disrael-sur-la-cisjordanie-exacerbe-la-situation","status":"publish","type":"post","link":"https:\/\/www.europesays.com\/fr\/271990\/","title":{"rendered":"La Russie avertit que la d\u00e9cision d&rsquo;Isra\u00ebl sur la Cisjordanie exacerbe la situation"},"content":{"rendered":"<p>ARTA &#8211; Moscou esp\u00e8re qu\u2019Isra\u00ebl ne fera pas la Cisjordanie comme approuv\u00e9 par son parlement, mettant en garde contre cela ne d\u00e9t\u00e9riorerait que la situation dans la r\u00e9gion qu\u2019il en a tenue, a d\u00e9clar\u00e9 le minist\u00e8re russe des Affaires \u00e9trang\u00e8res.<\/p>\n<p>Musk a d\u00e9clar\u00e9 que \u00ab Moscou esp\u00e9rait que la d\u00e9claration ne produira pas d\u2019actions concr\u00e8tes de la part du gouvernement isra\u00e9lien visant \u00e0 sa mise en \u0153uvre de mani\u00e8re concr\u00e8te \u00bb, peut-on lire dans le communiqu\u00e9, cit\u00e9 par TASS le 25 juillet.<\/p>\n<p>\u00ab Sinon, cette action entra\u00eenera certainement une escalade suppl\u00e9mentaire des tensions, dont les cons\u00e9quences &#8211; \u00e0 la fois pour Isra\u00ebl et pour tout le Moyen-Orient &#8211; sont difficiles \u00e0 pr\u00e9dire \u00bb, a ajout\u00e9 le minist\u00e8re.<\/p>\n<p>ronyme : L&rsquo;agence de politique \u00e9trang\u00e8re russe a \u00e9galement soulign\u00e9 que Moscou n&rsquo;avait pas approuv\u00e9 la d\u00e9claration d&rsquo;Isra\u00ebl concernant Cisjordanie.<\/p>\n<p>Musk a \u00e9t\u00e9 tr\u00e8s n\u00e9gatif pour les mesures prises parlementaires isra\u00e9liens. En fait, cela d\u00e9termine les r\u00e9sultats des n\u00e9gociations sur le statut final des territoires palestiniens et contraire aux obligations d\u2019Isra\u00ebl en vertu du processus d\u2019Oslo, ainsi que des r\u00e9solutions connexes de l\u2019Assembl\u00e9e g\u00e9n\u00e9rale et du Conseil de s\u00e9curit\u00e9 de l\u2019ONU \u00bb, indique le communiqu\u00e9.<\/p>\n<p>Knesset (parlement isra\u00e9lien) a approuv\u00e9 une opposition contraignante pour l\u2019annexion de la Cisjordanie lors d\u2019un vote mercredi.<\/p>\n<p>ar sur la r\u00e9solution, adopt\u00e9e par les voix 71-13, d\u00e9clare que la Cisjordanie fait partie int\u00e9grante de la Terre d&rsquo;Isra\u00ebl, la patrie historique, culturelle et spirituelle des Juifs\u00a0\u00bb et que \u00ab\u00a0Isra\u00ebl d\u00e9tient des droits naturels, historiques et juridiques sur toute la Terre d&rsquo;Isra\u00ebl.\u00a0\u00bb<\/p>\n<p>an a appel\u00e9 le gouvernement \u00e0 \u00ab appliquer la souverainet\u00e9, le droit, le jugement et l\u2019administration d\u2019Isra\u00ebl \u00e0 toutes les r\u00e9gions juives de tout genre de colonies de la Judea, de la Samaritanie et de la Vall\u00e9e du Jourdain \u00bb, pour citer Cisjordanie.<\/p>\n<p>an a \u00e9t\u00e9 propos\u00e9 par le membre du Knesset du zionisme religieux, Simcha Rothman, le membre du Likud, Dan Illitch, et le membre de l&rsquo;opposition, Yisrael Beytenu, Oded Forer.<\/p>\n<p>an, l&rsquo;Indon\u00e9sie, ainsi que neuf autres pays de la Ligue arabe et de l&rsquo;Organisation de coop\u00e9ration islamique (OCI), ont fermement condamn\u00e9 jeudi le vote du Knesset concernant l&rsquo;annexion d&rsquo;Isra\u00ebl dans la Cisjordanie, en Palestine.<\/p>\n<p>The English, Chinese, Japanese, Arabic, and French versions are automatically generated by the AI. So there may still be inaccuracies in translating, please always see Indonesian as our main language.<br \/>\n                                    (system supported by DigitalSiber.id)<\/p>\n","protected":false},"excerpt":{"rendered":"ARTA &#8211; Moscou esp\u00e8re qu\u2019Isra\u00ebl ne fera pas la Cisjordanie comme approuv\u00e9 par son parlement, mettant en garde&hellip;\n","protected":false},"author":2,"featured_media":271991,"comment_status":"","ping_status":"","sticky":false,"template":"","format":"standard","meta":{"footnotes":""},"categories":[1591],"tags":[11,5436,2486,1887,664,41149,41148,41147,12,3518,1885,1886,132],"class_list":{"0":"post-271990","1":"post","2":"type-post","3":"status-publish","4":"format-standard","5":"has-post-thumbnail","7":"category-russie","8":"tag-actualites","9":"tag-ar","10":"tag-cisjordanie","11":"tag-federation-de-russie","12":"tag-israel","13":"tag-israel-conflit-palestinien","14":"tag-israeli-parlement","15":"tag-knesset","16":"tag-news","17":"tag-palestine","18":"tag-russia","19":"tag-russian-federation","20":"tag-russie"},"share_on_mastodon":{"url":"","error":""},"_links":{"self":[{"href":"https:\/\/www.europesays.com\/fr\/wp-json\/wp\/v2\/posts\/271990","targetHints":{"allow":["GET"]}}],"collection":[{"href":"https:\/\/www.europesays.com\/fr\/wp-json\/wp\/v2\/posts"}],"about":[{"href":"https:\/\/www.europesays.com\/fr\/wp-json\/wp\/v2\/types\/post"}],"author":[{"embeddable":true,"href":"https:\/\/www.europesays.com\/fr\/wp-json\/wp\/v2\/users\/2"}],"replies":[{"embeddable":true,"href":"https:\/\/www.europesays.com\/fr\/wp-json\/wp\/v2\/comments?post=271990"}],"version-history":[{"count":0,"href":"https:\/\/www.europesays.com\/fr\/wp-json\/wp\/v2\/posts\/271990\/revisions"}],"wp:featuredmedia":[{"embeddable":true,"href":"https:\/\/www.europesays.com\/fr\/wp-json\/wp\/v2\/media\/271991"}],"wp:attachment":[{"href":"https:\/\/www.europesays.com\/fr\/wp-json\/wp\/v2\/media?parent=271990"}],"wp:term":[{"taxonomy":"category","embeddable":true,"href":"https:\/\/www.europesays.com\/fr\/wp-json\/wp\/v2\/categories?post=271990"},{"taxonomy":"post_tag","embeddable":true,"href":"https:\/\/www.europesays.com\/fr\/wp-json\/wp\/v2\/tags?post=271990"}],"curies":[{"name":"wp","href":"https:\/\/api.w.org\/{rel}","templated":true}]}}