{"id":271992,"date":"2025-07-25T04:40:10","date_gmt":"2025-07-25T04:40:10","guid":{"rendered":"https:\/\/www.europesays.com\/fr\/271992\/"},"modified":"2025-07-25T04:40:10","modified_gmt":"2025-07-25T04:40:10","slug":"en-direct-guerre-en-ukraine-kiev-et-moscou-continuent-leurs-attaques-2-jours-apres-les-negociations-a-istanbul","status":"publish","type":"post","link":"https:\/\/www.europesays.com\/fr\/271992\/","title":{"rendered":"EN DIRECT &#8211; Guerre en Ukraine : Kiev et Moscou continuent leurs attaques, 2 jours apr\u00e8s les n\u00e9gociations \u00e0 Istanbul"},"content":{"rendered":"<ul class=\"jsx-862013697 ArticleChapo__List\">\n<li class=\"jsx-862013697 ArticleChapo__List_Item flex\">Jeudi, 5 personnes ont \u00e9t\u00e9 tu\u00e9es et des dizaines d&rsquo;autres bless\u00e9es dans des frappes russes en Ukraine.<\/li>\n<li class=\"jsx-862013697 ArticleChapo__List_Item flex\">En Russie, des attaques nocturnes de drones ukrainiens ont fait au moins 2 morts et 11 bless\u00e9s \u00e0 Sotchi.<\/li>\n<li class=\"jsx-862013697 ArticleChapo__List_Item flex\">Suivez les derni\u00e8res informations.<\/li>\n<\/ul>\n<p><a href=\"https:\/\/www.tf1info.fr\/actualite\/invasion-de-l-ukraine-par-la-russie-une-guerre-qui-dure-12951\/\" rel=\"noopener\" class=\"jsx-484472199 Link jsx-1428418400 jsx-554215408\" target=\"_blank\"><\/p>\n<p style=\"font-weight:400\" class=\"jsx-1837267516\">Suivez la couverture compl\u00e8te<\/p>\n<p style=\"font-weight:800\" class=\"jsx-1837267516\">Ukraine : 4\u1d49 ann\u00e9e de guerre<\/p>\n<p><\/a><\/p>\n<p data-module=\"article-paragraph\" class=\"jsx-3046738180 Paragraph\">Deux personnes ont perdu la vie et 14 autres ont \u00e9t\u00e9 bless\u00e9es en Ukraine, jeudi 24 juillet, \u00e0 Kostiantynivka, a d\u00e9clar\u00e9 le gouverneur de la r\u00e9gion orientale de Donetsk, pr\u00e9cisant que \u00ab\u00a0les Russes ont largu\u00e9 quatre bombes sur la ville et l&rsquo;ont bombard\u00e9e avec de l&rsquo;artillerie\u00a0\u00bb. Il a par ailleurs annonc\u00e9 le d\u00e9but de l&rsquo;\u00e9vacuation forc\u00e9e des familles avec enfants de la cit\u00e9 de Dobropillia et de neuf autres localit\u00e9s situ\u00e9es pr\u00e8s du front, o\u00f9 les troupes russes continuent de grignoter du terrain.<\/p>\n<p data-module=\"article-paragraph\" class=\"jsx-3046738180 Paragraph Paragraph__End\">Auparavant, dans la nuit, une frappe russe sur un village pr\u00e8s d&rsquo;Izioum (nord-est) avait caus\u00e9 la mort d&rsquo;un couple et de son fils de 36 ans \u00e0 leur domicile, a fait savoir le parquet de la r\u00e9gion de Kharkiv, dans laquelle se trouve la localit\u00e9. Cette famille avait fui son village pris par les forces russes au d\u00e9but de l&rsquo;invasion de l&rsquo;Ukraine en 2022 et repris plus tard par l&rsquo;arm\u00e9e ukrainienne, pour se r\u00e9fugier dans celui de Pidlyman o\u00f9 elle a p\u00e9ri, a-t-il ajout\u00e9.<\/p>\n<p>Minute par minute<\/p>\n<p data-module=\"article-paragraph\" class=\"jsx-3046738180 Paragraph\">En Russie, des attaques nocturnes de drones ukrainiens ont fait au moins deux morts et onze bless\u00e9s \u00e0 Sotchi, une cit\u00e9 baln\u00e9aire tr\u00e8s fr\u00e9quent\u00e9e du sud-ouest de la Russie, ont annonc\u00e9 jeudi les autorit\u00e9s. Le gouverneur de la r\u00e9gion de Krasnodar, o\u00f9 se trouve cette ville, a d\u00e9clar\u00e9 sur Telegram que deux femmes avaient p\u00e9ri dans la chute de d\u00e9bris d&rsquo;un drone abattu au-dessus du quartier d&rsquo;Adler.<\/p>\n<p data-module=\"article-paragraph\" class=\"jsx-3046738180 Paragraph Paragraph__End\">Le pr\u00e9sident ukrainien, Volodymyr Zelensky, <a href=\"https:\/\/www.tf1info.fr\/international\/loi-anticorruption-en-ukraine-fragilise-par-des-manifestations-inedites-volodymyr-zelensky-retropedale-2384882.html\" target=\"_blank\" rel=\"noopener\">a annonc\u00e9 jeudi proposer un nouveau projet de loi<\/a> pour assurer \u00ab\u00a0l&rsquo;ind\u00e9pendance\u00a0\u00bb des structures anticorruption, \u00e0 la suite du toll\u00e9 suscit\u00e9 par le vote d&rsquo;une mesure r\u00e9duisant leur autonomie. Cette annonce est intervenue deux jours apr\u00e8s le vote par le Parlement d&rsquo;une nouvelle loi qui a plac\u00e9 le Bureau national anticorruption (Nabu) et le parquet sp\u00e9cialis\u00e9 anticorruption (SAP) sous l&rsquo;autorit\u00e9 directe du procureur g\u00e9n\u00e9ral, nomm\u00e9 quant \u00e0 lui par le pr\u00e9sident.<\/p>\n<p>La r\u00e9daction de TF1info<\/p>\n","protected":false},"excerpt":{"rendered":"Jeudi, 5 personnes ont \u00e9t\u00e9 tu\u00e9es et des dizaines d&rsquo;autres bless\u00e9es dans des frappes russes en Ukraine. En&hellip;\n","protected":false},"author":2,"featured_media":271993,"comment_status":"","ping_status":"","sticky":false,"template":"","format":"standard","meta":{"footnotes":""},"categories":[1590],"tags":[1111,11,1921,1777,674,28083,1922,12,132,220,1917,133,1920,135,134],"class_list":{"0":"post-271992","1":"post","2":"type-post","3":"status-publish","4":"format-standard","5":"has-post-thumbnail","7":"category-ukraine","8":"tag-actu","9":"tag-actualites","10":"tag-article-video","11":"tag-eu","12":"tag-europe","13":"tag-guerre-en-ukraine-une-treve-sera-t-elle-possible","14":"tag-info","15":"tag-news","16":"tag-russie","17":"tag-ukraine","18":"tag-ukraine-4-annee-de-guerre","19":"tag-video","20":"tag-video-international","21":"tag-vladimir-poutine","22":"tag-volodymyr-zelensky"},"share_on_mastodon":{"url":"https:\/\/pubeurope.com\/@fr\/114912036378928364","error":""},"_links":{"self":[{"href":"https:\/\/www.europesays.com\/fr\/wp-json\/wp\/v2\/posts\/271992","targetHints":{"allow":["GET"]}}],"collection":[{"href":"https:\/\/www.europesays.com\/fr\/wp-json\/wp\/v2\/posts"}],"about":[{"href":"https:\/\/www.europesays.com\/fr\/wp-json\/wp\/v2\/types\/post"}],"author":[{"embeddable":true,"href":"https:\/\/www.europesays.com\/fr\/wp-json\/wp\/v2\/users\/2"}],"replies":[{"embeddable":true,"href":"https:\/\/www.europesays.com\/fr\/wp-json\/wp\/v2\/comments?post=271992"}],"version-history":[{"count":0,"href":"https:\/\/www.europesays.com\/fr\/wp-json\/wp\/v2\/posts\/271992\/revisions"}],"wp:featuredmedia":[{"embeddable":true,"href":"https:\/\/www.europesays.com\/fr\/wp-json\/wp\/v2\/media\/271993"}],"wp:attachment":[{"href":"https:\/\/www.europesays.com\/fr\/wp-json\/wp\/v2\/media?parent=271992"}],"wp:term":[{"taxonomy":"category","embeddable":true,"href":"https:\/\/www.europesays.com\/fr\/wp-json\/wp\/v2\/categories?post=271992"},{"taxonomy":"post_tag","embeddable":true,"href":"https:\/\/www.europesays.com\/fr\/wp-json\/wp\/v2\/tags?post=271992"}],"curies":[{"name":"wp","href":"https:\/\/api.w.org\/{rel}","templated":true}]}}