{"id":271994,"date":"2025-07-25T04:41:17","date_gmt":"2025-07-25T04:41:17","guid":{"rendered":"https:\/\/www.europesays.com\/fr\/271994\/"},"modified":"2025-07-25T04:41:17","modified_gmt":"2025-07-25T04:41:17","slug":"guerre-commerciale-dominic-leblanc-encourage-apres-sa-rencontre-avec-howard-lutnick","status":"publish","type":"post","link":"https:\/\/www.europesays.com\/fr\/271994\/","title":{"rendered":"Guerre commerciale | Dominic LeBlanc \u00ab\u00a0encourag\u00e9\u00a0\u00bb apr\u00e8s sa rencontre avec Howard Lutnick"},"content":{"rendered":"<p class=\"lead textModule textModule--type-lead \" style=\"\">(Washington) Le ministre responsable du Commerce Canada\u2013\u00c9tats-Unis, Dominic LeBlanc, s\u2019est dit \u00ab\u00a0encourag\u00e9\u00a0\u00bb apr\u00e8s sa rencontre jeudi avec le secr\u00e9taire au Commerce des \u00c9tats-Unis, Howard Lutnick, et des l\u00e9gislateurs am\u00e9ricains \u00e0 Washington, D.C., avant la date limite pour l\u2019imposition des droits de douane fix\u00e9e \u00e0 la semaine prochaine. <\/p>\n<p>                    Publi\u00e9 hier \u00e0 17\u00a0h\u00a029<\/p>\n<p>    <a class=\"print\" href=\"https:\/\/www.lapresse.ca\/actualites\/politique\/2025-07-24\/guerre-commerciale\/javascript:window.print();\" title=\"Imprimer la page\" rel=\"nofollow noopener\" target=\"_blank\"><\/p>\n<p>        <img loading=\"lazy\" decoding=\"async\" width=\"16\" height=\"18\" src=\"https:\/\/www.europesays.com\/fr\/wp-content\/uploads\/2025\/04\/share-icon.png\" alt=\"Partager\"\/><\/p>\n<p>\n                                    Kelly Geraldine Malone<\/p>\n<p>                                                    La Presse Canadienne<\/p>\n<p class=\"paragraph textModule textModule--type-paragraph \" style=\"\">Dominic LeBlanc a toutefois indiqu\u00e9 qu\u2019un nouvel accord \u00e9conomique et de s\u00e9curit\u00e9 pourrait ne pas se concr\u00e9tiser d\u2019ici la derni\u00e8re \u00e9ch\u00e9ance fix\u00e9e par le pr\u00e9sident am\u00e9ricain Donald Trump. <\/p>\n<p class=\"paragraph textModule textModule--type-paragraph \" style=\"\">\u00ab\u00a0Les Canadiens s\u2019attendent \u00e0 ce que nous prenions le temps n\u00e9cessaire pour obtenir le meilleur accord possible dans l\u2019int\u00e9r\u00eat des travailleurs canadiens\u00a0\u00bb, a soulign\u00e9 M.\u00a0LeBlanc devant l\u2019immeuble Dirksen du S\u00e9nat. <\/p>\n<p class=\"paragraph textModule textModule--type-paragraph \" style=\"\">\u00ab\u00a0Nous ne serons donc en mesure d\u2019accepter un accord que lorsque le premier ministre d\u00e9cidera qu\u2019il s\u2019agit du meilleur accord possible dans l\u2019int\u00e9r\u00eat des travailleurs et de l\u2019\u00e9conomie canadiens\u00a0\u00bb, a-t-il ajout\u00e9. <\/p>\n<p class=\"epigraph textModule textModule--type-epigraph \" style=\"\">Le pr\u00e9sident am\u00e9ricain, Donald Trump, a envoy\u00e9 des lettres \u00e0 plusieurs pays, dont le Canada, indiquant que, si aucun accord n\u2019est conclu d\u2019ici le 1er\u00a0ao\u00fbt, il imposera des droits de douane \u00e9lev\u00e9s sur les importations aux \u00c9tats-Unis. <\/p>\n<p class=\"paragraph textModule textModule--type-paragraph \" style=\"\">Dans sa lettre au premier ministre Mark Carney, Donald Trump a menac\u00e9 le Canada de droits de douane de 35\u00a0%, mais la Maison-Blanche a affirm\u00e9 que ces taxes ne s\u2019appliqueraient pas aux importations conformes \u00e0 l\u2019Accord commercial Canada-\u00c9tats-Unis-Mexique. <\/p>\n<p>                                        <img decoding=\"async\" src=\"https:\/\/www.europesays.com\/fr\/wp-content\/uploads\/2025\/07\/5831d90ab7683abf94358b60b54f88c3.jpg\" alt=\"\" class=\"photoModule__visual\" itemprop=\"contentUrl url\"\/><\/p>\n<p class=\"credit photoModule__caption photoModule__caption--credit\" style=\"\">\n                    PHOTO SPENCER COLBY, ARCHIVES LA PRESSE CANADIENNE\n                <\/p>\n<p class=\"description photoModule__caption photoModule__caption--description\" style=\"\">\n                    Le premier ministre du Canada, Mark Carney\n                <\/p>\n<p class=\"paragraph textModule textModule--type-paragraph \" style=\"\">Le Canada est \u00e9galement touch\u00e9 par les droits de douane impos\u00e9s par le pr\u00e9sident am\u00e9ricain sur l\u2019acier, l\u2019aluminium et les automobiles, et sera aussi touch\u00e9 par les droits de douane sur le cuivre, qui devraient \u00e9galement entrer en vigueur le 1er\u00a0ao\u00fbt. <\/p>\n<p class=\"paragraph textModule textModule--type-paragraph \" style=\"\">Seuls quelques accords-cadres commerciaux ont \u00e9t\u00e9 annonc\u00e9s depuis que Donald Trump a menac\u00e9 pour la premi\u00e8re fois d\u2019imposer ses droits de douane dits du \u00ab\u00a0Jour de la Lib\u00e9ration\u00a0\u00bb en avril.\u00a0\u00a0<\/p>\n<p class=\"paragraph textModule textModule--type-paragraph \" style=\"\">Le pr\u00e9sident a mentionn\u00e9 cette semaine que son administration avait conclu des accords avec le Japon et les Philippines, s\u2019ajoutant aux accords pr\u00e9c\u00e9dents avec l\u2019Indon\u00e9sie, le Vietnam et le Royaume-Uni. <\/p>\n<p class=\"paragraph textModule textModule--type-paragraph \" style=\"\">De nombreux d\u00e9tails de ces accords restent flous, mais tous pr\u00e9voient un certain niveau de droits de douane, et il n\u2019est pas certain que ces accords prot\u00e8gent les pays contre le projet de Donald Trump d\u2019imposer de nouveaux droits de douane sectoriels sur des produits comme les semi-conducteurs et le bois d\u2019\u0153uvre. <\/p>\n<p>                    Une rencontre productive<\/p>\n<p class=\"paragraph textModule textModule--type-paragraph \" style=\"\">Selon M.\u00a0LeBlanc, des \u00ab\u00a0n\u00e9gociations complexes\u00a0\u00bb se poursuivaient entre le Canada et les \u00c9tats-Unis. Il a annonc\u00e9 qu\u2019il retournera \u00e0 Washington la semaine prochaine. <\/p>\n<p class=\"paragraph textModule textModule--type-paragraph \" style=\"\">M.\u00a0LeBlanc a qualifi\u00e9 sa rencontre avec M.\u00a0Lutnick de productive et cordiale. Le ministre, accompagn\u00e9 de l\u2019ambassadrice du Canada aux \u00c9tats-Unis, Kirsten Hillman, a \u00e9galement rencontr\u00e9 les s\u00e9nateurs r\u00e9publicains Kevin Cramer, Roger Marshall, Shelley Moore Capito, Todd Young et Tim Scott. <\/p>\n<p>                                        <img decoding=\"async\" src=\"https:\/\/www.europesays.com\/fr\/wp-content\/uploads\/2025\/07\/210f7a98591c30e493e8a788bbfe382e.jpg\" alt=\"\" class=\"photoModule__visual\" itemprop=\"contentUrl url\"\/><\/p>\n<p class=\"credit photoModule__caption photoModule__caption--credit\" style=\"\">\n                    PHOTO TOBY MELVILLE, ARCHIVES REUTERS\n                <\/p>\n<p class=\"description photoModule__caption photoModule__caption--description\" style=\"\">\n                    Le secr\u00e9taire au Commerce des \u00c9tats-Unis, Howard Lutnick\n                <\/p>\n<p class=\"paragraph textModule textModule--type-paragraph \" style=\"\">M.\u00a0LeBlanc a indiqu\u00e9 qu\u2019ils avaient discut\u00e9 de questions de s\u00e9curit\u00e9 et de d\u00e9fense frontali\u00e8res et que les l\u00e9gislateurs am\u00e9ricains partageaient le souhait de voir davantage de stabilit\u00e9 et de pr\u00e9visibilit\u00e9 dans les relations avec les \u00c9tats-Unis. <\/p>\n<p class=\"paragraph textModule textModule--type-paragraph \" style=\"\">\u00ab\u00a0Mes conversations ont port\u00e9 sur le fait que nous partageons de nombreuses priorit\u00e9s de l\u2019administration Trump, ce qui devrait nous permettre de conclure ensemble un accord qui est dans l\u2019int\u00e9r\u00eat sup\u00e9rieur des travailleurs canadiens. De toute \u00e9vidence, ils d\u00e9fendront leurs int\u00e9r\u00eats en mati\u00e8re d\u2019\u00e9conomie et de travailleurs am\u00e9ricains\u00a0\u00bb, a-t-il mentionn\u00e9. <\/p>\n<p class=\"paragraph textModule textModule--type-paragraph \" style=\"\">Les responsables f\u00e9d\u00e9raux sont rest\u00e9s discrets sur les attentes de l\u2019\u00e9quipe de Donald Trump envers le Canada. <\/p>\n<p class=\"epigraph textModule textModule--type-epigraph \" style=\"\">Apr\u00e8s l\u2019annonce des accords commerciaux de cette semaine, Donald Trump s\u2019est vant\u00e9 sur les m\u00e9dias sociaux, affirmant qu\u2019il n\u2019envisagerait de r\u00e9duire les droits de douane que si les pays ouvraient leurs march\u00e9s aux \u00c9tats-Unis.\u00a0\u00a0<\/p>\n<p class=\"paragraph textModule textModule--type-paragraph \" style=\"\">Le pr\u00e9sident a aussi avanc\u00e9 que le Japon investirait 550\u00a0milliards aux \u00c9tats-Unis \u00ab\u00a0selon mes instructions\u00a0\u00bb. <\/p>\n<p class=\"paragraph textModule textModule--type-paragraph \" style=\"\">Lorsque Donald Trump a pour la premi\u00e8re fois intimid\u00e9 le Canada au sujet des droits de douane, affirmant qu\u2019ils \u00e9taient li\u00e9s au trafic de fentanyl mortel, Ottawa a r\u00e9agi en renfor\u00e7ant son plan frontalier et en nommant un \u00ab\u00a0tsar du fentanyl\u00a0\u00bb. <\/p>\n<p class=\"paragraph textModule textModule--type-paragraph \" style=\"\">Ottawa a r\u00e9duit sa taxe sur les services num\u00e9riques le mois dernier apr\u00e8s que Donald Trump a menac\u00e9 de suspendre toutes les n\u00e9gociations commerciales.\u00a0\u00a0<\/p>\n<p class=\"paragraph textModule textModule--type-paragraph \" style=\"\">Mark Carney a annonc\u00e9 la semaine derni\u00e8re des mesures visant \u00e0 mettre fin au dumping d\u2019acier chinois au Canada. <\/p>\n<p class=\"paragraph textModule textModule--type-paragraph \" style=\"\">Selon Mme\u00a0Hillman, ces efforts aident le Canada dans ses n\u00e9gociations en cours. <\/p>\n<p class=\"paragraph textModule textModule--type-paragraph \" style=\"\">\u00ab\u00a0Lors de nos discussions avec les s\u00e9nateurs am\u00e9ricains cette semaine, l\u2019administration am\u00e9ricaine a constat\u00e9 que les mesures prises par le Canada concernant l\u2019acier en particulier [\u2026] sont parmi les plus fortes au monde, a-t-elle affirm\u00e9. Et cela a \u00e9t\u00e9 reconnu et tr\u00e8s appr\u00e9ci\u00e9. Nous r\u00e9alisons donc des progr\u00e8s positifs.\u00a0\u00bb <\/p>\n<p class=\"paragraph textModule textModule--type-paragraph \" style=\"\">La s\u00e9natrice de l\u2019Alaska, Lisa Murkowski, s\u2019est jointe \u00e0 un groupe bipartisan de l\u00e9gislateurs am\u00e9ricains \u00e0 Ottawa la semaine derni\u00e8re. La r\u00e9publicaine a d\u00e9clar\u00e9 jeudi que \u00ab\u00a0nous aimerions tous am\u00e9liorer nos relations commerciales avec le Canada\u00a0\u00bb, mais elle restait sceptique quant \u00e0 une possible am\u00e9lioration avant le 1er\u00a0ao\u00fbt. <\/p>\n<p class=\"paragraph textModule textModule--type-paragraph \" style=\"\">Le Canada ne peut \u00eatre trait\u00e9 comme \u00ab\u00a0un pays de plus sur lequel nous devons r\u00e9concilier les droits de douane\u00a0\u00bb en raison de pr\u00e9occupations \u00e9conomiques et de s\u00e9curit\u00e9 nationale communes, a-t-elle soulign\u00e9. <\/p>\n<p class=\"paragraph textModule textModule--type-paragraph \" style=\"\">\u00ab\u00a0J\u2019aimerais pouvoir dire que tout sera r\u00e9gl\u00e9 avant le 1er\u00a0ao\u00fbt, mais je n\u2019ai pas l\u2019impression que c\u2019est le cas\u00a0\u00bb, a-t-elle pr\u00e9cis\u00e9. <\/p>\n","protected":false},"excerpt":{"rendered":"(Washington) Le ministre responsable du Commerce Canada\u2013\u00c9tats-Unis, Dominic LeBlanc, s\u2019est dit \u00ab\u00a0encourag\u00e9\u00a0\u00bb apr\u00e8s sa rencontre jeudi avec le&hellip;\n","protected":false},"author":2,"featured_media":271995,"comment_status":"","ping_status":"","sticky":false,"template":"","format":"standard","meta":{"footnotes":""},"categories":[1589],"tags":[11,73,1866,12,1864,1865,1863,308],"class_list":{"0":"post-271994","1":"post","2":"type-post","3":"status-publish","4":"format-standard","5":"has-post-thumbnail","7":"category-etats-unis","8":"tag-actualites","9":"tag-etats-unis","10":"tag-etats-unis-damerique","11":"tag-news","12":"tag-united-states","13":"tag-united-states-of-america","14":"tag-us","15":"tag-usa"},"share_on_mastodon":{"url":"https:\/\/pubeurope.com\/@fr\/114912040352091988","error":""},"_links":{"self":[{"href":"https:\/\/www.europesays.com\/fr\/wp-json\/wp\/v2\/posts\/271994","targetHints":{"allow":["GET"]}}],"collection":[{"href":"https:\/\/www.europesays.com\/fr\/wp-json\/wp\/v2\/posts"}],"about":[{"href":"https:\/\/www.europesays.com\/fr\/wp-json\/wp\/v2\/types\/post"}],"author":[{"embeddable":true,"href":"https:\/\/www.europesays.com\/fr\/wp-json\/wp\/v2\/users\/2"}],"replies":[{"embeddable":true,"href":"https:\/\/www.europesays.com\/fr\/wp-json\/wp\/v2\/comments?post=271994"}],"version-history":[{"count":0,"href":"https:\/\/www.europesays.com\/fr\/wp-json\/wp\/v2\/posts\/271994\/revisions"}],"wp:featuredmedia":[{"embeddable":true,"href":"https:\/\/www.europesays.com\/fr\/wp-json\/wp\/v2\/media\/271995"}],"wp:attachment":[{"href":"https:\/\/www.europesays.com\/fr\/wp-json\/wp\/v2\/media?parent=271994"}],"wp:term":[{"taxonomy":"category","embeddable":true,"href":"https:\/\/www.europesays.com\/fr\/wp-json\/wp\/v2\/categories?post=271994"},{"taxonomy":"post_tag","embeddable":true,"href":"https:\/\/www.europesays.com\/fr\/wp-json\/wp\/v2\/tags?post=271994"}],"curies":[{"name":"wp","href":"https:\/\/api.w.org\/{rel}","templated":true}]}}