{"id":27200,"date":"2025-04-15T18:31:42","date_gmt":"2025-04-15T18:31:42","guid":{"rendered":"https:\/\/www.europesays.com\/fr\/27200\/"},"modified":"2025-04-15T18:31:42","modified_gmt":"2025-04-15T18:31:42","slug":"grenoble-un-nouveau-restaurant-ouvre-ce-mercredi-au-centre-commercial-neyrpic","status":"publish","type":"post","link":"https:\/\/www.europesays.com\/fr\/27200\/","title":{"rendered":"Grenoble. Un nouveau restaurant ouvre ce mercredi au centre commercial Neyrpic"},"content":{"rendered":"<p>            Par<br \/>\n        <strong><br \/>\n            <a href=\"https:\/\/actu.fr\/auteur\/lisa-rodrigues\" title=\"Consulter tous les articles de Lisa Rodrigues\" target=\"_blank\" rel=\"noopener\">Lisa Rodrigues<\/a><br \/>\n        <\/strong><\/p>\n<p>        Publi\u00e9 le<\/p>\n<p>            15 avr. 2025 \u00e0 17h40        <\/p>\n<p>Le p\u00f4le restauration du centre commercial Neyrpic, \u00e0 Saint-Martin-d\u2019H\u00e8res pr\u00e8s de <a href=\"https:\/\/actu.fr\/auvergne-rhone-alpes\/grenoble_38185\" target=\"_blank\" rel=\"noopener\">Grenoble<\/a>, s\u2019agrandit.<\/p>\n<p class=\" wall-content\">Un nouvel arrivant ouvre ses portes, mercredi 16 avril. Une cha\u00eene de fast-food sp\u00e9cialis\u00e9e dans la viande y inaugure sa 4e adresse en Is\u00e8re.<\/p>\n<p>Le paradis des viandards<\/p>\n<p class=\" wall-content\">Il s\u2019agit de Brut Butcher, d\u00e9j\u00e0 pr\u00e9sent \u00e0 <a href=\"https:\/\/actu.fr\/auvergne-rhone-alpes\/saint-egreve_38382\" target=\"_blank\" rel=\"noopener\">Saint-\u00c9gr\u00e8ve<\/a>, \u00c9chirolles, ou \u00e0 Salaise-sur-Sanne. Le restaurant est <strong>sp\u00e9cialis\u00e9 dans la viande<\/strong> sous toutes ses formes : burgers, steaks ou sandwichs toast\u00e9s sont au menu.\u00a0<\/p>\n<p class=\" wall-content\">Ce \u00ab\u00a0fast-food du boucher\u00a0\u00bb promet d\u2019\u00eatre rapidement servi, <strong>du lundi au dimanche<\/strong> (midi et soir), tout en d\u00e9gustant \u00ab\u00a0des produits frais et made in France\u00a0\u00bb pour plus de 90% de ses produits, annonce la marque dans un communiqu\u00e9.<\/p>\n<p>Vid\u00e9os : en ce moment sur Actu\u00c0 proximit\u00e9 de l\u2019universit\u00e9<\/p>\n<p class=\" wall-content\">Le restaurant sera implant\u00e9 au premier \u00e9tage du centre commercial, c\u00f4t\u00e9 avenue Beno\u00eet-Frachon \u00ab\u00a0\u00e0 5 minutes de l\u2019<a href=\"https:\/\/actu.fr\/tag\/universite-grenoble-alpes\" target=\"_blank\" rel=\"noopener\">Universit\u00e9 Grenoble Alpes<\/a> et de la rocade sud\u00a0\u00bb, pr\u00e9cise Brut Butcher.<\/p>\n<p class=\" wall-content\">L\u2019enseigne poursuit ainsi son implantation en France et compte d\u00e9sormais <strong>17 restaurants<\/strong> sur le territoire, dont une majorit\u00e9 en Auvergne-Rh\u00f4ne-Alpes.<\/p>\n<p class=\" wall-content\">Suivez toute l\u2019actualit\u00e9 de vos villes et m\u00e9dias favoris en vous inscrivant \u00e0 <a href=\"https:\/\/moncompte.actu.fr\" title=\"D\u00e9couvez Mon Actu\" rel=\"nofollow noopener\" data-trk=\"{&quot;cta&quot;:{&quot;action&quot;:&quot;https:\\\/\\\/moncompte.actu.fr&quot;,&quot;category&quot;:&quot;mon compte&quot;,&quot;from&quot;:&quot;article footer&quot;,&quot;name&quot;:&quot;Mon actu&quot;,&quot;type&quot;:&quot;cta&quot;}}\" target=\"_blank\">Mon Actu<\/a>.<\/p>\n","protected":false},"excerpt":{"rendered":"Par Lisa Rodrigues Publi\u00e9 le 15 avr. 2025 \u00e0 17h40 Le p\u00f4le restauration du centre commercial Neyrpic, \u00e0&hellip;\n","protected":false},"author":2,"featured_media":27201,"comment_status":"","ping_status":"","sticky":false,"template":"","format":"standard","meta":{"footnotes":""},"categories":[9566],"tags":[1111,11,2430,9577,215,33,1777,674,1011,27,2731,12,25,1340,216],"class_list":{"0":"post-27200","1":"post","2":"type-post","3":"status-publish","4":"format-standard","5":"has-post-thumbnail","7":"category-grenoble","8":"tag-actu","9":"tag-actualites","10":"tag-auvergne-rhone-alpes","11":"tag-centre-commercial-neyrpic","12":"tag-commerce","13":"tag-economie","14":"tag-eu","15":"tag-europe","16":"tag-fr","17":"tag-france","18":"tag-grenoble","19":"tag-news","20":"tag-republique-francaise","21":"tag-restaurant","22":"tag-vie-des-entreprises"},"share_on_mastodon":{"url":"https:\/\/pubeurope.com\/@fr\/114343410883146415","error":""},"_links":{"self":[{"href":"https:\/\/www.europesays.com\/fr\/wp-json\/wp\/v2\/posts\/27200","targetHints":{"allow":["GET"]}}],"collection":[{"href":"https:\/\/www.europesays.com\/fr\/wp-json\/wp\/v2\/posts"}],"about":[{"href":"https:\/\/www.europesays.com\/fr\/wp-json\/wp\/v2\/types\/post"}],"author":[{"embeddable":true,"href":"https:\/\/www.europesays.com\/fr\/wp-json\/wp\/v2\/users\/2"}],"replies":[{"embeddable":true,"href":"https:\/\/www.europesays.com\/fr\/wp-json\/wp\/v2\/comments?post=27200"}],"version-history":[{"count":0,"href":"https:\/\/www.europesays.com\/fr\/wp-json\/wp\/v2\/posts\/27200\/revisions"}],"wp:featuredmedia":[{"embeddable":true,"href":"https:\/\/www.europesays.com\/fr\/wp-json\/wp\/v2\/media\/27201"}],"wp:attachment":[{"href":"https:\/\/www.europesays.com\/fr\/wp-json\/wp\/v2\/media?parent=27200"}],"wp:term":[{"taxonomy":"category","embeddable":true,"href":"https:\/\/www.europesays.com\/fr\/wp-json\/wp\/v2\/categories?post=27200"},{"taxonomy":"post_tag","embeddable":true,"href":"https:\/\/www.europesays.com\/fr\/wp-json\/wp\/v2\/tags?post=27200"}],"curies":[{"name":"wp","href":"https:\/\/api.w.org\/{rel}","templated":true}]}}