{"id":272021,"date":"2025-07-25T04:58:10","date_gmt":"2025-07-25T04:58:10","guid":{"rendered":"https:\/\/www.europesays.com\/fr\/272021\/"},"modified":"2025-07-25T04:58:10","modified_gmt":"2025-07-25T04:58:10","slug":"saviez-vous-quemma-watson-la-meilleure-amie-dharry-potter-a-vecu-dans-les-yvelines","status":"publish","type":"post","link":"https:\/\/www.europesays.com\/fr\/272021\/","title":{"rendered":"Saviez-vous qu\u2019Emma Watson, la meilleure amie d\u2019Harry Potter, a v\u00e9cu dans les Yvelines\u00a0?"},"content":{"rendered":"<p>            Par<br \/>\n        <strong><br \/>\n            <a href=\"https:\/\/actu.fr\/auteur\/maxime-pimont\" title=\"Consulter tous les articles de Maxime Pimont\" rel=\"nofollow noopener\" target=\"_blank\">Maxime Pimont<\/a><br \/>\n        <\/strong><\/p>\n<p>        Publi\u00e9 le<\/p>\n<p>            24 juil. 2025 \u00e0 20h16        <\/p>\n<p>Tout le monde, ou presque, conna\u00eet la <a href=\"https:\/\/actu.fr\/ile-de-france\/les-clayes-sous-bois_78165\/deux-acteurs-de-la-saga-harry-potter-attendus-aux-clayes-sous-bois_59631548.html\" rel=\"nofollow noopener\" target=\"_blank\">saga Harry Potter<\/a>. Que ce soit par les livres d\u2019abord, \u00e9crits par J.K. Rowling, ou les adaptations au cin\u00e9ma (de 2001 \u00e0 2011) qui ont fait exploser la renomm\u00e9e des sorciers de Poudlard. Mais saviez-vous qu\u2019<b>Hermione Granger <\/b>avait v\u00e9cu dans les <a href=\"https:\/\/actu.fr\/78actu\/\" rel=\"nofollow noopener\" target=\"_blank\">Yvelines<\/a>\u2009?<\/p>\n<p class=\" wall-content\">On ne parle bien s\u00fbr pas de la sorci\u00e8re, qui est un personnage de fiction, mais de son interpr\u00e8te, l\u2019Anglaise Emma Watson, n\u00e9e en 1990 \u00e0 Paris et fille d\u2019un couple d\u2019avocats\u2009: l\u2019Anglais Chris Watson et la Franco-Anglaise Jacqueline Luesby. La future Hermione a pass\u00e9 les <b>cinq premi\u00e8res ann\u00e9es<\/b> de sa vie \u00e0 <a href=\"https:\/\/actu.fr\/ile-de-france\/maisons-laffitte_78358\" rel=\"nofollow noopener\" target=\"_blank\">Maisons-Laffitte<\/a>.<\/p>\n<p>Deux ans \u00e0 l\u2019Ermitage<\/p>\n<p class=\" wall-content\">Elle y est m\u00eame all\u00e9e \u00e0 l\u2019\u00e9cole en petite et moyenne section, \u00e0 <a href=\"https:\/\/actu.fr\/ile-de-france\/maisons-laffitte_78358\/maisons-laffitte-extension-de-l-ecole-ermitage-des-craintes-unanimes-face-a-l-ampleur-du-projet_52532054.html\" rel=\"nofollow noopener\" target=\"_blank\">l\u2019Ermitage<\/a>. 78 actu a retrouv\u00e9 deux <b>anciennes enseignantes<\/b> de l\u2019\u00e9tablissement. Elles d\u00e9crivent une enfant tr\u00e8s discr\u00e8te.<\/p>\n<p class=\" wall-content\">\u00ab\u2009C\u2019\u00e9tait une petite fille anglaise qui ne parlait pas fran\u00e7ais, mais qui<b> <\/b>l\u2019apprenait\u2009\u00bb, raconte Marie-Christine Vermont, retrait\u00e9e aujourd\u2019hui. Elle se souvient parfaitement de cette<b> jeune \u00e9l\u00e8ve <\/b>qu\u2019elle a eue en moyenne section.<\/p>\n<blockquote class=\"ac-article-quote wall-content\">\n<p>\u00ab\u2009Elle \u00e9tait extr\u00eamement timide et r\u00e9serv\u00e9e, \u00e0 tel point qu\u2019elle ne pouvait pas aller \u00e0 la cantine avec tous les \u00e9l\u00e8ves.\u2009\u00bb<\/p>\n<p>Marie-Christine Vermont, ma\u00eetresse de maternelle d\u2019Emma Watson<\/p><\/blockquote>\n<p class=\" wall-content\">L\u2019enseignante poursuit\u2009: \u00ab\u2009Elle arrivait tous les jours avec son lunch box. Et comme moi j\u2019habitais loin, \u00e0 <a href=\"https:\/\/actu.fr\/ile-de-france\/saint-nom-la-breteche_78571\" rel=\"nofollow noopener\" target=\"_blank\">Saint-Nom-la-Bret\u00e8che<\/a>, je restais aussi manger. On a donc mang\u00e9 ensemble dans la salle de classe <b>tous les midis pendant un an<\/b>. C\u2019\u00e9tait sa maman qui me l\u2019avait demand\u00e9. C\u2019\u00e9tait plus r\u00e9confortant pour elle.\u2009\u00bb<\/p>\n<p>    <a href=\"https:\/\/www.youtube.com\/embed\/xs1MbavjhUA\" title=\"Ouvrie le lien\" rel=\"nofollow noopener\" target=\"_blank\">Cliquez ici pour visualiser le contenu<\/a><\/p>\n<p>Elle \u00e9tait \u00ab\u2009tr\u00e8s souriante\u2009\u00bb<\/p>\n<p class=\" wall-content\">Emma Watson, son fr\u00e8re Alexander, n\u00e9 lui en 1992, et ses parents r\u00e9sidaient <b>dans le parc<\/b>. Ils allaient \u00e0 <a href=\"https:\/\/actu.fr\/ile-de-france\/maisons-laffitte_78358\/yvelines-maisons-laffitte-holy-trinity-church-cent-ans-valent-bien-une-messe_36437273.html\" rel=\"nofollow noopener\" target=\"_blank\">l\u2019\u00c9glise anglicane Holy Trinity<\/a>, avenue Carnot.<\/p>\n<p class=\" wall-content\">\u00ab\u2009Ces parents, et sa m\u00e8re surtout puisque c\u2019est elle avec elle que j\u2019ai \u00e9chang\u00e9e principalement, \u00e9taient charmants. Sa m\u00e8re \u00e9tait tr\u00e8s gentille, discr\u00e8te, simple. Elle essayait toujours de <b>s\u2019int\u00e9grer<\/b> dans la vie de la classe\u2009\u00bb, se souvient encore Marie-Christine Vermont, qui a enseign\u00e9 pr\u00e8s de trente ans \u00e0 l\u2019Ermitage.<\/p>\n<p class=\" wall-content\">H\u00e9l\u00e8ne Bas, ma\u00eetresse de grande section, confirme. \u00ab\u2009Je mangeais dans la classe de ma coll\u00e8gue bien-aim\u00e9e Marie-Christine, avec de temps en temps mon fils Antoine, qui n\u2019aimait pas trop la cantine. La petite Emma Watson \u00e9tait dans sa classe en moyenne section. Elle \u00e9tait <b>tr\u00e8s discr\u00e8te<\/b>, mais aussi tr\u00e8s souriante\u2009\u00bb, se souvient l\u2019enseignante.<\/p>\n<p>\u00ab\u2009Quand la saga est sortie, je l\u2019ai tout de suite reconnu\u2009\u00bb<\/p>\n<p class=\" wall-content\">Une rencontre qui a en quelque sorte marqu\u00e9 la famille. \u00ab\u2009Mon fils \u00e9tait de la m\u00eame g\u00e9n\u00e9ration et il a \u00e9t\u00e9 embarqu\u00e9 dans l\u2019univers Harry Potter, d\u2019abord les livres, qu\u2019il a tous d\u00e9vor\u00e9s, puis dans les <b>films<\/b>, donc j\u2019ai suivi en m\u00eame temps que lui.\u2009\u00bb<\/p>\n<blockquote class=\"ac-article-quote wall-content\">\n<p>\u00ab\u2009Quand la saga est sortie, je l\u2019ai tout de suite reconnu. Le m\u00eame visage d\u2019enfant. Un visage qui m\u2019avait marqu\u00e9.\u2009\u00bb<\/p>\n<p>H\u00e9l\u00e8ne Bas, enseignante \u00e0 l\u2019Ermitage<\/p><\/blockquote>\n<p>\u00ab\u2009Une petite fiert\u00e9\u2009\u00bb<\/p>\n<p class=\" wall-content\">\u00ab\u2009C\u2019est quelque part une<b> <\/b>petite fiert\u00e9, qu\u2019on raconte de temps en temps, de l\u2019avoir connu jeune, m\u00eame si mon fils n\u2019a pas vraiment de <b>souvenir <\/b>pr\u00e9cis\u2009\u00bb, sourit H\u00e9l\u00e8ne Bas.<\/p>\n<p class=\" wall-content\">En 1995, les parents d\u2019Emma Watson se s\u00e9parent. Tout le monde rentre alors en Angleterre. Son p\u00e8re retourne \u00e0 Londres. La future Hermione et son fr\u00e8re suivent leur m\u00e8re dans le <b>comt\u00e9 d\u2019Oxford<\/b>. Six ans plus tard, la petite Emma deviendra une star.<\/p>\n<p class=\" wall-content\">Suivez toute l\u2019actualit\u00e9 de vos villes et m\u00e9dias favoris en vous inscrivant \u00e0 <a href=\"https:\/\/moncompte.actu.fr\" title=\"D\u00e9couvez Mon Actu\" rel=\"nofollow noopener\" data-trk=\"{&quot;cta&quot;:{&quot;action&quot;:&quot;https:\\\/\\\/moncompte.actu.fr&quot;,&quot;category&quot;:&quot;mon compte&quot;,&quot;from&quot;:&quot;article footer&quot;,&quot;name&quot;:&quot;Mon actu&quot;,&quot;type&quot;:&quot;cta&quot;}}\" target=\"_blank\">Mon Actu<\/a>.<\/p>\n<ul class=\"ac-article-tag wall-content\">\n<li><a href=\"https:\/\/actu.fr\/tag\/cinema\" data-trk=\"{&quot;cta&quot;:{&quot;action&quot;:&quot;Cin\\u00e9ma&quot;,&quot;category&quot;:&quot;tag&quot;,&quot;from&quot;:&quot;article footer&quot;,&quot;name&quot;:&quot;Cin\\u00e9ma&quot;,&quot;type&quot;:&quot;cta&quot;}}\" rel=\"nofollow noopener\" target=\"_blank\">#Cin\u00e9ma<\/a><\/li>\n<li><a href=\"https:\/\/actu.fr\/tag\/hippodrome-de-maisons-laffitte\" data-trk=\"{&quot;cta&quot;:{&quot;action&quot;:&quot;Hippodrome de Maisons-Laffitte&quot;,&quot;category&quot;:&quot;tag&quot;,&quot;from&quot;:&quot;article footer&quot;,&quot;name&quot;:&quot;Hippodrome de Maisons-Laffitte&quot;,&quot;type&quot;:&quot;cta&quot;}}\" rel=\"nofollow noopener\" target=\"_blank\">#Hippodrome de Maisons-Laffitte<\/a><\/li>\n<\/ul>\n","protected":false},"excerpt":{"rendered":"Par Maxime Pimont Publi\u00e9 le 24 juil. 2025 \u00e0 20h16 Tout le monde, ou presque, conna\u00eet la saga&hellip;\n","protected":false},"author":2,"featured_media":272022,"comment_status":"","ping_status":"","sticky":false,"template":"","format":"standard","meta":{"footnotes":""},"categories":[1359],"tags":[650,58,59,1011,27,41157,1757,973],"class_list":{"0":"post-272021","1":"post","2":"type-post","3":"status-publish","4":"format-standard","5":"has-post-thumbnail","7":"category-people","8":"tag-cinema","9":"tag-divertissement","10":"tag-entertainment","11":"tag-fr","12":"tag-france","13":"tag-hippodrome-de-maisons-laffitte","14":"tag-insolite","15":"tag-people"},"share_on_mastodon":{"url":"https:\/\/pubeurope.com\/@fr\/114912107081283746","error":""},"_links":{"self":[{"href":"https:\/\/www.europesays.com\/fr\/wp-json\/wp\/v2\/posts\/272021","targetHints":{"allow":["GET"]}}],"collection":[{"href":"https:\/\/www.europesays.com\/fr\/wp-json\/wp\/v2\/posts"}],"about":[{"href":"https:\/\/www.europesays.com\/fr\/wp-json\/wp\/v2\/types\/post"}],"author":[{"embeddable":true,"href":"https:\/\/www.europesays.com\/fr\/wp-json\/wp\/v2\/users\/2"}],"replies":[{"embeddable":true,"href":"https:\/\/www.europesays.com\/fr\/wp-json\/wp\/v2\/comments?post=272021"}],"version-history":[{"count":0,"href":"https:\/\/www.europesays.com\/fr\/wp-json\/wp\/v2\/posts\/272021\/revisions"}],"wp:featuredmedia":[{"embeddable":true,"href":"https:\/\/www.europesays.com\/fr\/wp-json\/wp\/v2\/media\/272022"}],"wp:attachment":[{"href":"https:\/\/www.europesays.com\/fr\/wp-json\/wp\/v2\/media?parent=272021"}],"wp:term":[{"taxonomy":"category","embeddable":true,"href":"https:\/\/www.europesays.com\/fr\/wp-json\/wp\/v2\/categories?post=272021"},{"taxonomy":"post_tag","embeddable":true,"href":"https:\/\/www.europesays.com\/fr\/wp-json\/wp\/v2\/tags?post=272021"}],"curies":[{"name":"wp","href":"https:\/\/api.w.org\/{rel}","templated":true}]}}