{"id":272023,"date":"2025-07-25T05:00:11","date_gmt":"2025-07-25T05:00:11","guid":{"rendered":"https:\/\/www.europesays.com\/fr\/272023\/"},"modified":"2025-07-25T05:00:11","modified_gmt":"2025-07-25T05:00:11","slug":"accidents-de-parcours-premier-roman-pour-jean-luc-delas-correspondant-de-midi-libre-a-sussargues","status":"publish","type":"post","link":"https:\/\/www.europesays.com\/fr\/272023\/","title":{"rendered":"\u00ab\u00a0Accidents de parcours\u00a0\u00bb, premier roman pour Jean-Luc Delas, correspondant de Midi Libre \u00e0 Sussargues"},"content":{"rendered":"<p>\n                                                                Parce qu\u2019il aime les mots et a le contact facile, Jean-Luc Delas est devenu correspondant de notre titre, mais comme \u00e7a ne lui suffisait pas, il a \u00e9crit un livre.\n                            <\/p>\n<p>Jean-Luc Delas aime \u00e9crire, mais peut-\u00eatre que ce qui le motive plus encore, \u00ab\u00a0c\u2019est l\u2019humain. j\u2019aime les mots et j\u2019ai le contact facile\u00a0\u00bb. C\u2019est pourquoi l\u2019activit\u00e9 de correspondant de Midi Libre, qu\u2019il exerce \u00e0 <a href=\"https:\/\/www.midilibre.fr\/herault\/sussargues\/\" target=\"_self\" rel=\"nofollow noopener\">Sussargues<\/a> depuis trois ans, lui va comme un gant. Mais entre relater l\u2019information locale dans la presse et laisser courir sa plume et son imagination sur un long format, il y a tout un univers qu\u2019il vient de franchir.<\/p>\n<p>Son premier livre \u00ab\u00a0Accidents de parcours\u00a0\u00bb, qu\u2019il vient d\u2019auto-\u00e9diter, n\u2019a pas pour cadre son village d\u2019adoption, mais le Cantal, d\u00e9partement qu\u2019il conna\u00eet bien. Son personnage principal Paul, est un jeune agriculteur qui doit composer avec un p\u00e8re autoritaire, et trouve dans une mobilisation d\u2019habitants contre un projet d\u2019\u00e9oliennes, de quoi exprimer sa personnalit\u00e9.<\/p>\n<p>Psychologie<\/p>\n<p>Paul se retrouve embarqu\u00e9 dans une rave-party qui tourne mal, et au centre d\u2019une enqu\u00eate de gendarmerie. \u00ab\u00a0Je connais bien le Cantal et j\u2019ai une grande affection pour ses habitants. Mon histoire ne pouvait se d\u00e9rouler que l\u00e0, au milieu de ces agriculteurs un peu rugueux, avec ces trentenaires qui sont attir\u00e9s par le dynamisme de territoires plus \u00e9loign\u00e9s, par les villes, mais d\u00e9cident quand m\u00eame de rester au pays. Je voulais que mon personnage sorte de sa zone de confort et se retrouve au milieu de ce teknival ill\u00e9gal, pour illustrer cette forme de tiraillement.\u00a0\u00bb\u00a0Paul, dans ses errements a pour confidente sa grand-m\u00e8re Tine, directement inspir\u00e9e de la m\u00e8re de Jean-Luc. Des personnages dont l\u2019auteur scrute la psychologie \u00e0 la loupe, ce qui devrait aussi \u00eatre le cas de son deuxi\u00e8me roman, en cours d\u2019\u00e9criture.<\/p>\n<p>\u00ab\u00a0Accidents de parcours\u00a0\u00bb est, notamment, en vente au tabac presse Le Havane, 2 route de Saint-Dr\u00e9z\u00e9ry \u00e0 Sussargues. Contact\u00a0: jldelas.34@gmail.com<\/p>\n","protected":false},"excerpt":{"rendered":"Parce qu\u2019il aime les mots et a le contact facile, Jean-Luc Delas est devenu correspondant de notre titre,&hellip;\n","protected":false},"author":2,"featured_media":272024,"comment_status":"","ping_status":"","sticky":false,"template":"","format":"standard","meta":{"footnotes":""},"categories":[1357],"tags":[1379,58,59,1011,27,1380],"class_list":{"0":"post-272023","1":"post","2":"type-post","3":"status-publish","4":"format-standard","5":"has-post-thumbnail","7":"category-livres","8":"tag-books","9":"tag-divertissement","10":"tag-entertainment","11":"tag-fr","12":"tag-france","13":"tag-livres"},"share_on_mastodon":{"url":"https:\/\/pubeurope.com\/@fr\/114912115016618347","error":""},"_links":{"self":[{"href":"https:\/\/www.europesays.com\/fr\/wp-json\/wp\/v2\/posts\/272023","targetHints":{"allow":["GET"]}}],"collection":[{"href":"https:\/\/www.europesays.com\/fr\/wp-json\/wp\/v2\/posts"}],"about":[{"href":"https:\/\/www.europesays.com\/fr\/wp-json\/wp\/v2\/types\/post"}],"author":[{"embeddable":true,"href":"https:\/\/www.europesays.com\/fr\/wp-json\/wp\/v2\/users\/2"}],"replies":[{"embeddable":true,"href":"https:\/\/www.europesays.com\/fr\/wp-json\/wp\/v2\/comments?post=272023"}],"version-history":[{"count":0,"href":"https:\/\/www.europesays.com\/fr\/wp-json\/wp\/v2\/posts\/272023\/revisions"}],"wp:featuredmedia":[{"embeddable":true,"href":"https:\/\/www.europesays.com\/fr\/wp-json\/wp\/v2\/media\/272024"}],"wp:attachment":[{"href":"https:\/\/www.europesays.com\/fr\/wp-json\/wp\/v2\/media?parent=272023"}],"wp:term":[{"taxonomy":"category","embeddable":true,"href":"https:\/\/www.europesays.com\/fr\/wp-json\/wp\/v2\/categories?post=272023"},{"taxonomy":"post_tag","embeddable":true,"href":"https:\/\/www.europesays.com\/fr\/wp-json\/wp\/v2\/tags?post=272023"}],"curies":[{"name":"wp","href":"https:\/\/api.w.org\/{rel}","templated":true}]}}