{"id":272025,"date":"2025-07-25T05:01:14","date_gmt":"2025-07-25T05:01:14","guid":{"rendered":"https:\/\/www.europesays.com\/fr\/272025\/"},"modified":"2025-07-25T05:01:14","modified_gmt":"2025-07-25T05:01:14","slug":"thierry-ardisson-profondement-egocentrique-et-chiant-ses-enfants-devoilent-son-vrai-visage","status":"publish","type":"post","link":"https:\/\/www.europesays.com\/fr\/272025\/","title":{"rendered":"Thierry Ardisson profond\u00e9ment \u00e9gocentrique et \u00ab\u00a0chiant\u00a0\u00bb ? Ses enfants d\u00e9voilent son vrai visage"},"content":{"rendered":"<p>Au d\u00e9part publicitaire, Thierry Ardisson s\u2019est rapidement fait<br \/>\nune place \u00e0 la t\u00e9l\u00e9vision. A la t\u00eate de nombreux programmes \u2013 Tout<br \/>\nle monde en parle, Salut les Terriens ou encore 93 Faubourg<br \/>\nSaint-Honor\u00e9 pour n\u2019en citer que quelques-uns \u2013 l\u2019animateur est<br \/>\ntout bonnement devenu incontournable jusque dans les ann\u00e9es 2010.<br \/>\nAlliant humour et plaisanteries parfois salaces en plateau,<br \/>\nArdisson a eu le m\u00e9rite de r\u00e9volutionner le monde de la t\u00e9l\u00e9.<br \/>\nForc\u00e9ment, son d\u00e9c\u00e8s survenu le 14 juillet dernier a provoqu\u00e9 une<br \/>\nonde de choc non seulement aupr\u00e8s des professionnels du milieu mais<br \/>\naussi et surtout aupr\u00e8s de ses nombreux fans.<\/p>\n<p>Thierry Ardisson plus proche de ses enfants gr\u00e2ce \u00e0 Audrey<br \/>\nCrespo-Mara<\/p>\n<p>Longtemps heureux dans son travail, <strong>Thierry Ardisson l\u2019a<br \/>\n\u00e9galement \u00e9t\u00e9 dans sa vie priv\u00e9e<\/strong>. Mari\u00e9 \u00e0 plusieurs<br \/>\nreprises, c\u2019est finalement <strong>avec Audrey Crespo-Mara que<br \/>\nl\u2019animateur a trouv\u00e9 son ultime bonheur.<\/strong> Mieux encore, la<br \/>\njournaliste a permis \u00e0 celui qui n\u00a0\u00bbavait <a href=\"https:\/\/www.melty.fr\/people\/thierry-ardisson-jaime-bien-le-sexe-sans-detour-sur-cette-passion-zero-limite-2250983.html\" target=\"_blank\" rel=\"noopener\"><br \/>\naucun mal \u00e0 \u00e9voquer son intimit\u00e9<\/a> de <strong>se rapprocher de sa<br \/>\nprog\u00e9niture<\/strong>.<\/p>\n<p>\u00ab\u00a0Nous n\u2019avons pas d\u2019enfants, on en avait d\u00e9j\u00e0. Mais<br \/>\n<strong>Audrey m\u2019a rapproch\u00e9 des miens<\/strong>, je ne les voyais<br \/>\npas beaucoup. Et ceux d\u2019Audrey m\u2019ont accept\u00e9 tr\u00e8s facilement\u00a0\u00bb,<br \/>\nd\u00e9voilait ainsi Thierry Ardisson dans les colonnes de Gala en 2023.<br \/>\nCe dernier est l\u2019heureux papa de trois enfants : <strong>Manon,<br \/>\nNinon et Gaston, n\u00e9s de son union avec B\u00e9atrice<br \/>\nLoustalan<\/strong>.<\/p>\n<p>Les enfants de l\u2019animateur d\u00e9voilent sa personnalit\u00e9<br \/>\n\u00ab\u00a0\u00e9gocentrique\u00a0\u00bb<\/p>\n<p>Si le visage de Thierry Ardisson est \u00e9videmment connu de tous,<br \/>\nce n\u2019est cependant pas le cas de ses enfants. Trois jours apr\u00e8s le<br \/>\nd\u00e9c\u00e8s de l\u2019animateur, TF1 diffusait le documentaire La face<br \/>\ncach\u00e9e de l\u2019homme en noir dans lequel Audrey Crespo-Mara<br \/>\n<strong>donne la parole \u00e0 son \u00e9poux mais \u00e9galement Manon, Ninon et<br \/>\nGaston<\/strong>.<\/p>\n<p>Tr\u00e8s francs, ces derniers livrent alors un t\u00e9moignage sinc\u00e8re et<br \/>\nd\u00e9crivent un p\u00e8re aussi dr\u00f4le qu\u2019exigeant au quotidien. Mais pas<br \/>\nque. Selon eux, <strong>Thierry Ardisson \u00e9tait une personne<br \/>\nprofond\u00e9ment \u00ab\u00a0\u00e9gocentrique\u00a0\u00bb<\/strong>. \u00ab\u00a0Quand il vient<br \/>\nd\u00e9jeuner avec la famille, <strong>tout le monde doit se taire<br \/>\npendant qu\u2019il parle\u00a0\u00bb<\/strong>, a par exemple assur\u00e9 Manon face<br \/>\ncam\u00e9ra.<\/p>\n<p>Thierry Ardisson pouvait \u00eatre \u00ab\u00a0un peu<br \/>\nchiant\u00a0\u00bb<\/p>\n<p>Gaston, lui, confirme les propos de sa s\u0153ur : \u00ab\u00a0Il est exactement<br \/>\n\u00e0 la t\u00e9l\u00e9 comme il est dans la vie. <strong>Il veut toujours \u00eatre<br \/>\nle centre de<\/strong> <strong>l\u2019attention\u00a0\u00bb<\/strong>.<br \/>\n\u00ab\u00a0Ce qui l\u2019int\u00e9resse c\u2019est de te raconter ce que lui fait.<br \/>\n<strong>\u00c7a l\u2019int\u00e9resse tr\u00e8s peu ce que toi tu fais<\/strong> parce<br \/>\nqu\u2019il est \u00e9gocentrique\u00a0\u00bb, ajoute Manon.<\/p>\n<p>Thierry Ardisson, qui a par ailleurs v\u00e9cu <a href=\"https:\/\/www.melty.fr\/people\/largue-par-audrey-crespo-mara-thierry-ardisson-balance-sur-cette-periode-sombre-jetais-en-larmes-2250808.html\" target=\"_blank\" rel=\"noopener\"><br \/>\nune p\u00e9riode sombre avec sa derni\u00e8re femme<\/a>, a toujours souhait\u00e9<br \/>\nle meilleur pour sa prog\u00e9niture. C\u2019est ainsi que les trois enfants<br \/>\nde l\u2019animateur ont grandi dans <strong>une superbe maison en<br \/>\nNormandie<\/strong>, bien loin du tumulte de la vie parisienne. Une<br \/>\nd\u00e9cision que l\u2019a\u00een\u00e9e du clan explique ainsi : <strong>\u00ab\u00a0Il avait<br \/>\ntr\u00e8s peur qu\u2019on devienne des gosses de riches<\/strong>. C\u2019\u00e9tait le<br \/>\npire truc qui puisse nous arriver\u00a0\u00bb. Si l\u2019homme en noir n\u2019\u00e9tait<br \/>\npas toujours pr\u00e9sent en raison de son travail prenant,<br \/>\n<strong>Gaston<\/strong>, lui, s\u2019en accommodait bien. \u00ab\u00a0Vu qu\u2019il<br \/>\npouvait \u00eatre un peu chiant, <strong>je ne pense pas que j\u2019aurais<br \/>\n\u00e9t\u00e9 content de voir mon p\u00e8re tous les jours<\/strong>. \u00c7a m\u2019aurait<br \/>\ngav\u00e9 \u00e0 un moment\u00a0\u00bb plaisante alors le cadet. Une famille<br \/>\ntaquine o\u00f9 l\u2019amour r\u00e9gnait finalement en ma\u00eetre.<\/p>\n","protected":false},"excerpt":{"rendered":"Au d\u00e9part publicitaire, Thierry Ardisson s\u2019est rapidement fait une place \u00e0 la t\u00e9l\u00e9vision. A la t\u00eate de nombreux&hellip;\n","protected":false},"author":2,"featured_media":272026,"comment_status":"","ping_status":"","sticky":false,"template":"","format":"standard","meta":{"footnotes":""},"categories":[1356],"tags":[905,58,59,1011,27,252,10058,1364],"class_list":{"0":"post-272025","1":"post","2":"type-post","3":"status-publish","4":"format-standard","5":"has-post-thumbnail","7":"category-television","8":"tag-a-la-une-melty","9":"tag-divertissement","10":"tag-entertainment","11":"tag-fr","12":"tag-france","13":"tag-television","14":"tag-thierry-ardisson","15":"tag-tv"},"share_on_mastodon":{"url":"https:\/\/pubeurope.com\/@fr\/114912118985585866","error":""},"_links":{"self":[{"href":"https:\/\/www.europesays.com\/fr\/wp-json\/wp\/v2\/posts\/272025","targetHints":{"allow":["GET"]}}],"collection":[{"href":"https:\/\/www.europesays.com\/fr\/wp-json\/wp\/v2\/posts"}],"about":[{"href":"https:\/\/www.europesays.com\/fr\/wp-json\/wp\/v2\/types\/post"}],"author":[{"embeddable":true,"href":"https:\/\/www.europesays.com\/fr\/wp-json\/wp\/v2\/users\/2"}],"replies":[{"embeddable":true,"href":"https:\/\/www.europesays.com\/fr\/wp-json\/wp\/v2\/comments?post=272025"}],"version-history":[{"count":0,"href":"https:\/\/www.europesays.com\/fr\/wp-json\/wp\/v2\/posts\/272025\/revisions"}],"wp:featuredmedia":[{"embeddable":true,"href":"https:\/\/www.europesays.com\/fr\/wp-json\/wp\/v2\/media\/272026"}],"wp:attachment":[{"href":"https:\/\/www.europesays.com\/fr\/wp-json\/wp\/v2\/media?parent=272025"}],"wp:term":[{"taxonomy":"category","embeddable":true,"href":"https:\/\/www.europesays.com\/fr\/wp-json\/wp\/v2\/categories?post=272025"},{"taxonomy":"post_tag","embeddable":true,"href":"https:\/\/www.europesays.com\/fr\/wp-json\/wp\/v2\/tags?post=272025"}],"curies":[{"name":"wp","href":"https:\/\/api.w.org\/{rel}","templated":true}]}}