{"id":272033,"date":"2025-07-25T05:06:10","date_gmt":"2025-07-25T05:06:10","guid":{"rendered":"https:\/\/www.europesays.com\/fr\/272033\/"},"modified":"2025-07-25T05:06:10","modified_gmt":"2025-07-25T05:06:10","slug":"le-double-visage-de-hamza-bendelladj-cybervoleur-algerien-devenu-heros-de-son-peuple-pour-avoir-dupe-loccident","status":"publish","type":"post","link":"https:\/\/www.europesays.com\/fr\/272033\/","title":{"rendered":"Le double visage de Hamza Bendelladj, cybervoleur alg\u00e9rien devenu h\u00e9ros de son peuple pour avoir dup\u00e9 l\u2019Occident"},"content":{"rendered":"<p data-module=\"fig-standfirst-editorial-episode\" data-context=\"@media (min-width:48em)\">Surnomm\u00e9 \u00ab\u00a0le hackeur souriant\u00a0\u00bb, ce myst\u00e9rieux p\u00e8re de famille a \u00e9t\u00e9 relax\u00e9 en France \u00e0 cause d\u2019une absurde erreur de proc\u00e9dure. Il devrait \u00eatre rejug\u00e9 dans quelques semaines, apr\u00e8s quinze\u00a0ans de r\u00e9clusion aux \u00c9tats-Unis.<\/p>\n<p class=\"fig-paragraph fig-paragraph--dropped\">Un\u00a0<a href=\"http:\/\/www.lefigaro.fr\/faits-divers\/un-reseau-cybercriminel-dirige-par-un-mineur-demantele-20230414\" target=\"_blank\" data-fig-type=\"NewsFlash\" rel=\"noopener\" data-gtm-custom-categorie=\"navigation\" data-gtm-custom-action=\"crossclick\" data-gtm-custom-label=\"Contextuel\" data-gtm-event=\"customEventSPE\" data-fig-domain=\"LEFIGARO\">cybercriminel<\/a>\u00a0sans remords pour la justice am\u00e9ricaine. Un v\u00e9ritable h\u00e9ros, symbole de r\u00e9ussite, pour un grand nombre d\u2019<a href=\"http:\/\/www.lefigaro.fr\/international\/figure-de-la-lutte-antiterroriste-chasse-par-bouteflika-l-itineraire-tortueux-du-nouveau-patron-de-la-securite-interieure-algerienne-20250604\" target=\"_blank\" data-fig-type=\"Article\" rel=\"noopener\" data-gtm-custom-categorie=\"navigation\" data-gtm-custom-action=\"crossclick\" data-gtm-custom-label=\"Contextuel\" data-gtm-event=\"customEventSPE\" data-fig-domain=\"LEFIGARO\">Alg\u00e9riens<\/a>. Hamza Bendelladj,\u00a0<a href=\"http:\/\/www.lefigaro.fr\/international\/arthur-bataille-le-cyberguerrier-tricolore-qui-defie-les-hackeurs-du-monde-entier-20250605\" target=\"_blank\" data-fig-type=\"Article\" rel=\"noopener\" data-gtm-custom-categorie=\"navigation\" data-gtm-custom-action=\"crossclick\" data-gtm-custom-label=\"Contextuel\" data-gtm-event=\"customEventSPE\" data-fig-domain=\"LEFIGARO\">hackeur<\/a>\u00a0reconnu par ses pairs pour avoir figur\u00e9 dans le top\u00a010 des criminels les plus recherch\u00e9s par le\u00a0<a href=\"http:\/\/www.lefigaro.fr\/international\/le-fbi-fait-etat-d-une-attaque-terroriste-ciblee-dans-le-colorado-20250601\" target=\"_blank\" data-fig-type=\"NewsFlash\" rel=\"noopener\" data-gtm-custom-categorie=\"navigation\" data-gtm-custom-action=\"crossclick\" data-gtm-custom-label=\"Contextuel\" data-gtm-event=\"customEventSPE\" data-fig-domain=\"LEFIGARO\">FBI<\/a>, devrait faire l\u2019objet d\u2019un proc\u00e8s en septembre prochain en France &#8211; deux ans apr\u00e8s avoir vu son audience tomber \u00e0 l\u2019eau en raison d\u2019une aberrante erreur de proc\u00e9dure, et un an apr\u00e8s avoir purg\u00e9 une peine de 15\u00a0ans de prison aux \u00c9tats-Unis.<\/p>\n<p class=\"fig-paragraph fig-paragraph--dropped\">Aujourd\u2019hui, le\u00a0<a href=\"http:\/\/www.lefigaro.fr\/international\/algerie-derriere-le-candidat-youssef-aouchiche-l-enjeu-de-la-participation-en-kabylie-20240907\" target=\"_blank\" data-fig-type=\"Article\" rel=\"noopener\" data-gtm-custom-categorie=\"navigation\" data-gtm-custom-action=\"crossclick\" data-gtm-custom-label=\"Contextuel\" data-gtm-event=\"customEventSPE\" data-fig-domain=\"LEFIGARO\">Kabyle<\/a>, n\u00e9 en 1988 dans la commune de Tizi-Ouzou, tout au nord de l\u2019Alg\u00e9rie, est introuvable, semant le doute sur sa pr\u00e9sence ou non \u00e0 son proc\u00e8s, pr\u00e9vu \u00e0 Paris. \u00ab\u00a0Il a totalement disparu des radars\u00a0\u00bb, note aupr\u00e8s du Figaro le sp\u00e9cialiste de la cybercriminalit\u00e9 Damien Bancal, fondateur de Zataz.com, qui discutait r\u00e9guli\u00e8rement avec le pirate. \u00ab\u00a0Il \u00e9tait auparavant pr\u00e9sent sur les r\u00e9seaux sociaux, m\u00eame lorsqu\u2019il \u00e9tait derri\u00e8re les barreaux en Arizona. Depuis qu\u2019il est ressorti\u2026<\/p>\n<p class=\"fig-premium-paywall__infos\">\n        Cet article est r\u00e9serv\u00e9 aux abonn\u00e9s.        Il vous reste 90% \u00e0 d\u00e9couvrir.\n    <\/p>\n<p>                <img  data- alt=\"Le Figaro\" class=\"fig-img--complete fig-img\"\/><\/p>\n<p class=\"fig-premium-paywall__title\">Vous avez envie de lire la suite ?<\/p>\n<p class=\"fig-premium-paywall__subtitle\">D\u00e9bloquez tous les articles imm\u00e9diatement.<\/p>\n<p class=\"fig-premium-paywall__connect\">\n                D\u00e9j\u00e0 abonn\u00e9\u00a0?                <a class=\"fig-premium-paywall__connect-link\" href=\"https:\/\/connect.lefigaro.fr\/login?client=horizon_web&amp;type=main&amp;redirect_uri=https%3A%2F%2Fwww.lefigaro.fr%2Finternational%2Fle-double-visage-de-hamza-bendelladj-cybervoleur-algerien-devenu-heros-de-son-peuple-pour-avoir-dupe-l-occident-20250724\" data-js-gtm=\"{&quot;customCategorie&quot;: &quot;conversion&quot;, &quot;customAction&quot;: &quot;before_Landing_Connexion_paywall_auto&quot;, &quot;customLabel&quot;: &quot;bGVmaWdhcm8uZnJfXzFmMDMyOTQ4LWNmMTItNjBiMi1hMjdkLWViYTMyN2RiZjY1YV9fQXJ0aWNsZQ==_Le double visage de Hamza Bendelladj, cybervoleur alg\u00e9rien devenu h\u00e9ros de son peuple pour avoir dup\u00e9 l\u2019Occident_501&quot;, &quot;customIDSPE&quot;: &quot;bGVmaWdhcm8uZnJfXzFmMDMyOTQ4LWNmMTItNjBiMi1hMjdkLWViYTMyN2RiZjY1YV9fQXJ0aWNsZQ==&quot;, &quot;event&quot;: &quot;customEventSPE&quot;}\" target=\"_blank\" rel=\"noopener\"><br \/>\n                    Connectez-vous<br \/>\n                <\/a>\n            <\/p>\n","protected":false},"excerpt":{"rendered":"Surnomm\u00e9 \u00ab\u00a0le hackeur souriant\u00a0\u00bb, ce myst\u00e9rieux p\u00e8re de famille a \u00e9t\u00e9 relax\u00e9 en France \u00e0 cause d\u2019une absurde&hellip;\n","protected":false},"author":2,"featured_media":272034,"comment_status":"","ping_status":"","sticky":false,"template":"","format":"standard","meta":{"footnotes":""},"categories":[8],"tags":[15,271,16968,58,59,1011,27,4778,132],"class_list":{"0":"post-272033","1":"post","2":"type-post","3":"status-publish","4":"format-standard","5":"has-post-thumbnail","7":"category-divertissement","8":"tag-algerie","9":"tag-crime","10":"tag-cybercriminalite","11":"tag-divertissement","12":"tag-entertainment","13":"tag-fr","14":"tag-france","15":"tag-nigeria","16":"tag-russie"},"share_on_mastodon":{"url":"https:\/\/pubeurope.com\/@fr\/114912138606832724","error":""},"_links":{"self":[{"href":"https:\/\/www.europesays.com\/fr\/wp-json\/wp\/v2\/posts\/272033","targetHints":{"allow":["GET"]}}],"collection":[{"href":"https:\/\/www.europesays.com\/fr\/wp-json\/wp\/v2\/posts"}],"about":[{"href":"https:\/\/www.europesays.com\/fr\/wp-json\/wp\/v2\/types\/post"}],"author":[{"embeddable":true,"href":"https:\/\/www.europesays.com\/fr\/wp-json\/wp\/v2\/users\/2"}],"replies":[{"embeddable":true,"href":"https:\/\/www.europesays.com\/fr\/wp-json\/wp\/v2\/comments?post=272033"}],"version-history":[{"count":0,"href":"https:\/\/www.europesays.com\/fr\/wp-json\/wp\/v2\/posts\/272033\/revisions"}],"wp:featuredmedia":[{"embeddable":true,"href":"https:\/\/www.europesays.com\/fr\/wp-json\/wp\/v2\/media\/272034"}],"wp:attachment":[{"href":"https:\/\/www.europesays.com\/fr\/wp-json\/wp\/v2\/media?parent=272033"}],"wp:term":[{"taxonomy":"category","embeddable":true,"href":"https:\/\/www.europesays.com\/fr\/wp-json\/wp\/v2\/categories?post=272033"},{"taxonomy":"post_tag","embeddable":true,"href":"https:\/\/www.europesays.com\/fr\/wp-json\/wp\/v2\/tags?post=272033"}],"curies":[{"name":"wp","href":"https:\/\/api.w.org\/{rel}","templated":true}]}}