{"id":272037,"date":"2025-07-25T05:08:11","date_gmt":"2025-07-25T05:08:11","guid":{"rendered":"https:\/\/www.europesays.com\/fr\/272037\/"},"modified":"2025-07-25T05:08:11","modified_gmt":"2025-07-25T05:08:11","slug":"nrj-group-signe-avec-cma-media-pour-la-vente-de-sa-chaine-cherie-25","status":"publish","type":"post","link":"https:\/\/www.europesays.com\/fr\/272037\/","title":{"rendered":"NRJ Group signe avec CMA M\u00e9dia pour la vente de sa cha\u00eene Ch\u00e9rie 25"},"content":{"rendered":"<p>NRJ Group a annonc\u00e9 jeudi la signature avec <a href=\"https:\/\/www.laprovence.com\/article\/culture-loisirs\/1604415498106515\/cma-media-annonce-avoir-signe-une-promesse-dachat-de-la-chaine-cherie-25\" target=\"_blank\" rel=\"nofollow noopener\">CMA M\u00e9dia<\/a>, propri\u00e9taire de RMC BFM, du protocole de cession de sa cha\u00eene Ch\u00e9rie 25. \u00ab\u00a0Apr\u00e8s avoir obtenu un avis favorable unanime des instances repr\u00e9sentatives du personnel le 21 juillet, le groupe a sign\u00e9 ce jour avec CMA M\u00e9dia, le protocole de cession de la cha\u00eene Ch\u00e9rie 25 sous la condition suspensive de l\u2019obtention de l\u2019agr\u00e9ment de l\u2019ARCOM\u00a0\u00bb, indique un communiqu\u00e9 du groupe de m\u00e9dia priv\u00e9.<\/p>\n<p>Filiale de l&rsquo;armateur CMA CGM (propri\u00e9taire de\u00a0La Provence) du milliardaire Rodolphe Saad\u00e9, CMA M\u00e9dia a rachet\u00e9 la cha\u00eene info BFMTV, la radio RMC et les cha\u00eenes de la TNT RMC D\u00e9couverte et RMC Story \u00e0 Altice en juillet 2024.\u00a0 Avec Ch\u00e9rie 25, le groupe va \u00e9tendre sa pr\u00e9sence sur la TNT (t\u00e9l\u00e9vision num\u00e9rique terrestre). NRJ Group, cot\u00e9 sur le march\u00e9 Euronext \u00e0 Paris, avait confirm\u00e9 d\u00e9but mai \u00eatre en n\u00e9gociations exclusives avec CMA M\u00e9dia \u00ab\u00a0dans le meilleur int\u00e9r\u00eat\u00a0\u00bb de la cha\u00eene et de ses salari\u00e9s.<\/p>\n<p>L&rsquo;Arcom a d\u00e9cid\u00e9 en juillet 2024 d&rsquo;exclure de la TNT NRJ 12, l&rsquo;autre cha\u00eene du groupe, en raison d&rsquo;un flux trop important de rediffusions sur son antenne.\u00a0 L&rsquo;autorit\u00e9 de r\u00e9gulation avait dans le m\u00eame temps d\u00e9cid\u00e9 de ne pas renouveler la fr\u00e9quence TNT de C8, cha\u00eene du groupe Canal+ dans le giron du milliardaire conservateur Vincent Bollor\u00e9, d\u00e9clenchant une intense controverse.<\/p>\n<p>Vent debout contre la d\u00e9cision de l&rsquo;Arcom, qui a pris effet fin f\u00e9vrier, le fondateur et PDG de NRJ Group, Jean-Paul Baudecroux, avait averti de la possible cession de Ch\u00e9rie 25. \u00a0<\/p>\n<p>Cha\u00eene g\u00e9n\u00e9raliste s&rsquo;adressant principalement aux femmes, cette cha\u00eene a commenc\u00e9 sa diffusion en d\u00e9cembre\u00a02012. Son autorisation d&rsquo;\u00e9mettre sur la TNT a \u00e9t\u00e9 reconduite en 2022 pour cinq ans, soit jusqu&rsquo;\u00e0 d\u00e9cembre 2027.<\/p>\n","protected":false},"excerpt":{"rendered":"NRJ Group a annonc\u00e9 jeudi la signature avec CMA M\u00e9dia, propri\u00e9taire de RMC BFM, du protocole de cession&hellip;\n","protected":false},"author":2,"featured_media":272038,"comment_status":"","ping_status":"","sticky":false,"template":"","format":"standard","meta":{"footnotes":""},"categories":[6],"tags":[17,3396,35,10184,33,34,1011,27,37794,3754,9104,471,3789],"class_list":{"0":"post-272037","1":"post","2":"type-post","3":"status-publish","4":"format-standard","5":"has-post-thumbnail","7":"category-economie","8":"tag-17","9":"tag-avec","10":"tag-business","11":"tag-cma","12":"tag-economie","13":"tag-economy","14":"tag-fr","15":"tag-france","16":"tag-group","17":"tag-media","18":"tag-nrj","19":"tag-pour","20":"tag-signe"},"share_on_mastodon":{"url":"https:\/\/pubeurope.com\/@fr\/114912146409154338","error":""},"_links":{"self":[{"href":"https:\/\/www.europesays.com\/fr\/wp-json\/wp\/v2\/posts\/272037","targetHints":{"allow":["GET"]}}],"collection":[{"href":"https:\/\/www.europesays.com\/fr\/wp-json\/wp\/v2\/posts"}],"about":[{"href":"https:\/\/www.europesays.com\/fr\/wp-json\/wp\/v2\/types\/post"}],"author":[{"embeddable":true,"href":"https:\/\/www.europesays.com\/fr\/wp-json\/wp\/v2\/users\/2"}],"replies":[{"embeddable":true,"href":"https:\/\/www.europesays.com\/fr\/wp-json\/wp\/v2\/comments?post=272037"}],"version-history":[{"count":0,"href":"https:\/\/www.europesays.com\/fr\/wp-json\/wp\/v2\/posts\/272037\/revisions"}],"wp:featuredmedia":[{"embeddable":true,"href":"https:\/\/www.europesays.com\/fr\/wp-json\/wp\/v2\/media\/272038"}],"wp:attachment":[{"href":"https:\/\/www.europesays.com\/fr\/wp-json\/wp\/v2\/media?parent=272037"}],"wp:term":[{"taxonomy":"category","embeddable":true,"href":"https:\/\/www.europesays.com\/fr\/wp-json\/wp\/v2\/categories?post=272037"},{"taxonomy":"post_tag","embeddable":true,"href":"https:\/\/www.europesays.com\/fr\/wp-json\/wp\/v2\/tags?post=272037"}],"curies":[{"name":"wp","href":"https:\/\/api.w.org\/{rel}","templated":true}]}}