{"id":272039,"date":"2025-07-25T05:09:10","date_gmt":"2025-07-25T05:09:10","guid":{"rendered":"https:\/\/www.europesays.com\/fr\/272039\/"},"modified":"2025-07-25T05:09:10","modified_gmt":"2025-07-25T05:09:10","slug":"la-thailande-affirme-que-plus-de-100-000-civils-ont-fui-les-affrontements-avec-le-cambodge","status":"publish","type":"post","link":"https:\/\/www.europesays.com\/fr\/272039\/","title":{"rendered":"La Tha\u00eflande affirme que plus de 100.000 civils ont fui les affrontements avec le Cambodge"},"content":{"rendered":"<p>De nouveaux combats ont eu lieu vendredi matin \u00e0 la fronti\u00e8re entre les deux pays. Une r\u00e9union d\u2019urgence du Conseil de s\u00e9curit\u00e9 de l\u2019ONU est programm\u00e9e ce jour.<\/p>\n<p class=\"fig-paragraph\">La Tha\u00eflande a d\u00e9clar\u00e9 vendredi avoir fait \u00e9vacuer plus de 100.000 civils le long de sa fronti\u00e8re avec le Cambodge, apr\u00e8s\u00a0<a href=\"http:\/\/www.lefigaro.fr\/international\/fermeture-des-frontieres-frappes-aeriennes-relations-diplomatiques-au-point-mort-pourquoi-la-thailande-et-le-cambodge-s-affrontent-ils-20250724\" target=\"_blank\" data-fig-type=\"NewsFlash\" rel=\"noopener\" data-gtm-custom-categorie=\"navigation\" data-gtm-custom-action=\"crossclick\" data-gtm-custom-label=\"Contextuel\" data-gtm-event=\"customEventSPE\" data-fig-domain=\"LEFIGARO\">des \u00e9changes de tirs et des frappes<\/a>\u00a0qui ont \u00e9clat\u00e9 la veille. Le minist\u00e8re tha\u00eflandais de l&rsquo;Int\u00e9rieur a indiqu\u00e9 que 100.672 civils provenant de quatre provinces frontali\u00e8res avaient \u00e9t\u00e9 transf\u00e9r\u00e9s dans des centres d&rsquo;accueil, tandis que le minist\u00e8re de la Sant\u00e9 a annonc\u00e9 que\u00a0<a href=\"http:\/\/www.lefigaro.fr\/flash-actu\/nouveaux-echanges-de-tirs-a-la-frontiere-cambodge-thailande-20250724\" target=\"_blank\" data-fig-type=\"NewsFlash\" rel=\"noopener\" data-gtm-custom-categorie=\"navigation\" data-gtm-custom-action=\"crossclick\" data-gtm-custom-label=\"Contextuel\" data-gtm-event=\"customEventSPE\" data-fig-domain=\"LEFIGARO\">le nombre de morts<\/a>\u00a0caus\u00e9es par les frappes de l&rsquo;artillerie cambodgienne \u00e9tait d\u00e9sormais pass\u00e9 \u00e0 14.<\/p>\n<p class=\"fig-paragraph\">Dans la ville cambodgienne de Samraong, \u00e0 20 km de la fronti\u00e8re, des journalistes de l\u2019AFP ont entendu des tirs d\u2019artillerie lointains vendredi matin, et vu certaines familles avec des enfants et leurs affaires \u00e0 l\u2019arri\u00e8re de leurs v\u00e9hicules s\u2019enfuir \u00e0 toute vitesse. \u00abJe vis tout pr\u00e8s de la fronti\u00e8re. Nous avons peur car ils ont recommenc\u00e9 \u00e0 tirer vers 6 heures du matin\u00bb, a d\u00e9clar\u00e9 \u00e0 l\u2019AFP Pro Bak, 41 ans, en emmenant sa femme et ses enfants dans un temple bouddhiste pour s\u2019y r\u00e9fugier. \u00abJe ne sais pas quand nous pourrons rentrer chez nous\u00bb, a-t-il dit.<\/p>\n<p>                                    <a class=\"fig-a11y-skip a11y-hidden\" href=\"#fig-a11y-skip-main-inarticle\"><br \/>\n        Passer la publicit\u00e9<br \/>\n    <\/a><\/p>\n<p>\u00c9changes de tirs, d\u2019obus et de roquettes<\/p>\n<p class=\"fig-paragraph\">Les journalistes de l\u2019AFP ont \u00e9galement vu des soldats se pr\u00e9cipiter vers des lance-roquettes et partir \u00e0 toute vitesse en direction de la fronti\u00e8re. Les affrontements, d\u2019une rare intensit\u00e9, ont \u00e9clat\u00e9 jeudi \u00e0 la fronti\u00e8re entre les deux pays, longue d\u2019environ 800 km, avec des \u00e9changes de tirs, d\u2019obus et de roquettes. Les combats se concentrent autour de six endroits, a indiqu\u00e9 l\u2019arm\u00e9e tha\u00eflandaise. Bangkok a d\u00e9ploy\u00e9 jeudi six avions F-16 pour frapper \u00abdeux cibles militaires cambodgiennes au sol\u00bb, a d\u00e9clar\u00e9 le porte-parole adjoint des forces arm\u00e9es, Ritcha Suksuwanon. Le Cambodge n\u2019a communiqu\u00e9 aucun bilan jusqu\u2019\u00e0 pr\u00e9sent. La porte-parole du minist\u00e8re khmer de la D\u00e9fense Maly Socheata a refus\u00e9 de r\u00e9pondre \u00e0 une question sur d\u2019\u00e9ventuelles victimes lors d\u2019une conf\u00e9rence de presse.<\/p>\n<p class=\"fig-paragraph\">Une r\u00e9union d\u2019urgence du Conseil de s\u00e9curit\u00e9 de l\u2019ONU est programm\u00e9e vendredi \u00e0 15h00 (19h00 GMT). Le premier ministre malaisien Anwar Ibrahim, qui occupe la pr\u00e9sidence tournante de l\u2019Association des nations d\u2019Asie du Sud-Est (Asean) et s\u2019est entretenu avec les deux pays, a appel\u00e9 \u00e0 la \u00abretenue\u00bb.<\/p>\n<p class=\"fig-paragraph\">Bangkok et Phnom Penh sont engag\u00e9s dans un bras-de-fer depuis la mort d\u2019un soldat khmer fin mai, lors d\u2019un \u00e9change nocturne de tirs dans une zone contest\u00e9e de leur fronti\u00e8re commune surnomm\u00e9e le \u00abTriangle d\u2019\u00e9meraude\u00bb. Les deux royaumes d\u2019Asie du Sud-Est se d\u00e9chirent de longue date sur le trac\u00e9 de leur fronti\u00e8re commune, d\u00e9finie durant l\u2019Indochine fran\u00e7aise, mais des affrontements \u00e0 ce niveau de violence n\u2019avaient pas secou\u00e9 la r\u00e9gion depuis presque quinze ans. L\u2019\u00e9pisode moderne le plus violent li\u00e9 \u00e0 la fronti\u00e8re remonte en effet \u00e0 des affrontements autour du temple de Preah Vihear entre 2008 et 2011, qui avaient fait au moins 28 morts et des dizaines de milliers de d\u00e9plac\u00e9s.<\/p>\n","protected":false},"excerpt":{"rendered":"De nouveaux combats ont eu lieu vendredi matin \u00e0 la fronti\u00e8re entre les deux pays. Une r\u00e9union d\u2019urgence&hellip;\n","protected":false},"author":2,"featured_media":272040,"comment_status":"","ping_status":"","sticky":false,"template":"","format":"standard","meta":{"footnotes":""},"categories":[5],"tags":[11,9265,1011,27,14,12,1684,28],"class_list":{"0":"post-272039","1":"post","2":"type-post","3":"status-publish","4":"format-standard","5":"has-post-thumbnail","7":"category-international","8":"tag-actualites","9":"tag-cambodge","10":"tag-fr","11":"tag-france","12":"tag-international","13":"tag-news","14":"tag-thailande","15":"tag-world"},"share_on_mastodon":{"url":"https:\/\/pubeurope.com\/@fr\/114912150486346644","error":""},"_links":{"self":[{"href":"https:\/\/www.europesays.com\/fr\/wp-json\/wp\/v2\/posts\/272039","targetHints":{"allow":["GET"]}}],"collection":[{"href":"https:\/\/www.europesays.com\/fr\/wp-json\/wp\/v2\/posts"}],"about":[{"href":"https:\/\/www.europesays.com\/fr\/wp-json\/wp\/v2\/types\/post"}],"author":[{"embeddable":true,"href":"https:\/\/www.europesays.com\/fr\/wp-json\/wp\/v2\/users\/2"}],"replies":[{"embeddable":true,"href":"https:\/\/www.europesays.com\/fr\/wp-json\/wp\/v2\/comments?post=272039"}],"version-history":[{"count":0,"href":"https:\/\/www.europesays.com\/fr\/wp-json\/wp\/v2\/posts\/272039\/revisions"}],"wp:featuredmedia":[{"embeddable":true,"href":"https:\/\/www.europesays.com\/fr\/wp-json\/wp\/v2\/media\/272040"}],"wp:attachment":[{"href":"https:\/\/www.europesays.com\/fr\/wp-json\/wp\/v2\/media?parent=272039"}],"wp:term":[{"taxonomy":"category","embeddable":true,"href":"https:\/\/www.europesays.com\/fr\/wp-json\/wp\/v2\/categories?post=272039"},{"taxonomy":"post_tag","embeddable":true,"href":"https:\/\/www.europesays.com\/fr\/wp-json\/wp\/v2\/tags?post=272039"}],"curies":[{"name":"wp","href":"https:\/\/api.w.org\/{rel}","templated":true}]}}