{"id":272043,"date":"2025-07-25T05:11:26","date_gmt":"2025-07-25T05:11:26","guid":{"rendered":"https:\/\/www.europesays.com\/fr\/272043\/"},"modified":"2025-07-25T05:11:26","modified_gmt":"2025-07-25T05:11:26","slug":"gerard-larcher-denonce-une-atteinte-grave-aux-prerogatives-du-parlement-les-elus-nationalistes-sinquietent","status":"publish","type":"post","link":"https:\/\/www.europesays.com\/fr\/272043\/","title":{"rendered":"G\u00e9rard Larcher d\u00e9nonce une \u00ab\u00a0atteinte grave aux pr\u00e9rogatives du Parlement\u00a0\u00bb, les \u00e9lus nationalistes s&rsquo;inqui\u00e8tent"},"content":{"rendered":"<p>\u00ab\u00a0Le Parlement ne va pas se g\u00eaner pour amender. La poutre va in\u00e9vitablement travailler.\u00a0\u00bb<\/p>\n<p>La pr\u00e9diction de Jean-Martin Mondoloni, le pr\u00e9sident du groupe Un Soffiu novu, alors que l&rsquo;Assembl\u00e9e de Corse remettait le couvert sur le processus d&rsquo;autonomie, <a href=\"https:\/\/www.corsematin.com\/article\/politique\/1515542986764815\/autonomie-la-copie-du-conseil-detat-retoquee-in-extremis-par-les-elus-corses-la-version-initiale-c\" target=\"_blank\" rel=\"noopener\">apr\u00e8s le comit\u00e9 strat\u00e9gique tenu \u00e0 Paris, il y a deux jours, <\/a>a r\u00e9sonn\u00e9 avec acuit\u00e9, ce jeudi 24\u00a0juillet.<\/p>\n<p>Une information r\u00e9v\u00e9l\u00e9e par Le Figaro a, soudain, jet\u00e9 un froid glacial dans l&rsquo;h\u00e9micycle.<\/p>\n<p>Surtout, un pav\u00e9 dans la mare au moment o\u00f9 le pr\u00e9sident de l&rsquo;ex\u00e9cutif, Gilles Simeoni, exhortait, \u00e0 nouveau, les \u00e9lus \u00e0 tenir bon face \u00e0 toute tentative de d\u00e9tricotage du texte qui sera soumis, la semaine prochaine, en Conseil des ministres.<\/p>\n<p>\u00ab\u00a0S&rsquo;il en \u00e9tait ainsi, cela constituerait une atteinte grave aux pr\u00e9rogatives du Parlement\u00a0\u00bb<\/p>\n<p>En attendant, le pr\u00e9sident du S\u00e9nat, G\u00e9rard Larcher, vent debout, indique dans un courrier au chef du gouvernement, Fran\u00e7ois Bayrou, que \u00ab\u00a0l&rsquo;intention pr\u00eat\u00e9e au ministre de ne pas tenir compte de l&rsquo;avis du Conseil d&rsquo;\u00c9tat ne manque pas de (l)&rsquo;inqui\u00e9ter. S&rsquo;il en \u00e9tait ainsi, cela constituerait une atteinte grave aux pr\u00e9rogatives du Parlement\u00a0\u00bb.<\/p>\n<p>Mardi soir, \u00e0 Paris, Fran\u00e7ois Rebsamen avait pourtant fini par embo\u00eeter le pas aux requ\u00eates de ses h\u00f4tes qui avaient manifest\u00e9 leurs craintes \u00e0 l&rsquo;issue des premi\u00e8res pistes d\u00e9favorables d\u00e9voil\u00e9es par le Conseil d&rsquo;\u00c9tat. On \u00e9tait ainsi revenu \u00e0 la version initiale, avec la garantie que c&rsquo;est bien le texte originel qui serait pr\u00e9sent\u00e9 au pr\u00e9sident de la R\u00e9publique et au chef du gouvernement, puis transmis au Conseil des ministres. Avant que le Parlement s&rsquo;en empare.<\/p>\n<p>La droite nationale sort du bois, plus rapidement encore que pr\u00e9vu, par la voix du deuxi\u00e8me personnage de l&rsquo;\u00c9tat<\/p>\n<p>Moins de 48\u00a0heures apr\u00e8s la r\u00e9union parisienne, la droite nationale sort donc du bois par la voix du deuxi\u00e8me personnage de l&rsquo;\u00c9tat.<\/p>\n<p><img alt=\"Le pr\u00e9sident du S\u00e9nat, G\u00e9rard Larcher, estime que &quot;l'intention pr\u00eat\u00e9e au ministre de ne pas tenir compte de l'avis du Conseil d'\u00c9tat ne manque pas de (l)'inqui\u00e9ter.&quot;\" loading=\"lazy\" decoding=\"async\" data-nimg=\"fill\" class=\" TwicCore_img__i9TC1 undefined  undefined\" style=\"position:absolute;height:100%;width:100%;left:0;top:0;right:0;bottom:0;object-fit:cover;color:transparent;background-size:cover;background-position:50% 50%;background-repeat:no-repeat;background-image:url(&quot;data:image\/svg+xml;charset=utf-8,%3Csvg xmlns='http:\/\/www.w3.org\/2000\/svg' %3E%3Cfilter id='b' color-interpolation-filters='sRGB'%3E%3CfeGaussianBlur stdDeviation='20'\/%3E%3CfeColorMatrix values='1 0 0 0 0 0 1 0 0 0 0 0 1 0 0 0 0 0 100 -1' result='s'\/%3E%3CfeFlood x='0' y='0' width='100%25' height='100%25'\/%3E%3CfeComposite operator='out' in='s'\/%3E%3CfeComposite in2='SourceGraphic'\/%3E%3CfeGaussianBlur stdDeviation='20'\/%3E%3C\/filter%3E%3Cimage width='100%25' height='100%25' x='0' y='0' preserveAspectRatio='xMidYMid slice' style='filter: url(%23b);' href='data:image\/png;base64,iVBORw0KGgoAAAANSUhEUgAAArwAAAFnCAYAAABEq5oyAAAQcUlEQVR4Ae3dP3SVZZ7A8eeSBIYZE3dPqkFjqYVQKG4F56zYgescStBzoAMbaXaAhmJctQB2t9DGOLVDSpwZodQCqgEsgMLZQwG4Uu1ZCP4ZEpK79\/cy8UQWSW7uv\/f+\/HzOuedCSN73Xorw5Zfnfd7G5ORkswAAQE7NdQUAABITvAAApCZ4AQBITfACAJCa4AUAIDXBCwBAaoIXAIDUBC8AAKkJXgAAUhO8AACkJngBAEhN8AIAkJrgBQAgNcELAEBqghcAgNQELwAAqQleAABSE7wAAKQmeAEASE3wAgCQmuAFACA1wQsAQGqCFwCA1AQvAACpCV4AAFITvAAApCZ4AQBITfACAJCa4AUAIDXBCwBAaoIXAIDUBC8AAKkJXgAAUhO8AACkJngBAEhN8AIAkJrgBQAgNcELAEBqghcAgNQELwAAqQleAABSE7wAAKQmeAEASE3wAgCQmuAFACA1wQsAQGqCFwCA1AQvAACpCV4AAFITvAAApCZ4AQBITfACAJCa4AUAIDXBCwBAaoIXAIDUBC8AAKkJXgAAUhO8AACkJngBAEhN8AIAkJrgBQAgNcELAEBqghcAgNQELwAAqQleAABSE7wAAKQmeAEASE3wAgCQmuAFACA1wQsAQGqCFwCA1AQvAACpCV4AAFITvAAApCZ4AQBITfACAJCa4AUAIDXBCwBAaoIXAIDUBC8AAKkJXgAAUhO8AACkJngBAEhN8AIAkJrgBQAgNcELAEBqghcAgNQELwAAqQleAABSE7wAAKQmeAEASE3wAgCQmuAFACA1wQsAQGqCFwCA1AQvAACpCV4AAFITvAAApCZ4AQBITfACAJCa4AUAIDXBCwBAaoIXAIDUBC8AAKkJXgAAUhO8AACkJngBAEhN8AIAkJrgBQAgNcELAEBqghcAgNQELwAAqQleAABSE7wAAKQmeAEASE3wAgCQmuAFACA1wQsAQGqCFwCA1AQvAACpCV4AAFITvAAApCZ4AQBITfACAJCa4AUAIDXBCwBAaoIXAIDUBC8AAKkJXgAAUhO8AACkJngBAEhN8AIAkJrgBQAgNcELAEBqghcAgNQELwAAqQleAABSGy0APzONRuORH282mwWAfAQvkNJS1E5MTJRnnnmmbNmypfp1PKamph75NTdv3iyzs7PV840bN8qVK1eqjwthgOEmeIE0InIjZnft2lWef\/75sn379p+M29W4c+dOFb1nz54tZ86cqUJY\/AIMn8bk5KTv3sDQisjdvHlz2blzZ9m7d29HgbuS8+fPl5mZmeohfAGGRlPwAkMpQjcmuQcOHCjbtm1b8fNv375dTWtjqUKIJQ7xWIs4zr59+344FgC1JniB4RKhu2fPnnL48OFqbe5KInSnp6erR6zPXe69994rBw8eLGsRyx12795dLl++XACoNcELDIcI3ZjkRuiuZqIbrl+\/XkVprL19lFj+8MUXX5S1Er0AQ0HwAvX35JNPliNHjrQ9jX3hhRd+MnaXXLt2rTr+WsWyhh07dlTxC0AtNd14Aqi1WLZw+vTptmP3xIkTK8ZueHiZQ7vi9a11WQQA\/SF4gdqKi8o+++yzti8ui2nrqVOnVvW53ViOEGuKAagvwQvUUuzAEJPdtSw3iH1zVzPdDZ1OeENMeXu5HRoAnRG8QO3ERPeDDz5Y89ra1U53Q7e2FlvrFmcA9J7gBWplac3uWmM3ljPEDSJWa7WT4JV0cuEbAL0leIHamJiY6Ch2QzuxG9w8AiA\/wQvUxtGjR1d1M4nHaTd4465p3SCcAepL8AK18Oqrr3Zle692A7bdJRDdOi8A\/SN4gVp45513Sjes5QYQZ86cKZ2IYHbjCYD6ErzAwMU+tp0uZViylknrzMxMuX37dlmr6enpAkB9CV5g4OK2wd2w1nW0MZ09dOhQaTbbu9N6fP7x48c7nhAD0FuCFxiobdu2dW2628kWYxGt+\/fvL9evX18xfOPPYyJ87NixcvLkyQJAvY0WgAGq0215I3rPnTtX3eVt586dVYgv3yItJsFxK+KrV69WN7foxl3aAOi9xuTkZHs\/wwPoomvXrnXtpg0RrPv27SsAsEzTkgZgYGI5QzfvUGanBAAeRfACAxNLBwCg1wQvMDCbN28uANBrghcYGMELQD8IXmAgYu1uN9fvAsBPsS0ZMBDZp7uNR3zs14uNMr5YyrP3W8+t338+1ixfj6x+o5w45njrGL9edoz4\/d11zXKrNb74uvX819EHx+t0+53Gstf83P0Hrzt+HeI88br\/a6RU57bVD1B3ghegTQ\/HbETnE63nCMMnWmG4qfX7eIw3W88L8fzgYw8b33i\/TP9yoax0rq3zjbL1\/rqy495IeW6h8djPjxi9MLZYPtq4UP57pL0UXQrql+daj\/mR8tL8g\/fwOF+2zvFx6338ecOi8AVqS\/ACA9Gtu6v1w1IExkR108K6HwJ2KWZXisK1iCO+dm9d6xHhufrVZ\/G6ftP6mh1zI+XDX94vf\/jFwqrOFe\/l9b+NVOds5\/1EgP\/bN2Pl4HfNcnBivu3IBugHwQuwgpdak9u3vx0r3c\/a\/29povt2KyIfNRVerQjxw9+OVs\/TG386ep9qBevB70eqsO7EU63X+oc768uBibny5ajoBerFRWtAGr2aGn+2frH863hrermutyEX8fnR7Fj5\/ez6jmJ3uTe\/G60mtw+Lo7\/R+vipO2Mdx+6SidZfz0fx2hf68V8DgNUTvEAavdz1IaL3wJPz5ZMNC11fqxp5+Prf47Od5QurFdE7viygl8L6t9UEuLtxGtH79rd+eAjUi+AF0piYmCi9FBeE\/e6J++U\/ftW96J1ohejvvhn9+\/KD3kxGY1nD6\/cefLuPaW6vwnrJ1tax44I3gLrw33BgIO7cuVO6rV8Xwn38i\/vlbqNZ3v6ms2+hccFXxGe3li88zhvfPwjqN77vzvKFx3kwsR4tF8bmC0AdmPACA3Hjxo3SC1NTU6Uf\/rhhoZr4diJ2UliK3eZjHt0QU96l2O31ucLWef+8APVhwgsMRC8mvGHLli3l5s2bpR9iN4JNc51NZ\/8yulgd59ZIs3xT4oYOP\/7zZ2O7sFaoPtWFKXAE+l\/GFqubU8S57raa9O6yw0YUvzz3YCu0Ts8Wx4obVdzq8YV+AKsheIGBiCiN6O32hWb9mvCGWNbQiQjQuBDucS6MlfL5+sXy+y4sfYgL7\/79V\/dX\/JyLY50v1whxI45b6wUvMHh+5gQMTC8msdu2bSvZRBh\/vHHlG0isZHyV7fmnDQvlQmvy3PH5Oj8EQFcIXmBgzp8\/X7otY\/CGiNBOrXYXiGaXzgdQF4IXGJgrV66UboslEhmjN9ba3u1wCcV4G1\/+VwvegEQELzAwZ86cKb2wa9euktHdPm5te9fFZkAighcYmLhorRfLGvbs2dPTu64BMFwELzBQvZjyRuwePny4AEAQvMBAzczM9GRP3jfffLNs3769AIDgBQYqYjeitxfef\/\/9vt1uGID6ErzAwH344YelFyJ2T58+LXoBfuYELzBwcQOKEydOlF6I2L106VI5cuRIaTQa1aMT8fWxRjiOl3XPX4BsBC9QC9PT0+X69eulVyJQL168WC1z2LJlyw\/x+7gAXv458TWxLjgmxteuXauON2VyDDAUbC0O1EKs5T106FD55JNPSq\/EtDcee\/fuLTdu3Kgmy5cvXy6zs7Plq6+++tHnPv3002VqaqoK3Xi2zRnA8BK8QG3EnrzHjx8vR48eLb22FL+dLEuYbUW6b6IA9WdJA1ArJ0+eLKdOnSp1F6+xV3eKA6C7BC9QO2+99VZto7fZbFZT6HiNAAwHP40DaimCMtb1Hjx4sOOdFbrl9u3b1QQ6LrADYHgIXqC2jh07Vl1Y9u677w40emOqGxe37d+\/v3o9AAwXSxqAWotp6osvvljOnTtXhWe\/xVQ3wvuVV14RuwBDSvACtRehuXv37mqZQ+zV24\/wjdCNtboR25YwAAw3wQsMjZmZmbJ169ZqacGnn35ahW834zeOtTx0Y71u7NELwHCzhhcYOrEdWDzihhCxj+7OnTvL5s2bq311l6y05nd5KF+5cqXaA\/js2bPVMwC5CF5gaMVSh5j6xiNMTExUd0aL+I1fRxCHpRCOu6uFmNpevXq1+v3SndYAyEvwAmlEuMaE1pQWgOWs4QUAIDXBCwBAaoIXAIDUBC8AAKkJXgAAUhO8AACkJngBAEhN8AIAkJrgBQAgNcELsEabFhqlE+PNzr6+l8YXO39tdX5\/wM+L4AVYo02LnQZve2HZ6fnaCfQnmqUjcabnFgQvUA+CF6BNkXG\/\/W604wANr82tKysdJf789b+NlE7F6\/2n+caqzvebe53\/8\/DavZHWY+X3B9BrjcnJyQ7\/Hw+Q30QrFp9dKOXluZEqBrv54\/o\/blgon69fLBdHm2V2XfNH5\/znuUbZMb+u7JjrPHiXn+9PrcfFsWZZ\/g9ABPGO1vniPb403715yNet93RhbLE676WHzgnQB03BC7AKl\/5nQ+mHvf8wV74caVbx+ef\/XV96KUL0X\/5xrvr1y61J83\/eHSv98OLkvQLQR83RAsCKpjfeL\/1wt7H03Oz5OWeXDalvjTT78h5NWIBBMOEFACCzpovWAABITfACAJCa4AUAIDXBCwBAaoIXAIDUBC8AAKkJXgAAUhO8AACkJngBAEhN8AIAkJrgBQAgNcELAEBqghcAgNQELwAAqQleAABSE7wAAKQmeAEASE3wAgCQmuAFACA1wQsAQGqCFwCA1AQvAACpCV4AAFITvAAApCZ4AQBITfACAJCa4AUAIDXBCwBAaoIXAIDUBC8AAKkJXgAAUhO8AACkJngBAEhN8AIAkJrgBQAgNcELAEBqghcAgNQELwAAqQleAABSE7wAAKQmeAEASE3wAgCQmuAFACA1wQsAQGqCFwCA1AQvAACpCV4AAFITvAAApCZ4AQBITfACAJCa4AUAIDXBCwBAaoIXAIDUBC8AAKkJXgAAUhO8AACkJngBAEhN8AIAkJrgBQAgNcELAEBqghcAgNQELwAAqQleAABSE7wAAKQmeAEASE3wAgCQmuAFACA1wQsAQGqCFwCA1AQvAACpCV4AAFITvAAApCZ4AQBITfACAJCa4AUAIDXBCwBAaoIXAIDUBC8AAKkJXgAAUhO8AACkJngBAEhN8AIAkJrgBQAgNcELAEBqghcAgNQELwAAqQleAABSE7wAAKQmeAEASE3wAgCQmuAFACA1wQsAQGqCFwCA1AQvAACpCV4AAFITvAAApCZ4AQBITfACAJCa4AUAIDXBCwBAaoIXAIDUBC8AAKkJXgAAUhO8AACkJngBAEhN8AIAkJrgBQAgNcELAEBqghcAgNQELwAAqQleAABSE7wAAKQmeAEASE3wAgCQmuAFACA1wQsAQGqCFwCA1AQvAACpCV4AAFITvAAApCZ4AQBITfACAJCa4AUAIDXBCwBAaoIXAIDUBC8AAKkJXgAAUhO8AACkJngBAEhN8AIAkJrgBQAgNcELAEBqghcAgNQELwAAqQleAABSE7wAAKQmeAEASE3wAgCQmuAFACA1wQsAQGqCFwCA1AQvAACpCV4AAFIbbT2aBQAAcmr+HxOS2LXTZHzQAAAAAElFTkSuQmCC'\/%3E%3C\/svg%3E&quot;)\"   src=\"https:\/\/www.europesays.com\/fr\/wp-content\/uploads\/2025\/07\/entretien-avec-gerard-larcher-president-du-senat-gerard-larcher-191017tgo01-1753371896_18309a0de8136.jpeg\"\/>Le pr\u00e9sident du S\u00e9nat, G\u00e9rard Larcher, estime que \u00ab\u00a0l&rsquo;intention pr\u00eat\u00e9e au ministre de ne pas tenir compte de l&rsquo;avis du Conseil d&rsquo;\u00c9tat ne manque pas de (l)&rsquo;inqui\u00e9ter.\u00a0\u00bb Pillot &#8211; LP &#8211; TGarro &#8211; GARRO Thierry<\/p>\n<p>Un t\u00e9lescopage politique qui rouvre des fractures jamais v\u00e9ritablement referm\u00e9es sur le dossier corse et laisse augurer du bras de fer qui se profile, malgr\u00e9 le discours ferme de la majorit\u00e9 territoriale et de tous ceux qui pr\u00f4nent une \u00e9volution statutaire.<\/p>\n<p>Quelques heures auparavant, la pr\u00e9sidente de l&rsquo;Assembl\u00e9e de Corse, Marie-Antoinette Maupertuis, avait ainsi l\u00e2ch\u00e9\u00a0: \u00ab\u00a0Nous nous opposerons \u00e0 toute tentative de retour en arri\u00e8re\u00a0\u00bb.<\/p>\n<p>Le patron de l&rsquo;ex\u00e9cutif avait rench\u00e9ri, \u00ab\u00a0si demain, on nous imposait un texte \u00e9dulcor\u00e9, nous reprendrions notre libert\u00e9\u00a0\u00bb.<\/p>\n<p>C&rsquo;est, \u00e0 l&rsquo;\u00e9vidence, un bras de fer qui s&rsquo;engage, pla\u00e7ant Fran\u00e7ois Rebsamen dans une position peu enviable et renfor\u00e7ant l&rsquo;inqui\u00e9tude des \u00e9lus Corses.<\/p>\n<p>Au point que Paul-F\u00e9lix Benedetti n&rsquo;a cess\u00e9 de le marteler dans l&rsquo;h\u00e9micycle,\u00a0\u00bbsi, techniquement, les \u00e9critures constitutionnelles valid\u00e9es \u00e0 Beauvau peuvent \u00eatre modifi\u00e9es, moralement et politiquement, c&rsquo;est impossible\u00a0\u00bb.<\/p>\n<p>G\u00e9rard Larcher compte en d\u00e9cider autrement.<\/p>\n<p>Il conviendrait que le projet de loi constitutionnelle soit examin\u00e9 \u00ab\u00a0en premier lieu au S\u00e9nat\u00a0\u00bb<\/p>\n<p>Dans le courrier envoy\u00e9 \u00e0 Fran\u00e7ois Bayrou, le pr\u00e9sident du S\u00e9nat cible explicitement l&rsquo;octroi d&rsquo;un pouvoir l\u00e9gislatif. \u00c0 ses yeux, enfonce-t-il le clou, la \u00ab\u00a0condition tenant au contr\u00f4le du Parlement est imp\u00e9rative, comme j&rsquo;ai d\u00e9j\u00e0 eu l&rsquo;occasion de le souligner \u00e0 plusieurs reprises devant vous et devant le ministre Fran\u00e7ois Rebsamen\u00a0\u00bb.<\/p>\n<p>Le premier d&rsquo;entre les s\u00e9nateurs manifeste, de surcro\u00eet, son opposition \u00e0 \u00ab\u00a0la reconnaissance de l&rsquo;existence d&rsquo;une communaut\u00e9 en Corse\u00a0\u00bb. Le \u00ab\u00a0Conseil d&rsquo;\u00c9tat, argue-t-il, rel\u00e8ve que ce terme ne figure pas dans le bloc de constitutionnalit\u00e9\u00a0\u00bb.<\/p>\n<p>Il partage, en outre, l&rsquo;avis de la plus haute juridiction de l&rsquo;ordre administratif qui estime qu&rsquo;il n&rsquo;est pas envisageable de maintenir la r\u00e9f\u00e9rence \u00ab\u00a0lien singulier \u00e0 sa terre\u201d , puisqu'\u00a0\u00bbun sens pr\u00e9cis\u00a0\u00bb ne saurait lui \u00eatre octroy\u00e9.<\/p>\n<p>\u00c0 telle enseigne que G\u00e9rard Larcher invite le Premier ministre \u00e0 \u00eatre \u00ab\u00a0attentif \u00e0 cet avis\u00a0\u00bb. Consid\u00e9rant, par ailleurs, qu&rsquo;il conviendrait que le projet de loi constitutionnelle soit examin\u00e9 \u00ab\u00a0en premier lieu au S\u00e9nat\u00a0\u00bb\u00a0en ce qu&rsquo;il\u00a0\u00ab\u00a0assure la repr\u00e9sentation des collectivit\u00e9s territoriales pour la R\u00e9publique\u00a0\u00bb.<\/p>\n<p>Le message est d&rsquo;autant plus clair que la r\u00e9forme constitutionnelle ne peut \u00eatre adopt\u00e9e sans un vote en des termes identiques de l&rsquo;Assembl\u00e9e nationale et du S\u00e9nat.<\/p>\n<p>Jusqu&rsquo;o\u00f9 la donne pourrait-elle \u00eatre boulevers\u00e9e par les lev\u00e9es de boucliers qui menacent de surgir tous azimuts &#8211; Bruno Retailleau, le ministre de l&rsquo;Int\u00e9rieur devrait ne pas \u00eatre en reste &#8211; c&rsquo;est la question.<\/p>\n<p>\u00ab\u00a0Il n&rsquo;est pas question de fermer la porte \u00e0 une aspiration extr\u00eamement majoritaire en Corse\u00a0\u00bb<\/p>\n<p>Pour le moment, il faut \u00ab\u00a0continuer \u00e0 produire un message fort en direction de Paris\u00a0\u00bb, appuie Pierre Ghionga (Un&rsquo;altra strada, groupe form\u00e9 avec Charlotte Terrighi), faire jouer \u00ab\u00a0la force du rapport de force\u00a0\u00bb, dit Saveriu Luciani (Avanzemu-PNC).<\/p>\n<p>D&rsquo;accord avec ce dernier, Josepha Giacometti qui se demande \u00ab\u00a0ce qu&rsquo;il va subsister d&rsquo;un texte con\u00e7u au plus petit d\u00e9nominateur commun\u00a0\u00bb.<\/p>\n<p>Si Romain Colonna (F\u00e0 popul\u00f9) avait point\u00e9 quelques minutes auparavant combien il avait \u00e9t\u00e9 utile de \u00ab\u00a0parachever la premi\u00e8re phase de n\u00e9gociations avec le gouvernement\u00a0\u00bb, le tacle du s\u00e9nateur des Yvelines a de quoi inqui\u00e9ter Gilles Simeoni.<\/p>\n<p>\u00ab\u00a0Nous sommes \u00e0 un moment de v\u00e9rit\u00e9, un point crucial, que ce courrier vient cristalliser. Les d\u00e9put\u00e9s et s\u00e9nateurs devront se d\u00e9terminer en leur \u00e2me et conscience, sachant que nous sommes dans un d\u00e9bat profond\u00e9ment politique. Mais qu&rsquo;il n&rsquo;est pas question de fermer la porte \u00e0 une aspiration extr\u00eamement majoritaire en Corse\u00a0\u00bb.<\/p>\n<p>Le pr\u00e9sident de l&rsquo;ex\u00e9cutif a \u00e9galement confi\u00e9 qu&rsquo;il y a un \u00ab\u00a0travail de conviction \u00e0 faire\u00a0\u00bb, certains parlementaires n&rsquo;ayant pas forc\u00e9ment \u00ab\u00a0toutes les cartes en main. Au-del\u00e0, il appartient \u00e0 la droite de prendre ses responsabilit\u00e9s\u00a0\u00bb.<\/p>\n<p>Pour Jean-Martin Mondoloni, le positionnement du pr\u00e9sident du S\u00e9nat \u00e9tait pr\u00e9visible. \u00ab\u00a0Nous rentrons dans le principe de r\u00e9alit\u00e9. Pour notre part, nous demeurons droits dans nos bottes, oui \u00e0 la reconnaissance de notre singularit\u00e9. Mais avec d&rsquo;importantes r\u00e9serves sur l&rsquo;octroi du pouvoir l\u00e9gislatif \u00ab\u00a0.<\/p>\n<p>Le match ne fait que commencer.<\/p>\n","protected":false},"excerpt":{"rendered":"\u00ab\u00a0Le Parlement ne va pas se g\u00eaner pour amender. La poutre va in\u00e9vitablement travailler.\u00a0\u00bb La pr\u00e9diction de Jean-Martin&hellip;\n","protected":false},"author":2,"featured_media":272044,"comment_status":"","ping_status":"","sticky":false,"template":"","format":"standard","meta":{"footnotes":""},"categories":[2],"tags":[17,11,41159,13643,1102,2517,7891,1011,27,8294,41158,12,316,96],"class_list":{"0":"post-272043","1":"post","2":"type-post","3":"status-publish","4":"format-standard","5":"has-post-thumbnail","7":"category-actualites","8":"tag-17","9":"tag-actualites","10":"tag-atteinte","11":"tag-autonomie","12":"tag-breakingnews","13":"tag-corse","14":"tag-denonce","15":"tag-fr","16":"tag-france","17":"tag-gerard","18":"tag-larcher","19":"tag-news","20":"tag-politique","21":"tag-une"},"share_on_mastodon":{"url":"https:\/\/pubeurope.com\/@fr\/114912158243380729","error":""},"_links":{"self":[{"href":"https:\/\/www.europesays.com\/fr\/wp-json\/wp\/v2\/posts\/272043","targetHints":{"allow":["GET"]}}],"collection":[{"href":"https:\/\/www.europesays.com\/fr\/wp-json\/wp\/v2\/posts"}],"about":[{"href":"https:\/\/www.europesays.com\/fr\/wp-json\/wp\/v2\/types\/post"}],"author":[{"embeddable":true,"href":"https:\/\/www.europesays.com\/fr\/wp-json\/wp\/v2\/users\/2"}],"replies":[{"embeddable":true,"href":"https:\/\/www.europesays.com\/fr\/wp-json\/wp\/v2\/comments?post=272043"}],"version-history":[{"count":0,"href":"https:\/\/www.europesays.com\/fr\/wp-json\/wp\/v2\/posts\/272043\/revisions"}],"wp:featuredmedia":[{"embeddable":true,"href":"https:\/\/www.europesays.com\/fr\/wp-json\/wp\/v2\/media\/272044"}],"wp:attachment":[{"href":"https:\/\/www.europesays.com\/fr\/wp-json\/wp\/v2\/media?parent=272043"}],"wp:term":[{"taxonomy":"category","embeddable":true,"href":"https:\/\/www.europesays.com\/fr\/wp-json\/wp\/v2\/categories?post=272043"},{"taxonomy":"post_tag","embeddable":true,"href":"https:\/\/www.europesays.com\/fr\/wp-json\/wp\/v2\/tags?post=272043"}],"curies":[{"name":"wp","href":"https:\/\/api.w.org\/{rel}","templated":true}]}}