{"id":272045,"date":"2025-07-25T05:13:12","date_gmt":"2025-07-25T05:13:12","guid":{"rendered":"https:\/\/www.europesays.com\/fr\/272045\/"},"modified":"2025-07-25T05:13:12","modified_gmt":"2025-07-25T05:13:12","slug":"saint-etienne-plusieurs-blesses-dans-une-course-poursuite-a-lheure-du-marche-jai-deconne","status":"publish","type":"post","link":"https:\/\/www.europesays.com\/fr\/272045\/","title":{"rendered":"Saint-\u00c9tienne. Plusieurs bless\u00e9s dans une course-poursuite \u00e0 l\u2019heure du march\u00e9\u00a0: \u00ab\u00a0J\u2019ai d\u00e9conn\u00e9\u00a0\u00bb"},"content":{"rendered":"<p>Une voiture folle qui surgit sur les trottoirs, renverse un passant, remonte \u00e0 contresens les ruelles \u00e9troites du centre-ville de Saint-\u00c9tienne \u00e0 80 ou 100\u00a0km\/h, percute plusieurs voitures dont un \u00e9quipage de police. Le tout, samedi dernier \u00e0 7\u00a0h 30, alors que la place Jacquard attire les premiers clients du march\u00e9.<\/p>\n<p>La sc\u00e8ne d\u00e9crite par le pr\u00e9sident du tribunal, ce mercredi 23\u00a0juillet en audience de comparutions imm\u00e9diates, a fait plusieurs bless\u00e9s. Le septuag\u00e9naire qui a vu&#8230;<\/p>\n","protected":false},"excerpt":{"rendered":"Une voiture folle qui surgit sur les trottoirs, renverse un passant, remonte \u00e0 contresens les ruelles \u00e9troites du&hellip;\n","protected":false},"author":2,"featured_media":272046,"comment_status":"","ping_status":"","sticky":false,"template":"","format":"standard","meta":{"footnotes":""},"categories":[9653],"tags":[1111,11,2430,271,272,7539,1777,674,274,107,1011,27,3367,12,25,4001,7538],"class_list":{"0":"post-272045","1":"post","2":"type-post","3":"status-publish","4":"format-standard","5":"has-post-thumbnail","7":"category-saint-etienne","8":"tag-actu","9":"tag-actualites","10":"tag-auvergne-rhone-alpes","11":"tag-crime","12":"tag-delit-et-contravention","13":"tag-edition-loire-sud","14":"tag-eu","15":"tag-europe","16":"tag-faits-divers-justice","17":"tag-fil-info","18":"tag-fr","19":"tag-france","20":"tag-loire","21":"tag-news","22":"tag-republique-francaise","23":"tag-saint-etienne","24":"tag-saint-etienne-ville"},"share_on_mastodon":{"url":"https:\/\/pubeurope.com\/@fr\/114912166046044678","error":""},"_links":{"self":[{"href":"https:\/\/www.europesays.com\/fr\/wp-json\/wp\/v2\/posts\/272045","targetHints":{"allow":["GET"]}}],"collection":[{"href":"https:\/\/www.europesays.com\/fr\/wp-json\/wp\/v2\/posts"}],"about":[{"href":"https:\/\/www.europesays.com\/fr\/wp-json\/wp\/v2\/types\/post"}],"author":[{"embeddable":true,"href":"https:\/\/www.europesays.com\/fr\/wp-json\/wp\/v2\/users\/2"}],"replies":[{"embeddable":true,"href":"https:\/\/www.europesays.com\/fr\/wp-json\/wp\/v2\/comments?post=272045"}],"version-history":[{"count":0,"href":"https:\/\/www.europesays.com\/fr\/wp-json\/wp\/v2\/posts\/272045\/revisions"}],"wp:featuredmedia":[{"embeddable":true,"href":"https:\/\/www.europesays.com\/fr\/wp-json\/wp\/v2\/media\/272046"}],"wp:attachment":[{"href":"https:\/\/www.europesays.com\/fr\/wp-json\/wp\/v2\/media?parent=272045"}],"wp:term":[{"taxonomy":"category","embeddable":true,"href":"https:\/\/www.europesays.com\/fr\/wp-json\/wp\/v2\/categories?post=272045"},{"taxonomy":"post_tag","embeddable":true,"href":"https:\/\/www.europesays.com\/fr\/wp-json\/wp\/v2\/tags?post=272045"}],"curies":[{"name":"wp","href":"https:\/\/api.w.org\/{rel}","templated":true}]}}