{"id":272049,"date":"2025-07-25T05:17:14","date_gmt":"2025-07-25T05:17:14","guid":{"rendered":"https:\/\/www.europesays.com\/fr\/272049\/"},"modified":"2025-07-25T05:17:14","modified_gmt":"2025-07-25T05:17:14","slug":"ta-priorite-cetait-de-faire-le-bien-autour-de-toi-un-hommage-du-coeur-pour-roland-joffre-lancien-maire-du-pradet","status":"publish","type":"post","link":"https:\/\/www.europesays.com\/fr\/272049\/","title":{"rendered":"\u00ab\u00a0Ta priorit\u00e9, c\u2019\u00e9tait de faire le bien autour de toi\u00a0\u00bb: un \u00ab\u00a0hommage du c\u0153ur\u00a0\u00bb pour Roland Joffre, l\u2019ancien maire du Pradet"},"content":{"rendered":"<p>Malgr\u00e9 la chaleur accablante, <a href=\"https:\/\/www.varmatin.com\/vie-locale\/l-ancien-maire-du-pradet-roland-joffre-s-est-eteint-a-l-age-de-78-ans-994701\" rel=\"nofollow noopener\" target=\"_blank\">des dizaines de Prad\u00e9tans sont venues rendre un dernier hommage \u00e0 Roland Joffre<\/a> qui a \u00e9t\u00e9 maire de la commune pendant trois mandats (1989-2008).<\/p>\n<p>Le premier magistrat actuel, Herv\u00e9 Stassinos, a pris la parole pour saluer un \u00ab\u00a0homme de conviction, d\u2019engagement et de proximit\u00e9 qui a marqu\u00e9 l\u2019histoire du Pradet par son d\u00e9vouement, sa vision et son amour sinc\u00e8re pour la ville et ses habitants. Le Pradet perd un homme engag\u00e9, certains perdent aussi un ami, un guide, une r\u00e9f\u00e9rence. Que son souvenir nous inspire.\u00a0\u00bb<\/p>\n<p>\u00ab\u00a0C\u2019est un hommage du c\u0153ur qu\u2019on livre \u00e0 Roland aujourd\u2019hui\u00a0\u00bb, soufflait un habitant dans l\u2019assistance.<\/p>\n<p>              <img ci-src=\"https:\/\/www.varmatin.com\/vie-locale\/protec\/DATA_ART_15964562-B5fTDIPT.jpg?vh=8d99a9&amp;ci_seal=20af95edc9\" alt=\"\"\/><br \/>\n        Photo Camille Dodet \/ Nice Matin Hommage a Roland Joffre ancien maire du Pradet decede ce jour <strong>Camille Dodet \/ Nice Matin.<\/strong> <\/p>\n<p>                                <strong>\u00ab\u00a037 ann\u00e9es pour le Pradet\u00a0\u00bb<\/strong><\/p>\n<p>Les deux fils du d\u00e9funt, Eric et Marc, \u00e9taient pr\u00e9sents pour rendre hommage \u00e0 leur p\u00e8re. \u00ab\u00a0Notre tristesse aujourd\u2019hui est abyssale. Tu laisses un grand vide ici. On n\u2019oublie pas ta carri\u00e8re d\u2019enseignant passionn\u00e9. Tu as particip\u00e9 \u00e0 la cr\u00e9ation d\u2019un BTS puis tu as travaill\u00e9 une dizaine d\u2019ann\u00e9es \u00e0 l\u2019universit\u00e9. Tu as form\u00e9 beaucoup d\u2019\u00e9tudiants ici. Au total, tu as consacr\u00e9 37 ann\u00e9es de ta vie \u00e0 la commune du Pradet. Tu laisses un patrimoine fait de valeurs et d\u2019actions concr\u00e8tes. Ta priorit\u00e9, c\u2019\u00e9tait de faire le bien autour de toi. Merci papa!\u00a0\u00bb<\/p>\n<p>Apr\u00e8s un long recueillement devant le cercueil pos\u00e9 devant la mairie, les habitants ont \u00e9crit sur le livre d\u2019or quelques mots personnels en souvenir de Roland Joffre. Puis des applaudissements ont accompagn\u00e9 le d\u00e9part du cercueil. Une messe avait lieu en l\u2019\u00e9glise Saint-Raymond Nonnat du Pradet dans l\u2019apr\u00e8s-midi pour un dernier au revoir \u00e0 l\u2019ex-premier magistrat de la commune.<\/p>\n","protected":false},"excerpt":{"rendered":"Malgr\u00e9 la chaleur accablante, des dizaines de Prad\u00e9tans sont venues rendre un dernier hommage \u00e0 Roland Joffre qui&hellip;\n","protected":false},"author":2,"featured_media":272050,"comment_status":"","ping_status":"","sticky":false,"template":"","format":"standard","meta":{"footnotes":""},"categories":[9619],"tags":[1111,11,1777,674,1011,27,12,882,25,2310,3366],"class_list":{"0":"post-272049","1":"post","2":"type-post","3":"status-publish","4":"format-standard","5":"has-post-thumbnail","7":"category-toulon","8":"tag-actu","9":"tag-actualites","10":"tag-eu","11":"tag-europe","12":"tag-fr","13":"tag-france","14":"tag-news","15":"tag-provence-alpes-cote-dazur","16":"tag-republique-francaise","17":"tag-toulon","18":"tag-vie-locale"},"share_on_mastodon":{"url":"https:\/\/pubeurope.com\/@fr\/114912181837759881","error":""},"_links":{"self":[{"href":"https:\/\/www.europesays.com\/fr\/wp-json\/wp\/v2\/posts\/272049","targetHints":{"allow":["GET"]}}],"collection":[{"href":"https:\/\/www.europesays.com\/fr\/wp-json\/wp\/v2\/posts"}],"about":[{"href":"https:\/\/www.europesays.com\/fr\/wp-json\/wp\/v2\/types\/post"}],"author":[{"embeddable":true,"href":"https:\/\/www.europesays.com\/fr\/wp-json\/wp\/v2\/users\/2"}],"replies":[{"embeddable":true,"href":"https:\/\/www.europesays.com\/fr\/wp-json\/wp\/v2\/comments?post=272049"}],"version-history":[{"count":0,"href":"https:\/\/www.europesays.com\/fr\/wp-json\/wp\/v2\/posts\/272049\/revisions"}],"wp:featuredmedia":[{"embeddable":true,"href":"https:\/\/www.europesays.com\/fr\/wp-json\/wp\/v2\/media\/272050"}],"wp:attachment":[{"href":"https:\/\/www.europesays.com\/fr\/wp-json\/wp\/v2\/media?parent=272049"}],"wp:term":[{"taxonomy":"category","embeddable":true,"href":"https:\/\/www.europesays.com\/fr\/wp-json\/wp\/v2\/categories?post=272049"},{"taxonomy":"post_tag","embeddable":true,"href":"https:\/\/www.europesays.com\/fr\/wp-json\/wp\/v2\/tags?post=272049"}],"curies":[{"name":"wp","href":"https:\/\/api.w.org\/{rel}","templated":true}]}}