{"id":272061,"date":"2025-07-25T05:27:10","date_gmt":"2025-07-25T05:27:10","guid":{"rendered":"https:\/\/www.europesays.com\/fr\/272061\/"},"modified":"2025-07-25T05:27:10","modified_gmt":"2025-07-25T05:27:10","slug":"cette-mesure-exceptionnelle-est-toujours-en-place-jusqua-debut-octobre","status":"publish","type":"post","link":"https:\/\/www.europesays.com\/fr\/272061\/","title":{"rendered":"cette mesure exceptionnelle est toujours en place jusqu&rsquo;\u00e0 d\u00e9but octobre"},"content":{"rendered":"<p>            Par<br \/>\n        <strong><br \/>\n            <a href=\"https:\/\/actu.fr\/auteur\/lou-batteux\" title=\"Consulter tous les articles de Lou Batteux\" target=\"_blank\" rel=\"noopener\">Lou Batteux<\/a><br \/>\n        <\/strong><\/p>\n<p>        Publi\u00e9 le<\/p>\n<p>            25 juil. 2025 \u00e0 6h32        <\/p>\n<p>Une piq\u00fbre de rappel ne fait pas de mal. L\u2019\u00e9t\u00e9, en raison d\u2019une fr\u00e9quentation accrue du territoire rennais et d\u2019une r\u00e9gulation des effectifs m\u00e9dicaux, l\u2019acc\u00e8s aux <strong>services d\u2019urgences adultes et p\u00e9diatriques<\/strong> est limit\u00e9. Autrement dit, sur certains cr\u00e9neaux, <strong>seules les urgences graves et vitales sont <\/strong><strong>prises en charge<\/strong>.<\/p>\n<p class=\" wall-content\">Comme <a href=\"https:\/\/actu.fr\/bretagne\/rennes_35238\/penurie-de-soignants-dans-ces-hopitaux-d-ille-et-vilaine-il-faudra-appeler-le-15-avant-d-aller-aux-urgences_62891306.html\" target=\"_blank\" rel=\"noopener\">l\u2019ARS<\/a> et les <a href=\"https:\/\/actu.fr\/bretagne\/rennes_35238\/par-manque-d-effectif-les-urgences-fermees-la-nuit-dans-les-hopitaux-prives-de-saint-gregoire_62872419.html\" target=\"_blank\" rel=\"noopener\">h\u00f4pitaux priv\u00e9s<\/a> l\u2019avaient d\u00e9j\u00e0 annonc\u00e9, l\u2019appel au SAMU (15) est obligatoire avant de se rendre aux <strong>services d\u2019urgences de la m\u00e9tropole rennaise<\/strong>. Cette mesure concerne uniquement <strong>la tranche horaire de 18h30 \u00e0 8h<\/strong>.<\/p>\n<p class=\" wall-content\">Le but ? \u00ab\u00a0<strong>Garantir de bonnes conditions d\u2019accueil aux patients<\/strong> n\u00e9cessitant une hospitalisation en <strong>orientant les autres situations<\/strong> vers des solutions plus adapt\u00e9es.\u00a0\u00bb<\/p>\n<p>Les h\u00f4pitaux en question<\/p>\n<p class=\" wall-content\">Ce dispositif s\u2019appliquant dans la m\u00e9tropole de Rennes, trois h\u00f4pitaux sont concern\u00e9s :\u00a0<\/p>\n<ul class=\" wall-content\">\n<li>Le CHU de Rennes \u2013 H\u00f4pital Pontchaillou ;<\/li>\n<li>Les H\u00f4pitaux Priv\u00e9s Rennais \u2013 Saint-Gr\u00e9goire ;<\/li>\n<li>Les H\u00f4pitaux Priv\u00e9s Rennais \u2013 Cesson-S\u00e9vign\u00e9 (le service des urgences est ferm\u00e9 de 22h \u00e0 8h jusqu\u2019au 1er octobre 2025).<\/li>\n<\/ul>\n<blockquote class=\"ac-article-quote wall-content\">\n<p>Le recours au m\u00e9decin traitant ou \u00e0 un rendez-vous de t\u00e9l\u00e9consultation en journ\u00e9e doit rester le premier r\u00e9flexe.<\/p>\n<p>    <strong>CHU Rennes et Les H\u00f4pitaux Priv\u00e9s Rennais<\/strong>\n            <\/p><\/blockquote>\n<p>Le r\u00f4le du SAMU<\/p>\n<p class=\" wall-content\">En appelant le 15, vous pourrez b\u00e9n\u00e9ficier de conseils m\u00e9dicaux par t\u00e9l\u00e9phone et <strong>\u00eatre orient\u00e9 vers une consultation ou t\u00e9l\u00e9consultation adapt\u00e9e<\/strong> : m\u00e9decin de garde, centre de soins non programm\u00e9s, envoi d\u2019une \u00e9quipe m\u00e9dicale\u2026 L\u2019orientation vers un service d\u2019urgences hospitalier est le <strong>dernier recours<\/strong>.\u00a0<\/p>\n<p class=\" wall-content\">Dans les trois services d\u2019urgences \u00e9voqu\u00e9s plus t\u00f4t, une <strong>infirmi\u00e8re\u00a0d\u2019accueil et d\u2019orientation<\/strong> (IAO) sera pr\u00e9sente afin d\u2019orienter les personnes qui se pr\u00e9senteraient spontan\u00e9ment, sans avoir contact\u00e9 le 15 au pr\u00e9alable. Mais ne consid\u00e9rez pas qu\u2019elle est une solution. \u00c9vitez de vous rendre sur place. Appelez le 15.<\/p>\n<p class=\" wall-content\">Suivez toute l\u2019actualit\u00e9 de vos villes et m\u00e9dias favoris en vous inscrivant \u00e0 <a href=\"https:\/\/moncompte.actu.fr\" title=\"D\u00e9couvez Mon Actu\" rel=\"nofollow noopener\" data-trk=\"{&quot;cta&quot;:{&quot;action&quot;:&quot;https:\\\/\\\/moncompte.actu.fr&quot;,&quot;category&quot;:&quot;mon compte&quot;,&quot;from&quot;:&quot;article footer&quot;,&quot;name&quot;:&quot;Mon actu&quot;,&quot;type&quot;:&quot;cta&quot;}}\" target=\"_blank\">Mon Actu<\/a>.<\/p>\n","protected":false},"excerpt":{"rendered":"Par Lou Batteux Publi\u00e9 le 25 juil. 2025 \u00e0 6h32 Une piq\u00fbre de rappel ne fait pas de&hellip;\n","protected":false},"author":2,"featured_media":272062,"comment_status":"","ping_status":"","sticky":false,"template":"","format":"standard","meta":{"footnotes":""},"categories":[2821],"tags":[1111,11,829,7513,1777,674,1011,27,100,12,584,25,104,6444],"class_list":{"0":"post-272061","1":"post","2":"type-post","3":"status-publish","4":"format-standard","5":"has-post-thumbnail","7":"category-rennes","8":"tag-actu","9":"tag-actualites","10":"tag-bretagne","11":"tag-chu-de-rennes","12":"tag-eu","13":"tag-europe","14":"tag-fr","15":"tag-france","16":"tag-hopital","17":"tag-news","18":"tag-rennes","19":"tag-republique-francaise","20":"tag-societe","21":"tag-urgences"},"share_on_mastodon":{"url":"","error":""},"_links":{"self":[{"href":"https:\/\/www.europesays.com\/fr\/wp-json\/wp\/v2\/posts\/272061","targetHints":{"allow":["GET"]}}],"collection":[{"href":"https:\/\/www.europesays.com\/fr\/wp-json\/wp\/v2\/posts"}],"about":[{"href":"https:\/\/www.europesays.com\/fr\/wp-json\/wp\/v2\/types\/post"}],"author":[{"embeddable":true,"href":"https:\/\/www.europesays.com\/fr\/wp-json\/wp\/v2\/users\/2"}],"replies":[{"embeddable":true,"href":"https:\/\/www.europesays.com\/fr\/wp-json\/wp\/v2\/comments?post=272061"}],"version-history":[{"count":0,"href":"https:\/\/www.europesays.com\/fr\/wp-json\/wp\/v2\/posts\/272061\/revisions"}],"wp:featuredmedia":[{"embeddable":true,"href":"https:\/\/www.europesays.com\/fr\/wp-json\/wp\/v2\/media\/272062"}],"wp:attachment":[{"href":"https:\/\/www.europesays.com\/fr\/wp-json\/wp\/v2\/media?parent=272061"}],"wp:term":[{"taxonomy":"category","embeddable":true,"href":"https:\/\/www.europesays.com\/fr\/wp-json\/wp\/v2\/categories?post=272061"},{"taxonomy":"post_tag","embeddable":true,"href":"https:\/\/www.europesays.com\/fr\/wp-json\/wp\/v2\/tags?post=272061"}],"curies":[{"name":"wp","href":"https:\/\/api.w.org\/{rel}","templated":true}]}}