{"id":272066,"date":"2025-07-25T05:30:15","date_gmt":"2025-07-25T05:30:15","guid":{"rendered":"https:\/\/www.europesays.com\/fr\/272066\/"},"modified":"2025-07-25T05:30:15","modified_gmt":"2025-07-25T05:30:15","slug":"la-circulation-des-trams-sera-tres-perturbee-samedi","status":"publish","type":"post","link":"https:\/\/www.europesays.com\/fr\/272066\/","title":{"rendered":"la circulation des trams sera tr\u00e8s perturb\u00e9e samedi"},"content":{"rendered":"<p>            Par<br \/>\n        <strong><br \/>\n            <a href=\"https:\/\/actu.fr\/auteur\/redaction-strasbourg\" title=\"Consulter tous les articles de R\u00e9daction Strasbourg\" target=\"_blank\" rel=\"noopener\">R\u00e9daction Strasbourg<\/a><br \/>\n        <\/strong><\/p>\n<p>        Publi\u00e9 le<\/p>\n<p>            25 juil. 2025 \u00e0 7h02        <\/p>\n<p>La\u00a0<strong>grande braderie<\/strong>\u00a0revient samedi 26\u00a0juillet dans les rues de\u00a0<strong>Strasbourg<\/strong> (<a href=\"https:\/\/actu.fr\/strasbourg\/\" target=\"_blank\" rel=\"noopener\">Bas-Rhin<\/a>) apr\u00e8s une\u00a0<a href=\"https:\/\/actu.fr\/grand-est\/strasbourg_67482\/c-etait-nul-pourquoi-l-edition-2024-de-la-braderie-de-strasbourg-a-decu-plusieurs-commercants_61381868.html\" target=\"_blank\" rel=\"noopener\">\u00e9dition 2024 modifi\u00e9e<\/a> en raison de la tenue des Jeux olympiques de Paris. \u00c0 cette occasion, le centre-ville sera pris d\u2019assaut et de<strong> grosses perturbations de circulation<\/strong> sont \u00e0 prendre en compte si vous comptez prendre <strong>les transports en commun<\/strong>.<\/p>\n<p class=\" wall-content\">D\u00e9couvrez-les en d\u00e9tail.<\/p>\n<p>La circulation des trams perturb\u00e9e<\/p>\n<p class=\" wall-content\"><strong>Toutes les lignes de tramway<\/strong> seront interrompues \u00e0 l\u2019int\u00e9rieur de la Grande \u00eele du d\u00e9but du service jusqu\u2019\u00e0 environ 21\u2009h\u200930 samedi 26\u00a0juillet. Les lignes de bus ne seront pas impact\u00e9es.<\/p>\n<p class=\" wall-content\">Les stations Gare Centrale, Faubourg de Saverne, Alt Winm\u00e4rik, Homme de Fer, Broglie, Langstross Grand\u2019Rue, \u00c9toile Bourse, Porte de l\u2019H\u00f4pital et Place d\u2019Islande <strong>ne seront pas desservies.<\/strong><\/p>\n<p>    <a href=\"https:\/\/www.facebook.com\/plugins\/post.php?href=https%3A%2F%2Fwww.facebook.com%2FCtsStrasbourg%2Fposts%2F794583776232747&amp;show_text=true&amp;width=350\" title=\"Ouvrie le lien\" target=\"_blank\" rel=\"noopener\">Cliquez ici pour visualiser le contenu<\/a><\/p>\n<p>Deux parkings ferm\u00e9s<\/p>\n<p class=\" wall-content\">Avis aux automobilistes, <strong>les parkings Kl\u00e9ber et Gutenberg seront ferm\u00e9s<\/strong> toute la journ\u00e9e du samedi 26\u00a0juillet. Le parking Broglie restera lui ouvert.<\/p>\n<p class=\" wall-content\">Suivez toute l\u2019actualit\u00e9 de vos villes et m\u00e9dias favoris en vous inscrivant \u00e0 <a href=\"https:\/\/moncompte.actu.fr\" title=\"D\u00e9couvez Mon Actu\" rel=\"nofollow noopener\" data-trk=\"{&quot;cta&quot;:{&quot;action&quot;:&quot;https:\\\/\\\/moncompte.actu.fr&quot;,&quot;category&quot;:&quot;mon compte&quot;,&quot;from&quot;:&quot;article footer&quot;,&quot;name&quot;:&quot;Mon actu&quot;,&quot;type&quot;:&quot;cta&quot;}}\" target=\"_blank\">Mon Actu<\/a>.<\/p>\n<ul class=\"ac-article-tag wall-content\">\n<li><a href=\"https:\/\/actu.fr\/tag\/commerce\" data-trk=\"{&quot;cta&quot;:{&quot;action&quot;:&quot;Commerce&quot;,&quot;category&quot;:&quot;tag&quot;,&quot;from&quot;:&quot;article footer&quot;,&quot;name&quot;:&quot;Commerce&quot;,&quot;type&quot;:&quot;cta&quot;}}\" target=\"_blank\" rel=\"noopener\">#Commerce<\/a><\/li>\n<li><a href=\"https:\/\/actu.fr\/tag\/compagnie-des-transports-strasbourgeois-cts\" data-trk=\"{&quot;cta&quot;:{&quot;action&quot;:&quot;Compagnie des transports strasbourgeois (CTS)&quot;,&quot;category&quot;:&quot;tag&quot;,&quot;from&quot;:&quot;article footer&quot;,&quot;name&quot;:&quot;Compagnie des transports strasbourgeois (CTS)&quot;,&quot;type&quot;:&quot;cta&quot;}}\" target=\"_blank\" rel=\"noopener\">#Compagnie des transports strasbourgeois (CTS)<\/a><\/li>\n<\/ul>\n","protected":false},"excerpt":{"rendered":"Par R\u00e9daction Strasbourg Publi\u00e9 le 25 juil. 2025 \u00e0 7h02 La\u00a0grande braderie\u00a0revient samedi 26\u00a0juillet dans les rues de\u00a0Strasbourg&hellip;\n","protected":false},"author":2,"featured_media":272067,"comment_status":"","ping_status":"","sticky":false,"template":"","format":"standard","meta":{"footnotes":""},"categories":[2820],"tags":[1111,11,215,7344,1777,674,1011,27,775,12,25,104,640],"class_list":{"0":"post-272066","1":"post","2":"type-post","3":"status-publish","4":"format-standard","5":"has-post-thumbnail","7":"category-strasbourg","8":"tag-actu","9":"tag-actualites","10":"tag-commerce","11":"tag-compagnie-des-transports-strasbourgeois-cts","12":"tag-eu","13":"tag-europe","14":"tag-fr","15":"tag-france","16":"tag-grand-est","17":"tag-news","18":"tag-republique-francaise","19":"tag-societe","20":"tag-strasbourg"},"share_on_mastodon":{"url":"https:\/\/pubeurope.com\/@fr\/114912233018784107","error":""},"_links":{"self":[{"href":"https:\/\/www.europesays.com\/fr\/wp-json\/wp\/v2\/posts\/272066","targetHints":{"allow":["GET"]}}],"collection":[{"href":"https:\/\/www.europesays.com\/fr\/wp-json\/wp\/v2\/posts"}],"about":[{"href":"https:\/\/www.europesays.com\/fr\/wp-json\/wp\/v2\/types\/post"}],"author":[{"embeddable":true,"href":"https:\/\/www.europesays.com\/fr\/wp-json\/wp\/v2\/users\/2"}],"replies":[{"embeddable":true,"href":"https:\/\/www.europesays.com\/fr\/wp-json\/wp\/v2\/comments?post=272066"}],"version-history":[{"count":0,"href":"https:\/\/www.europesays.com\/fr\/wp-json\/wp\/v2\/posts\/272066\/revisions"}],"wp:featuredmedia":[{"embeddable":true,"href":"https:\/\/www.europesays.com\/fr\/wp-json\/wp\/v2\/media\/272067"}],"wp:attachment":[{"href":"https:\/\/www.europesays.com\/fr\/wp-json\/wp\/v2\/media?parent=272066"}],"wp:term":[{"taxonomy":"category","embeddable":true,"href":"https:\/\/www.europesays.com\/fr\/wp-json\/wp\/v2\/categories?post=272066"},{"taxonomy":"post_tag","embeddable":true,"href":"https:\/\/www.europesays.com\/fr\/wp-json\/wp\/v2\/tags?post=272066"}],"curies":[{"name":"wp","href":"https:\/\/api.w.org\/{rel}","templated":true}]}}