{"id":272072,"date":"2025-07-25T05:33:34","date_gmt":"2025-07-25T05:33:34","guid":{"rendered":"https:\/\/www.europesays.com\/fr\/272072\/"},"modified":"2025-07-25T05:33:34","modified_gmt":"2025-07-25T05:33:34","slug":"ko-ko-mo-pret-a-decoiffer-les-escales-de-saint-nazaire-posez-leur-vos-questions-avant-le-show","status":"publish","type":"post","link":"https:\/\/www.europesays.com\/fr\/272072\/","title":{"rendered":"Ko Ko Mo pr\u00eat \u00e0 d\u00e9coiffer les Escales de Saint-Nazaire\u00a0: posez-leur vos questions avant le show"},"content":{"rendered":"<p>Ce sera l\u2019un des moments chauds du premier jour des Escales, le festival de Saint-Nazaire (Loire-Atlantique), vendredi 25\u00a0juillet. <a href=\"https:\/\/nantes.maville.com\/actu\/actudet_-nantes.-ko-ko-mo-sort-son-nouvel-album-le-25-mars-_8-5128875_actu.Htm\" target=\"_self\" rel=\"nofollow noopener\">Le duo Ko Ko Mo, originaire de Nantes,<\/a> va enflammer la sc\u00e8ne du Port, \u00e0 23\u00a0h\u00a015, avec son rock brut et survolt\u00e9.<\/p>\n<p><strong>Lire aussi\u00a0:<\/strong>\u00a0<a href=\"https:\/\/www.ouest-france.fr\/culture\/musiques\/pour-leur-quatrieme-album-les-nantais-de-ko-ko-mo-osent-tout-19413f8e-8f16-11ef-8390-40b2162b6ed9\" target=\"_self\" rel=\"nofollow noopener\">Pour leur quatri\u00e8me album, les Nantais de KO KO MO osent tout<\/a><\/p>\n<p>Ko Ko Mo r\u00e9pond \u00e0 vos questions\u00a0!<\/p>\n<p>Mais, avant de donner leurs \u00e2mes et leur musique aux festivaliers, ils vont r\u00e9pondre aux questions de Ouest-France. Enfin, plut\u00f4t celles de nos lecteurs, les v\u00f4tres\u00a0! Ils ont accept\u00e9 de se prendre au jeu de la bo\u00eete \u00e0 questions.<\/p>\n<p>Pour que Ko Ko Mo r\u00e9pondent \u00e0 vos interrogations les plus indiscr\u00e8tes, de la musique qu\u2019ils \u00e9coutent sous la douche \u00e0 leurs musiciens pr\u00e9f\u00e9r\u00e9s, il vous suffit de remplir le formulaire ci-dessus.<\/p>\n<p><strong>Vendredi 25\u00a0juillet,<\/strong> \u00e0 23\u00a0h\u00a015, sc\u00e8ne du Port &#8211; Cr\u00e9dit mutuel. Informations et billetterie sur <a href=\"https:\/\/www.festival-les-escales.com\/billetterie\/\" target=\"_blank\" rel=\"nofollow noopener\">www.festival-les-escales.com\/billetterie\/<\/a>.<\/p>\n<p>\u00a0<\/p>\n","protected":false},"excerpt":{"rendered":"Ce sera l\u2019un des moments chauds du premier jour des Escales, le festival de Saint-Nazaire (Loire-Atlantique), vendredi 25\u00a0juillet.&hellip;\n","protected":false},"author":2,"featured_media":272073,"comment_status":"","ping_status":"","sticky":false,"template":"","format":"standard","meta":{"footnotes":""},"categories":[2818],"tags":[1111,11,41163,17880,1777,674,1011,27,13743,41162,766,12,2636,41164,468,1426,25,3272,9905],"class_list":{"0":"post-272072","1":"post","2":"type-post","3":"status-publish","4":"format-standard","5":"has-post-thumbnail","7":"category-nantes","8":"tag-actu","9":"tag-actualites","10":"tag-decoiffer","11":"tag-escales","12":"tag-eu","13":"tag-europe","14":"tag-fr","15":"tag-france","16":"tag-ko","17":"tag-mo","18":"tag-nantes","19":"tag-news","20":"tag-pays-de-la-loire","21":"tag-posez-leur","22":"tag-pret","23":"tag-questions","24":"tag-republique-francaise","25":"tag-saint-nazaire","26":"tag-show"},"share_on_mastodon":{"url":"https:\/\/pubeurope.com\/@fr\/114912244759414578","error":""},"_links":{"self":[{"href":"https:\/\/www.europesays.com\/fr\/wp-json\/wp\/v2\/posts\/272072","targetHints":{"allow":["GET"]}}],"collection":[{"href":"https:\/\/www.europesays.com\/fr\/wp-json\/wp\/v2\/posts"}],"about":[{"href":"https:\/\/www.europesays.com\/fr\/wp-json\/wp\/v2\/types\/post"}],"author":[{"embeddable":true,"href":"https:\/\/www.europesays.com\/fr\/wp-json\/wp\/v2\/users\/2"}],"replies":[{"embeddable":true,"href":"https:\/\/www.europesays.com\/fr\/wp-json\/wp\/v2\/comments?post=272072"}],"version-history":[{"count":0,"href":"https:\/\/www.europesays.com\/fr\/wp-json\/wp\/v2\/posts\/272072\/revisions"}],"wp:featuredmedia":[{"embeddable":true,"href":"https:\/\/www.europesays.com\/fr\/wp-json\/wp\/v2\/media\/272073"}],"wp:attachment":[{"href":"https:\/\/www.europesays.com\/fr\/wp-json\/wp\/v2\/media?parent=272072"}],"wp:term":[{"taxonomy":"category","embeddable":true,"href":"https:\/\/www.europesays.com\/fr\/wp-json\/wp\/v2\/categories?post=272072"},{"taxonomy":"post_tag","embeddable":true,"href":"https:\/\/www.europesays.com\/fr\/wp-json\/wp\/v2\/tags?post=272072"}],"curies":[{"name":"wp","href":"https:\/\/api.w.org\/{rel}","templated":true}]}}