{"id":272080,"date":"2025-07-25T05:37:13","date_gmt":"2025-07-25T05:37:13","guid":{"rendered":"https:\/\/www.europesays.com\/fr\/272080\/"},"modified":"2025-07-25T05:37:13","modified_gmt":"2025-07-25T05:37:13","slug":"pres-de-toulouse-les-travaux-du-mcdonalds-incendie-sont-presque-termines-voici-quand-il-va-ouvrir","status":"publish","type":"post","link":"https:\/\/www.europesays.com\/fr\/272080\/","title":{"rendered":"Pr\u00e8s de Toulouse. Les travaux du McDonald&rsquo;s incendi\u00e9 sont presque termin\u00e9s, voici quand il va ouvrir"},"content":{"rendered":"<p>            Par<br \/>\n        <strong><br \/>\n            <a href=\"https:\/\/actu.fr\/auteur\/guillaume-laurens\" title=\"Consulter tous les articles de Guillaume Laurens\" target=\"_blank\" rel=\"noopener\">Guillaume Laurens<\/a><br \/>\n        <\/strong><\/p>\n<p>        Publi\u00e9 le<\/p>\n<p>            25 juil. 2025 \u00e0 7h12        <\/p>\n<p>L\u2019enseigne tr\u00f4ne fi\u00e8rement en contrebas de la M112, le drive est install\u00e9, les bornes de commandes sont scell\u00e9es et l\u2019aire de jeux pour enfants am\u00e9nag\u00e9e\u2026 Le fameux McDonald\u2019s de <a href=\"https:\/\/actu.fr\/occitanie\/montrabe_31389\" target=\"_blank\" rel=\"noopener\"><strong>Montrab\u00e9<\/strong> <\/a>(Haute-Garonne), au nord-est de <strong>Toulouse<\/strong>, dont le chantier avait \u00e9t\u00e9<a href=\"https:\/\/actu.fr\/occitanie\/montrabe_31389\/video-mcdo-en-feu-pres-de-toulouse-l-incendie-revendique-la-piste-criminelle-se-precise_62480138.html\" target=\"_blank\" rel=\"noopener\"> la cible d\u2019un incendie criminel en avril 2025<\/a>, rena\u00eet (d\u00e9j\u00e0) de ses cendres. Les <a href=\"https:\/\/actu.fr\/occitanie\/montrabe_31389\/pres-de-toulouse-les-travaux-ont-repris-sur-le-mcdonald-s-incendie-mais-le-mystere-est-il-perce_62689882.html\" target=\"_blank\" rel=\"noopener\">travaux touchent \u00e0 leur fin<\/a> et l\u2019\u00e9tablissement va bient\u00f4t ouvrir ses portes. Ce qu\u2019il faut savoir.<\/p>\n<p>\u00c0 Montrab\u00e9, le 48e McDonald\u2019s de Haute-Garonne\u00a0<\/p>\n<p class=\" wall-content\">D\u2019apr\u00e8s nos informations, cet \u00e9ni\u00e8me fast-food de l\u2019agglom\u00e9ration, qui sera <strong>le 48e de McDonald\u2019s<\/strong> dans le d\u00e9partement, va ouvrir tr\u00e8s prochainement, sans m\u00eame attendre la rentr\u00e9e puisque les premiers clients pourront s\u2019y ruer\u2026 <strong>au c\u0153ur de l\u2019\u00e9t\u00e9<\/strong>.<\/p>\n<p>Ouverture le mardi 5 ao\u00fbt 2025<\/p>\n<p class=\" wall-content\">Selon nos sources, c\u2019est tr\u00e8s pr\u00e9cis\u00e9ment <strong>le mardi 5 ao\u00fbt 2025<\/strong> qu\u2019est pr\u00e9vue l\u2019ouverture de ce nouvel \u00e9tablissement. Environ 45 emplois seront cr\u00e9\u00e9s d\u00e8s le lancement.<\/p>\n<p>    <img   decoding=\"async\" loading=\"lazy\" src=\"https:\/\/www.europesays.com\/fr\/wp-content\/uploads\/2025\/07\/mc-donalds-montrabe-travaux-ouverture-toulouse-gl-2-960x640.jpg\" alt=\"Le McDo de Montrab\u00e9 est quasiment pr\u00eat \u00e0 ouvrir en cette fin juillet 2025\" width=\"960\" height=\"640\"\/><br \/>\n    Le McDo de Montrab\u00e9 est quasiment pr\u00eat \u00e0 ouvrir en cette fin juillet 2025 (\u00a9G.L. \/ Actu Toulouse)Cibl\u00e9 par un incendie criminel<\/p>\n<p class=\" wall-content\">Pour rappel, le futur McDonald\u2019s de ce paisible bourg de 4 300 habitants avait \u00e9t\u00e9 <a href=\"https:\/\/actu.fr\/occitanie\/montrabe_31389\/un-incendie-ravage-ce-mcdonald-s-dont-l-arrivee-est-decriee-pres-de-toulouse_62479842.html\" target=\"_blank\" rel=\"noopener\">la cible d\u2019un <strong>incendie criminel,<\/strong><\/a> dans la nuit du lundi 7 au mardi 8 avril. Vers 3 heures du matin, le feu avait subitement pris dans ce restaurant en construction en contrebas de la route de Lavaur, jouxtant le Super U. Pendant trois longues heures, quelque 18 pompiers avaient lutt\u00e9 contre les flammes qui d\u00e9voraient ce fast-food sorti de terre en quelques semaines.<\/p>\n<p>    <img   decoding=\"async\" loading=\"lazy\" src=\"https:\/\/www.europesays.com\/fr\/wp-content\/uploads\/2025\/05\/incendie-montrabe-960x640.jpeg\" alt=\"Un violent incendie a touch\u00e9 le McDonald's de Montrab\u00e9 pr\u00e8s de Toulouse dans la nuit.\" width=\"960\" height=\"640\"\/><br \/>\n    Un violent incendie avait ravag\u00e9 le futur McDonald\u2019s de Montrab\u00e9, pr\u00e8s de Toulouse, en pleine nuit (\u00a9Nathan Lenne \/ SDIS 31)Les \u00ab\u00a0Frites insoumises\u00a0\u00bb toujours pas identifi\u00e9es<\/p>\n<p class=\" wall-content\">Dans la foul\u00e9e, un myst\u00e9rieux groupe se r\u00e9clamant des<strong> \u00ab Frites insoumises \u00bb<\/strong> revendiquait l\u2019incendie dans un mail adress\u00e9 \u00e0 plusieurs m\u00e9dias, dont Actu Toulouse. Un acte, affirmait-il, \u00ab en soutien au peuple palestinien, et contre la nouvelle strat\u00e9gie d\u2019expansion de la firme \u00bb sur le territoire fran\u00e7ais.<\/p>\n<p class=\" wall-content\">Mais si le parquet de Toulouse confirmait <strong>la nature criminelle<\/strong> du sinistre et ouvrait une enqu\u00eate \u00ab du chef de destruction en bande organis\u00e9e du bien d\u2019autrui par un moyen dangereux pour les personnes \u00bb, le myst\u00e8re plane toujours sur ce dr\u00f4le de collectif, qui n\u2019\u00e9tait pas dans les \u00ab radars \u00bb de la justice.<\/p>\n<p class=\" wall-content\">Qui se cache derri\u00e8re ces Frites insoumises ? Sont-elles r\u00e9ellement \u00e0 l\u2019origine de cet incendie ? Alors que le g\u00e9ant am\u00e9ricain s\u2019appr\u00eate \u00e0 servir ses premiers Big Mac, plus de trois mois apr\u00e8s, les gendarmes restent sur leur faim, et l\u2019\u00e9nigme n\u2019est pas r\u00e9solue.<\/p>\n<p>\u00ab\u00a03 millions d\u2019euros d\u2019investissement\u00a0\u00bb, rappelle McDo<\/p>\n<p class=\" wall-content\">Au printemps, la direction du futur McDo s\u2019\u00e9tait \u00e9mue d\u2019avoir ainsi \u00e9t\u00e9 cibl\u00e9e : \u00ab\u00a0Nous condamnons avec la plus grande fermet\u00e9 la destruction partielle et volontaire d\u2019un restaurant en cours de construction\u00a0\u00bb, r\u00e9agissait-elle, quelques heures apr\u00e8s les faits.\u00a0<\/p>\n<p class=\" wall-content\">Et le franchis\u00e9 en charge de cet \u00e9tablissement se disait \u00ab\u00a0d\u00e9termin\u00e9 \u00e0 mener \u00e0 son terme ce projet qui va cr\u00e9er <strong>plus de 40 emplois<\/strong>, g\u00e9n\u00e9rer<strong> 3 millions d\u2019euros d\u2019investissement<\/strong> et contribuer \u00e0 l\u2019essor des fili\u00e8res agricoles fran\u00e7aises, y compris localement\u00a0\u00bb.<\/p>\n<p class=\" wall-content\">Il recevait alors le soutien du maire (PS) de Montrab\u00e9 <strong>Jacques S\u00e9bi,<\/strong> qui avait fait part de sa \u00ab profonde indignation \u00bb face \u00e0 cet<strong> \u00ab acte inacceptable \u00bb<\/strong> dans une commune \u00ab connue pour sa tranquillit\u00e9 \u00bb.<\/p>\n<p>Une fin de chantier sous tr\u00e8s haute s\u00e9curit\u00e9<\/p>\n<p class=\" wall-content\">Si, d\u2019apr\u00e8s la direction, \u00ab l\u2019incendie n\u2019a que partiellement impact\u00e9 le chantier \u00bb, la facture a toutefois \u00e9t\u00e9 tr\u00e8s sal\u00e9e pour McDo, le pr\u00e9judice des d\u00e9g\u00e2ts \u00e9tant \u00e9valu\u00e9, selon nos informations, \u00e0 environ<strong> un million d\u2019euros<\/strong>.<\/p>\n<p class=\" wall-content\">Les travaux \u00e9taient bien avanc\u00e9s quand le sinistre est survenu. <strong>Deux fa\u00e7ades sur quatre<\/strong> ont d\u00fb \u00eatre enti\u00e8rement chang\u00e9es, ainsi que toute la partie m\u00e9tallique sur le toit du restaurant, la charpente ayant pu \u00eatre sauv\u00e9e des flammes.<\/p>\n<p class=\" wall-content\">Depuis sa reprise fin mai, le chantier a donc \u00e9t\u00e9 <strong>rondement men\u00e9\u2026<\/strong>\u00a0et sous <strong>tr\u00e8s haute s\u00e9curit\u00e9 <\/strong>: des <strong>cam\u00e9ras de vid\u00e9osurveillance<\/strong> ont \u00e9t\u00e9 install\u00e9es sur le site, et des agents de s\u00e9curit\u00e9 se relaient en permanence sur place, 7 jours sur 7 et 24 heures sur 24.<\/p>\n<p>    <a href=\"https:\/\/www.google.com\/maps\/embed?pb=!1m14!1m8!1m3!1d23097.74498735814!2d1.531587!3d43.64363!3m2!1i1024!2i768!4f13.1!3m3!1m2!1s0x12ae98126650df57%3A0x59df084d9457b216!2s2%20Chem.%20de%20Saint-Jean%2C%2031850%20Montrab%C3%A9!5e0!3m2!1sfr!2sfr!4v1753361342579!5m2!1sfr!2sfr\" title=\"Ouvrie le lien\" target=\"_blank\" rel=\"noopener\">Cliquez ici pour visualiser le contenu<\/a><\/p>\n<p class=\" wall-content\">Suivez toute l\u2019actualit\u00e9 de vos villes et m\u00e9dias favoris en vous inscrivant \u00e0 <a href=\"https:\/\/moncompte.actu.fr\" title=\"D\u00e9couvez Mon Actu\" rel=\"nofollow noopener\" data-trk=\"{&quot;cta&quot;:{&quot;action&quot;:&quot;https:\\\/\\\/moncompte.actu.fr&quot;,&quot;category&quot;:&quot;mon compte&quot;,&quot;from&quot;:&quot;article footer&quot;,&quot;name&quot;:&quot;Mon actu&quot;,&quot;type&quot;:&quot;cta&quot;}}\" target=\"_blank\">Mon Actu<\/a>.<\/p>\n<ul class=\"ac-article-tag wall-content\">\n<li><a href=\"https:\/\/actu.fr\/tag\/mcdonald-s\" data-trk=\"{&quot;cta&quot;:{&quot;action&quot;:&quot;McDonald&#039;s&quot;,&quot;category&quot;:&quot;tag&quot;,&quot;from&quot;:&quot;article footer&quot;,&quot;name&quot;:&quot;McDonald&#039;s&quot;,&quot;type&quot;:&quot;cta&quot;}}\" target=\"_blank\" rel=\"noopener\">#McDonald&rsquo;s<\/a><\/li>\n<li><a href=\"https:\/\/actu.fr\/tag\/restaurants-de-toulouse\" data-trk=\"{&quot;cta&quot;:{&quot;action&quot;:&quot;Restaurants de Toulouse&quot;,&quot;category&quot;:&quot;tag&quot;,&quot;from&quot;:&quot;article footer&quot;,&quot;name&quot;:&quot;Restaurants de Toulouse&quot;,&quot;type&quot;:&quot;cta&quot;}}\" target=\"_blank\" rel=\"noopener\">#Restaurants de Toulouse<\/a><\/li>\n<\/ul>\n","protected":false},"excerpt":{"rendered":"Par Guillaume Laurens Publi\u00e9 le 25 juil. 2025 \u00e0 7h12 L\u2019enseigne tr\u00f4ne fi\u00e8rement en contrebas de la M112,&hellip;\n","protected":false},"author":2,"featured_media":272081,"comment_status":"","ping_status":"","sticky":false,"template":"","format":"standard","meta":{"footnotes":""},"categories":[2816],"tags":[1111,11,1777,674,1011,27,679,12,2680,25,2850,104,2312],"class_list":{"0":"post-272080","1":"post","2":"type-post","3":"status-publish","4":"format-standard","5":"has-post-thumbnail","7":"category-toulouse","8":"tag-actu","9":"tag-actualites","10":"tag-eu","11":"tag-europe","12":"tag-fr","13":"tag-france","14":"tag-mcdonalds","15":"tag-news","16":"tag-occitanie","17":"tag-republique-francaise","18":"tag-restaurants-de-toulouse","19":"tag-societe","20":"tag-toulouse"},"share_on_mastodon":{"url":"https:\/\/pubeurope.com\/@fr\/114912260554098541","error":""},"_links":{"self":[{"href":"https:\/\/www.europesays.com\/fr\/wp-json\/wp\/v2\/posts\/272080","targetHints":{"allow":["GET"]}}],"collection":[{"href":"https:\/\/www.europesays.com\/fr\/wp-json\/wp\/v2\/posts"}],"about":[{"href":"https:\/\/www.europesays.com\/fr\/wp-json\/wp\/v2\/types\/post"}],"author":[{"embeddable":true,"href":"https:\/\/www.europesays.com\/fr\/wp-json\/wp\/v2\/users\/2"}],"replies":[{"embeddable":true,"href":"https:\/\/www.europesays.com\/fr\/wp-json\/wp\/v2\/comments?post=272080"}],"version-history":[{"count":0,"href":"https:\/\/www.europesays.com\/fr\/wp-json\/wp\/v2\/posts\/272080\/revisions"}],"wp:featuredmedia":[{"embeddable":true,"href":"https:\/\/www.europesays.com\/fr\/wp-json\/wp\/v2\/media\/272081"}],"wp:attachment":[{"href":"https:\/\/www.europesays.com\/fr\/wp-json\/wp\/v2\/media?parent=272080"}],"wp:term":[{"taxonomy":"category","embeddable":true,"href":"https:\/\/www.europesays.com\/fr\/wp-json\/wp\/v2\/categories?post=272080"},{"taxonomy":"post_tag","embeddable":true,"href":"https:\/\/www.europesays.com\/fr\/wp-json\/wp\/v2\/tags?post=272080"}],"curies":[{"name":"wp","href":"https:\/\/api.w.org\/{rel}","templated":true}]}}