{"id":272084,"date":"2025-07-25T05:39:10","date_gmt":"2025-07-25T05:39:10","guid":{"rendered":"https:\/\/www.europesays.com\/fr\/272084\/"},"modified":"2025-07-25T05:39:10","modified_gmt":"2025-07-25T05:39:10","slug":"cest-quoi-iron-bodyfit-ce-studio-delectrostimulation-tout-juste-implante-a-villeneuve-dascq","status":"publish","type":"post","link":"https:\/\/www.europesays.com\/fr\/272084\/","title":{"rendered":"C&rsquo;est quoi Iron Bodyfit, ce studio d&rsquo;\u00e9lectrostimulation tout juste implant\u00e9 \u00e0 Villeneuve-d&rsquo;Ascq\u00a0?"},"content":{"rendered":"<p>            Par<br \/>\n        <strong><br \/>\n            <a href=\"https:\/\/actu.fr\/auteur\/nicolas-demollien\" title=\"Consulter tous les articles de Nicolas Demollien\" target=\"_blank\" rel=\"noopener\">Nicolas Demollien<\/a><br \/>\n        <\/strong><\/p>\n<p>        Publi\u00e9 le<\/p>\n<p>            25 juil. 2025 \u00e0 6h32        <\/p>\n<p>Apr\u00e8s <a href=\"https:\/\/actu.fr\/hauts-de-france\/lesquin_59343\" target=\"_blank\" rel=\"noopener\">Lesquin<\/a>, direction <a href=\"https:\/\/actu.fr\/hauts-de-france\/villeneuve-d-ascq_59009\" target=\"_blank\" rel=\"noopener\">Villeneuve-d\u2019Ascq<\/a> ! <b>Iron Bodyfit<\/b>, sp\u00e9cialiste du <b>bien-\u00eatre par \u00e9lectrostimulation<\/b>, installe son deuxi\u00e8me studio dans la m\u00e9tropole de Lille (Nord), le 19e dans les <a href=\"https:\/\/actu.fr\/hauts-de-france\/\" target=\"_blank\" rel=\"noopener\">Hauts-de-France<\/a>. Katia Bette, responsable de ce nouveau lieu, nous pr\u00e9sente le concept.<\/p>\n<p>Un studio d\u2019\u00e9lectrostimulation s\u2019installe \u00e0 Villeneuve-d\u2019Ascq<\/p>\n<p data-end=\"2091\" class=\" wall-content\">\u00ab\u00a0<b>Manque de temps, quelques kilos en trop et presque 40 ans<\/b>, je suis devenue cliente chez Iron Bodyfit d\u00e8s son ouverture \u00e0 Lesquin. J\u2019ai donc une exp\u00e9rience cliente depuis 5 ans et, de ce point de vue, je connais tous les <b>bienfaits<\/b> que les visites hebdomadaires apportent au <b>corps et \u00e0 l\u2019esprit<\/b>\u00ab\u00a0, lance-t-elle d\u2019embl\u00e9e.<\/p>\n<p data-end=\"1337\" class=\" wall-content\">Iron Bodyfit assure en effet offrir \u00ab\u00a0une solution id\u00e9ale pour ceux qui manquent de temps pour se d\u00e9penser\u00a0\u00bb. Toujours selon l\u2019entreprise, les s\u00e9ances d\u2019\u00e9lectrostimulation permettent de perdre du poids, raffermir, tonifier, r\u00e9duire la cellulite, soulager les douleurs chroniques et am\u00e9liorer la condition physique g\u00e9n\u00e9rale\u00a0\u00bb.<\/p>\n<p data-end=\"1337\" class=\" wall-content\">De plus, sur place, chaque client b\u00e9n\u00e9ficie \u00ab\u00a0d\u2019un accompagnement personnalis\u00e9\u00a0\u00bb pour atteindre ses objectifs. Katia insiste d\u2019ailleurs sur ce point : \u00ab\u00a0Je parle ici de visites car il ne s\u2019agit pas seulement de s\u00e9ances d\u2019\u00e9lectrostimulation mais aussi de bien-\u00eatre, de nutrition, d\u2019un \u00e9quilibre physique et psychologique, de remise en forme, d\u2019un rem\u00e8de contre certaines pathologies, d\u2019interactions sociales\u00a0\u00bb.\u00a0<\/p>\n<p data-end=\"1543\" class=\" wall-content\">Concr\u00e8tement, vous vous rendez sur place, enfilez une tenue sp\u00e9ciale et\u00a0 ex\u00e9cutez vos mouvements sous la supervision d\u2019un coach. \u00ab\u00a0Il ne s\u2019agit <b>pas d\u2019une solution miracle mais d\u2019un atout<\/b> pour vous aider \u00e0 gagner en tonus musculaire\u00a0\u00bb, rappelle l\u2019entreprise.<\/p>\n<p data-end=\"1744\" class=\" wall-content\">Le nouveau studio de Villeneuve-d\u2019Ascq se trouve au<b> <\/b>110, rue Alfred de Vigny. Horaires d\u2019ouverture : du lundi au vendredi de 10h \u00e0 14h et de 16h \u00e0 20h, le samedi de 9h \u00e0 13h.<\/p>\n<p>    <a href=\"https:\/\/www.facebook.com\/plugins\/video.php?height=476&amp;href=https%3A%2F%2Fwww.facebook.com%2FIronbodyfit.Villeneuve.Dascq%2Fvideos%2F1152925519977223%2F&amp;show_text=false&amp;width=350&amp;t=0\" title=\"Ouvrie le lien\" target=\"_blank\" rel=\"noopener\">Cliquez ici pour visualiser le contenu<\/a><\/p>\n<p data-end=\"1744\" class=\" wall-content\">Plus d\u2019infos sur le site <a href=\"https:\/\/ironbodyfit.com\/\" target=\"_blank\" rel=\"noopener\">ironbodyfit.com<\/a><\/p>\n<p class=\" wall-content\">Suivez toute l\u2019actualit\u00e9 de vos villes et m\u00e9dias favoris en vous inscrivant \u00e0 <a href=\"https:\/\/moncompte.actu.fr\" title=\"D\u00e9couvez Mon Actu\" rel=\"nofollow noopener\" data-trk=\"{&quot;cta&quot;:{&quot;action&quot;:&quot;https:\\\/\\\/moncompte.actu.fr&quot;,&quot;category&quot;:&quot;mon compte&quot;,&quot;from&quot;:&quot;article footer&quot;,&quot;name&quot;:&quot;Mon actu&quot;,&quot;type&quot;:&quot;cta&quot;}}\" target=\"_blank\">Mon Actu<\/a>.<\/p>\n","protected":false},"excerpt":{"rendered":"Par Nicolas Demollien Publi\u00e9 le 25 juil. 2025 \u00e0 6h32 Apr\u00e8s Lesquin, direction Villeneuve-d\u2019Ascq ! Iron Bodyfit, sp\u00e9cialiste&hellip;\n","protected":false},"author":2,"featured_media":272085,"comment_status":"","ping_status":"","sticky":false,"template":"","format":"standard","meta":{"footnotes":""},"categories":[2815],"tags":[1111,11,4983,33,1777,674,1011,27,811,1307,12,3147,25,517],"class_list":{"0":"post-272084","1":"post","2":"type-post","3":"status-publish","4":"format-standard","5":"has-post-thumbnail","7":"category-lille","8":"tag-actu","9":"tag-actualites","10":"tag-bien-etre","11":"tag-economie","12":"tag-eu","13":"tag-europe","14":"tag-fr","15":"tag-france","16":"tag-hauts-de-france","17":"tag-lille","18":"tag-news","19":"tag-nouveaux-commerces","20":"tag-republique-francaise","21":"tag-sport"},"share_on_mastodon":{"url":"https:\/\/pubeurope.com\/@fr\/114912268317506583","error":""},"_links":{"self":[{"href":"https:\/\/www.europesays.com\/fr\/wp-json\/wp\/v2\/posts\/272084","targetHints":{"allow":["GET"]}}],"collection":[{"href":"https:\/\/www.europesays.com\/fr\/wp-json\/wp\/v2\/posts"}],"about":[{"href":"https:\/\/www.europesays.com\/fr\/wp-json\/wp\/v2\/types\/post"}],"author":[{"embeddable":true,"href":"https:\/\/www.europesays.com\/fr\/wp-json\/wp\/v2\/users\/2"}],"replies":[{"embeddable":true,"href":"https:\/\/www.europesays.com\/fr\/wp-json\/wp\/v2\/comments?post=272084"}],"version-history":[{"count":0,"href":"https:\/\/www.europesays.com\/fr\/wp-json\/wp\/v2\/posts\/272084\/revisions"}],"wp:featuredmedia":[{"embeddable":true,"href":"https:\/\/www.europesays.com\/fr\/wp-json\/wp\/v2\/media\/272085"}],"wp:attachment":[{"href":"https:\/\/www.europesays.com\/fr\/wp-json\/wp\/v2\/media?parent=272084"}],"wp:term":[{"taxonomy":"category","embeddable":true,"href":"https:\/\/www.europesays.com\/fr\/wp-json\/wp\/v2\/categories?post=272084"},{"taxonomy":"post_tag","embeddable":true,"href":"https:\/\/www.europesays.com\/fr\/wp-json\/wp\/v2\/tags?post=272084"}],"curies":[{"name":"wp","href":"https:\/\/api.w.org\/{rel}","templated":true}]}}