{"id":272088,"date":"2025-07-25T05:41:10","date_gmt":"2025-07-25T05:41:10","guid":{"rendered":"https:\/\/www.europesays.com\/fr\/272088\/"},"modified":"2025-07-25T05:41:10","modified_gmt":"2025-07-25T05:41:10","slug":"lenfer-des-logements-bouilloires-des-quartiers-nord-de-marseille","status":"publish","type":"post","link":"https:\/\/www.europesays.com\/fr\/272088\/","title":{"rendered":"l&rsquo;enfer des logements bouilloires des quartiers nord de Marseille"},"content":{"rendered":"<p>Assise \u00e0 l\u2019ombre d\u2019un large b\u00e2timent \u00e0 Malpass\u00e9, Yasmina* profite d\u2019un courant d\u2019air. Dans son appartement du quinzi\u00e8me \u00e9tage, l\u2019air frais est une denr\u00e9e rare. \u00ab\u00a0Quand j\u2019ouvre la porte de chez moi, c\u2019est comme si j\u2019ouvrais un four\u00a0\u00bb, souffle la jeune maman. Volets ferm\u00e9s, rideaux tir\u00e9s, et deux ventilateurs pr\u00e8s du lit\u00a0: <a href=\"https:\/\/www.laprovence.com\/article\/societe\/2764259741947414\/canicule-5-astuces-simples-pour-rafraichir-son-interieur-si-vous-navez-pas-de-climatisation\" target=\"_blank\" rel=\"noopener\">rien n\u2019y fait<\/a>. \u00ab\u00a0Mon fils de 14\u00a0ans va \u00e0 la mosqu\u00e9e pour faire la sieste, c\u2019est le seul moyen qu\u2019il a trouv\u00e9 pour dormir au frais\u00a0\u00bb, explique-t-elle.<\/p>\n<p>Deux kilom\u00e8tres plus haut, au onzi\u00e8me \u00e9tage du b\u00e2timent E de <a href=\"https:\/\/www.laprovence.com\/article\/region\/2701776798143814\/marseille-a-frais-vallon-se-dessine-le-futur-trace-du-bus-a-haut-niveau-de-service-b4\" target=\"_blank\" rel=\"noopener\">Frais-Vallon<\/a>, Amina Abdallah est aide-soignante de nuit. Les murs de son appartement, en plus d\u2019\u00eatre tapiss\u00e9s de moisissures, laissent passer et capturent la chaleur. \u00ab\u00a0Chaque canicule est infernale. Dans cet appartement je ne dors pas. Dans ma cuisine j\u2019\u00e9touffe, alors je ne cuisine pas.\u00a0Je suis \u00e9puis\u00e9e\u00a0\u00bb, souffle-t-elle.<\/p>\n<p>59% des habitants des quartiers prioritaires de la ville souffrent de la chaleur contre 43% en moyenne en France<\/p>\n<p>Comme 59% des habitants des quartiers prioritaires de la ville (QPV), Yasmina et Amina souffrent davantage de la chaleur dans leur logement en p\u00e9riode estivale, contre 43% en moyenne en France. Cette \u00e9tude, r\u00e9alis\u00e9e en juin dernier par la Fondation pour le logement des d\u00e9favoris\u00e9s, se penche sur les 5,2 millions de passoires thermiques \u00ab\u00a0<a href=\"https:\/\/www.laprovence.com\/actu\/en-direct\/176035519176616\/marseille-en-plein-hiver-ils-vivent-avec-13-degres-dans-leur-appartement\" target=\"_blank\" rel=\"noopener\">impossible \u00e0 chauffer en hiver<\/a> et impossible \u00e0 refroidir en \u00e9t\u00e9\u00a0\u00bb.<\/p>\n","protected":false},"excerpt":{"rendered":"Assise \u00e0 l\u2019ombre d\u2019un large b\u00e2timent \u00e0 Malpass\u00e9, Yasmina* profite d\u2019un courant d\u2019air. Dans son appartement du quinzi\u00e8me&hellip;\n","protected":false},"author":2,"featured_media":272089,"comment_status":"","ping_status":"","sticky":false,"template":"","format":"standard","meta":{"footnotes":""},"categories":[2814],"tags":[17,1111,11,2511,3530,154,1777,674,6455,1011,27,41165,2846,884,33564,12,882,25,104],"class_list":{"0":"post-272088","1":"post","2":"type-post","3":"status-publish","4":"format-standard","5":"has-post-thumbnail","7":"category-marseille","8":"tag-17","9":"tag-actu","10":"tag-actualites","11":"tag-cest","12":"tag-chez","13":"tag-des","14":"tag-eu","15":"tag-europe","16":"tag-four","17":"tag-fr","18":"tag-france","19":"tag-lenfer","20":"tag-logements","21":"tag-marseille","22":"tag-moi","23":"tag-news","24":"tag-provence-alpes-cote-dazur","25":"tag-republique-francaise","26":"tag-societe"},"share_on_mastodon":{"url":"https:\/\/pubeurope.com\/@fr\/114912276208671744","error":""},"_links":{"self":[{"href":"https:\/\/www.europesays.com\/fr\/wp-json\/wp\/v2\/posts\/272088","targetHints":{"allow":["GET"]}}],"collection":[{"href":"https:\/\/www.europesays.com\/fr\/wp-json\/wp\/v2\/posts"}],"about":[{"href":"https:\/\/www.europesays.com\/fr\/wp-json\/wp\/v2\/types\/post"}],"author":[{"embeddable":true,"href":"https:\/\/www.europesays.com\/fr\/wp-json\/wp\/v2\/users\/2"}],"replies":[{"embeddable":true,"href":"https:\/\/www.europesays.com\/fr\/wp-json\/wp\/v2\/comments?post=272088"}],"version-history":[{"count":0,"href":"https:\/\/www.europesays.com\/fr\/wp-json\/wp\/v2\/posts\/272088\/revisions"}],"wp:featuredmedia":[{"embeddable":true,"href":"https:\/\/www.europesays.com\/fr\/wp-json\/wp\/v2\/media\/272089"}],"wp:attachment":[{"href":"https:\/\/www.europesays.com\/fr\/wp-json\/wp\/v2\/media?parent=272088"}],"wp:term":[{"taxonomy":"category","embeddable":true,"href":"https:\/\/www.europesays.com\/fr\/wp-json\/wp\/v2\/categories?post=272088"},{"taxonomy":"post_tag","embeddable":true,"href":"https:\/\/www.europesays.com\/fr\/wp-json\/wp\/v2\/tags?post=272088"}],"curies":[{"name":"wp","href":"https:\/\/api.w.org\/{rel}","templated":true}]}}