{"id":272093,"date":"2025-07-25T05:44:10","date_gmt":"2025-07-25T05:44:10","guid":{"rendered":"https:\/\/www.europesays.com\/fr\/272093\/"},"modified":"2025-07-25T05:44:10","modified_gmt":"2025-07-25T05:44:10","slug":"violent-accident-au-sud-de-lyon-ce-que-lon-sait-du-drame-sur-la7","status":"publish","type":"post","link":"https:\/\/www.europesays.com\/fr\/272093\/","title":{"rendered":"Violent accident au sud de Lyon : ce que l&rsquo;on sait du drame sur l&rsquo;A7"},"content":{"rendered":"<p>Une fillette de sept ans a perdu la vie, ce jeudi 24 juillet, dans un accident survenu sur l&rsquo;autoroute A7, \u00e0 hauteur de Chasse-sur-Rh\u00f4ne, juste avant le n\u0153ud de Ternay, en direction de Lyon.<\/p>\n<p>Deux h\u00e9licopt\u00e8res d\u00e9ploy\u00e9s, l&rsquo;autoroute coup\u00e9e : d&rsquo;importants moyens ont \u00e9t\u00e9 mobilis\u00e9s ce jeudi sur l&rsquo;<b>A7<\/b>, \u00e0 <b>Chasse-sur-Rh\u00f4ne<\/b>.<\/p>\n<p>Un violent accident s&rsquo;est produit peu apr\u00e8s 17h30, pr\u00e8s du <b>n\u0153ud de Ternay<\/b>, juste avant la jonction avec l&rsquo;A46 sud et l&rsquo;A47, <b>en direction de Lyon<\/b>. Quatre voitures et un camion-grue ont \u00e9t\u00e9 impliqu\u00e9s.<\/p>\n<p>Un mort et quatre bless\u00e9s dans la m\u00eame voiture<\/p>\n<p><b>Une enfant de sept ans<\/b> a perdu la vie dans ce drame. Quatre autres personnes ont \u00e9t\u00e9 bless\u00e9es dans le m\u00eame v\u00e9hicule, dont deux prises en charge en urgence absolue.\u00a0<\/p>\n<p><a class=\"url\" href=\"https:\/\/c.ledauphine.com\/faits-divers-justice\/2025\/07\/24\/carambolage-sur-l-a7-une-enfant-tuee-et-plusieurs-blesses-graves\" target=\"_blank\" rel=\"nofollow noopener\">D&rsquo;apr\u00e8s Le Dauphin\u00e9 Lib\u00e9r\u00e9<\/a>, il s&rsquo;agit d&rsquo;une conductrice de 48 ans, qui a d\u00fb \u00eatre d\u00e9sincarc\u00e9r\u00e9e, et d&rsquo;un adolescent de 16 ans. \u00c9galement \u00e0 bord, deux gar\u00e7ons de 13 et 16 ans ont \u00e9t\u00e9 plus l\u00e9g\u00e8rement touch\u00e9s.<\/p>\n<p>La conductrice d&rsquo;une autre voiture, \u00e2g\u00e9e de 31 ans, et le chauffeur du camion, du m\u00eame \u00e2ge, ont, eux aussi, \u00e9t\u00e9 pris en charge en urgence relative.<\/p>\n<p>L&rsquo;autoroute ferm\u00e9e<\/p>\n<p>Selon les premiers \u00e9l\u00e9ments, <b>le poids lourd de 48 tonnes<\/b> n&rsquo;aurait pas r\u00e9ussi \u00e0 \u00e9viter plusieurs voitures lorsqu&rsquo;un ralentissement s&rsquo;est produit sur l&rsquo;autoroute.<\/p>\n<p>Au total, <b>35 sapeurs-pompiers<\/b> de l&rsquo;Is\u00e8re et du Rh\u00f4ne sont intervenus pour prendre en charge les victimes. <b>L&rsquo;autoroute a \u00e9t\u00e9 coup\u00e9e pendant pr\u00e8s de trois heures<\/b>, avant une r\u00e9ouverture partielle puis totale dans la soir\u00e9e.<\/p>\n<p><b>Une cellule de soutien psychologique<\/b> a \u00e9t\u00e9 d\u00e9clench\u00e9e. Enfin, <b>une enqu\u00eate<\/b> a \u00e9t\u00e9 ouverte pour d\u00e9terminer les circonstances de ce drame.<img loading=\"lazy\" decoding=\"async\" src=\"https:\/\/www.europesays.com\/fr\/wp-content\/uploads\/2025\/07\/1753422250_539_img\" width=\"350\" height=\"200\" border=\"0\" title=\"Bison Fut\u00c3\u00a9 voit rouge sur les routes pour ce week-end des 25, 26 et 27 juillet 2025\"\/><\/p>\n<p>\u25baTrafic<\/p>\n<p style=\"font-size: 22px;\"><b>Trafic du week-end : Bison Fut\u00e9 voit rouge sur les routes d\u00e8s vendredi<\/b><\/p>\n<p>Bison Fut\u00e9 pr\u00e9voit un trafic tr\u00e8s dense ce week-end&#8230;<\/p>\n<p><\/p>\n","protected":false},"excerpt":{"rendered":"Une fillette de sept ans a perdu la vie, ce jeudi 24 juillet, dans un accident survenu sur&hellip;\n","protected":false},"author":2,"featured_media":184505,"comment_status":"","ping_status":"","sticky":false,"template":"","format":"standard","meta":{"footnotes":""},"categories":[1889],"tags":[13343,119,1111,11,6955,2430,41167,41166,24563,1777,674,1011,27,15583,2428,12,25,21447,4752],"class_list":{"0":"post-272093","1":"post","2":"type-post","3":"status-publish","4":"format-standard","5":"has-post-thumbnail","7":"category-lyon","8":"tag-a7","9":"tag-accident","10":"tag-actu","11":"tag-actualites","12":"tag-autoroute","13":"tag-auvergne-rhone-alpes","14":"tag-camion-grue","15":"tag-chasse-sur-rhne","16":"tag-dcs","17":"tag-eu","18":"tag-europe","19":"tag-fr","20":"tag-france","21":"tag-isre","22":"tag-lyon","23":"tag-news","24":"tag-republique-francaise","25":"tag-ternay","26":"tag-voiture"},"share_on_mastodon":{"url":"https:\/\/pubeurope.com\/@fr\/114912288024705120","error":""},"_links":{"self":[{"href":"https:\/\/www.europesays.com\/fr\/wp-json\/wp\/v2\/posts\/272093","targetHints":{"allow":["GET"]}}],"collection":[{"href":"https:\/\/www.europesays.com\/fr\/wp-json\/wp\/v2\/posts"}],"about":[{"href":"https:\/\/www.europesays.com\/fr\/wp-json\/wp\/v2\/types\/post"}],"author":[{"embeddable":true,"href":"https:\/\/www.europesays.com\/fr\/wp-json\/wp\/v2\/users\/2"}],"replies":[{"embeddable":true,"href":"https:\/\/www.europesays.com\/fr\/wp-json\/wp\/v2\/comments?post=272093"}],"version-history":[{"count":0,"href":"https:\/\/www.europesays.com\/fr\/wp-json\/wp\/v2\/posts\/272093\/revisions"}],"wp:featuredmedia":[{"embeddable":true,"href":"https:\/\/www.europesays.com\/fr\/wp-json\/wp\/v2\/media\/184505"}],"wp:attachment":[{"href":"https:\/\/www.europesays.com\/fr\/wp-json\/wp\/v2\/media?parent=272093"}],"wp:term":[{"taxonomy":"category","embeddable":true,"href":"https:\/\/www.europesays.com\/fr\/wp-json\/wp\/v2\/categories?post=272093"},{"taxonomy":"post_tag","embeddable":true,"href":"https:\/\/www.europesays.com\/fr\/wp-json\/wp\/v2\/tags?post=272093"}],"curies":[{"name":"wp","href":"https:\/\/api.w.org\/{rel}","templated":true}]}}