{"id":272094,"date":"2025-07-25T05:46:13","date_gmt":"2025-07-25T05:46:13","guid":{"rendered":"https:\/\/www.europesays.com\/fr\/272094\/"},"modified":"2025-07-25T05:46:13","modified_gmt":"2025-07-25T05:46:13","slug":"paris-et-lile-de-france-autrement-avec-my-private-paris","status":"publish","type":"post","link":"https:\/\/www.europesays.com\/fr\/272094\/","title":{"rendered":"Paris et l&rsquo;\u00cele-de-France autrement, avec My Private Paris"},"content":{"rendered":"<p>\t\t\t\t <a href=\"https:\/\/www.tourmag.com\/javascript:void(0)\" rel=\"https:\/\/www.europesays.com\/fr\/wp-content\/uploads\/2025\/07\/90086519-63592647.jpg&amp;ibox nofollow noopener\" title=\"Le Ch\u00e2teau de Chantilly, souvent \u00e9clips\u00e9 par Versailles, est un chef-d&#039;\u0153uvre de l&#039;architecture classique fran\u00e7aise - DepositPhotos.com, hzparisien@gmail.com\" target=\"_blank\"><img decoding=\"async\" class=\"responsive\" style=\"display:none\" src=\"https:\/\/www.europesays.com\/fr\/wp-content\/uploads\/2025\/07\/90086519-63592647.jpg\" alt=\"Le Ch\u00e2teau de Chantilly, souvent \u00e9clips\u00e9 par Versailles, est un chef-d'\u0153uvre de l'architecture classique fran\u00e7aise - DepositPhotos.com, hzparisien@gmail.com\" title=\"Le Ch\u00e2teau de Chantilly, souvent \u00e9clips\u00e9 par Versailles, est un chef-d'\u0153uvre de l'architecture classique fran\u00e7aise - DepositPhotos.com, hzparisien@gmail.com\" \/><br \/>\n<img decoding=\"async\" class=\"not-responsive\" src=\"https:\/\/www.europesays.com\/fr\/wp-content\/uploads\/2025\/07\/1753422373_354_90086519-63592647.jpg\" alt=\"Le Ch\u00e2teau de Chantilly, souvent \u00e9clips\u00e9 par Versailles, est un chef-d'\u0153uvre de l'architecture classique fran\u00e7aise - DepositPhotos.com, hzparisien@gmail.com\" title=\"Le Ch\u00e2teau de Chantilly, souvent \u00e9clips\u00e9 par Versailles, est un chef-d'\u0153uvre de l'architecture classique fran\u00e7aise - DepositPhotos.com, hzparisien@gmail.com\" width=\"672\" \/><\/a><\/p>\n<p>\n\t\t\t\t\t Le Ch\u00e2teau de Chantilly, souvent \u00e9clips\u00e9 par Versailles, est un chef-d&rsquo;\u0153uvre de l&rsquo;architecture classique fran\u00e7aise &#8211; DepositPhotos.com, hzparisien@gmail.com\n\t\t\t\t <\/p>\n<p>\t\t\t\t\t <b>TourMaG &#8211; Si Paris et l&rsquo;\u00cele-de-France sont mondialement connus, quel est, selon vous, l&rsquo;atout n\u00b01 de la r\u00e9gion ?<\/b><\/p>\n<p><a class=\"liens\" href=\"https:\/\/fr.linkedin.com\/in\/bertranddaleman\" target=\"_blank\" rel=\"nofollow noopener\">Bertrand d&rsquo;Aleman<\/a> :  L&rsquo;atout num\u00e9ro un de notre r\u00e9gion, et ce qui cr\u00e9e ind\u00e9niablement un effet \u00ab\u00a0waouh\u00a0\u00bb et donne envie d&rsquo;y s\u00e9journer, c&rsquo;est Paris elle-m\u00eame, en tant que capitale mondiale de l&rsquo;\u00e9l\u00e9gance, de la culture et de l&rsquo;art de vivre. &#13;\t\t\t\t\t <\/p>\n<p>Ce n&rsquo;est pas seulement un monument ou un quartier, mais l&rsquo;ambiance globale : fl\u00e2ner le long de la Seine, d\u00e9couvrir l&rsquo;architecture haussmannienne, se perdre dans les mus\u00e9es de renomm\u00e9e mondiale, ou simplement s&rsquo;asseoir \u00e0 la terrasse d&rsquo;un caf\u00e9. &#13;\t\t\t\t\t <\/p>\n<p>C&rsquo;est la promesse d&rsquo;une immersion dans un univers o\u00f9 chaque coin de rue raconte une histoire. &#13;\t\t\t\t\t <\/p>\n<p><b>TourMaG &#8211; Quel est, selon vous, le meilleur moment pour visiter la r\u00e9gion, et pourquoi ?&#13;\t\t\t\t\t <\/b><\/p>\n<p>Bertrand d&rsquo;Aleman : Le meilleur moment pour visiter l&rsquo;\u00cele-de-France est sans conteste le printemps (avril-mai) ou le d\u00e9but de l&rsquo;automne (septembre-octobre). &#13;\t\t\t\t\t <\/p>\n<p>Pendant ces p\u00e9riodes, le temps est g\u00e9n\u00e9ralement doux et ensoleill\u00e9, les jardins et parcs sont magnifiques, et la foule est moins dense qu&rsquo;en plein \u00e9t\u00e9. C&rsquo;est l&rsquo;id\u00e9al pour profiter des terrasses, des balades et des activit\u00e9s en ext\u00e9rieur sans l&rsquo;agitation des pics touristiques. &#13;\t\t\t\t\t <\/p>\n<p><b>TourMaG &#8211; Quelle p\u00e9pite m\u00e9connue de votre territoire recommanderiez-vous aux voyageurs ?&#13;\t\t\t\t\t <\/b><\/p>\n<p>Bertrand d&rsquo;Aleman :  Nous recommandons aux voyageurs de d\u00e9couvrir le Ch\u00e2teau de <a class=\"liens\" href=\"https:\/\/www.tourmag.com\/A-la-decouverte-de-Chantilly-ville-princiere-et-creme-de-l-hippisme-francais_a103667.html\" target=\"_blank\" rel=\"nofollow noopener\">Chantilly.<\/a>&#13;\t\t\t\t\t <\/p>\n<p>Souvent \u00e9clips\u00e9 par Versailles, ce chef-d&rsquo;\u0153uvre de l&rsquo;architecture classique fran\u00e7aise est en r\u00e9alit\u00e9 le pr\u00e9curseur de Versailles, et l&rsquo;un des plus beaux exemples de l&rsquo;art du XVIIe si\u00e8cle. &#13;\t\t\t\t\t <\/p>\n<p>Ses jardins \u00e0 la fran\u00e7aise, ses int\u00e9rieurs somptueux et son histoire fascinante en font une exp\u00e9rience inoubliable, et moins fr\u00e9quent\u00e9e.\n\t\t\t\t <\/p>\n","protected":false},"excerpt":{"rendered":"Le Ch\u00e2teau de Chantilly, souvent \u00e9clips\u00e9 par Versailles, est un chef-d&rsquo;\u0153uvre de l&rsquo;architecture classique fran\u00e7aise &#8211; DepositPhotos.com, hzparisien@gmail.com&hellip;\n","protected":false},"author":2,"featured_media":272095,"comment_status":"","ping_status":"","sticky":false,"template":"","format":"standard","meta":{"footnotes":""},"categories":[1592],"tags":[1111,11,1777,674,1011,27,662,41168,12,626,25,40911],"class_list":{"0":"post-272094","1":"post","2":"type-post","3":"status-publish","4":"format-standard","5":"has-post-thumbnail","7":"category-ile-de-france","8":"tag-actu","9":"tag-actualites","10":"tag-eu","11":"tag-europe","12":"tag-fr","13":"tag-france","14":"tag-ile-de-france","15":"tag-my-private-paris","16":"tag-news","17":"tag-paris","18":"tag-republique-francaise","19":"tag-seriefranceete2025"},"share_on_mastodon":{"url":"https:\/\/pubeurope.com\/@fr\/114912296046154884","error":""},"_links":{"self":[{"href":"https:\/\/www.europesays.com\/fr\/wp-json\/wp\/v2\/posts\/272094","targetHints":{"allow":["GET"]}}],"collection":[{"href":"https:\/\/www.europesays.com\/fr\/wp-json\/wp\/v2\/posts"}],"about":[{"href":"https:\/\/www.europesays.com\/fr\/wp-json\/wp\/v2\/types\/post"}],"author":[{"embeddable":true,"href":"https:\/\/www.europesays.com\/fr\/wp-json\/wp\/v2\/users\/2"}],"replies":[{"embeddable":true,"href":"https:\/\/www.europesays.com\/fr\/wp-json\/wp\/v2\/comments?post=272094"}],"version-history":[{"count":0,"href":"https:\/\/www.europesays.com\/fr\/wp-json\/wp\/v2\/posts\/272094\/revisions"}],"wp:featuredmedia":[{"embeddable":true,"href":"https:\/\/www.europesays.com\/fr\/wp-json\/wp\/v2\/media\/272095"}],"wp:attachment":[{"href":"https:\/\/www.europesays.com\/fr\/wp-json\/wp\/v2\/media?parent=272094"}],"wp:term":[{"taxonomy":"category","embeddable":true,"href":"https:\/\/www.europesays.com\/fr\/wp-json\/wp\/v2\/categories?post=272094"},{"taxonomy":"post_tag","embeddable":true,"href":"https:\/\/www.europesays.com\/fr\/wp-json\/wp\/v2\/tags?post=272094"}],"curies":[{"name":"wp","href":"https:\/\/api.w.org\/{rel}","templated":true}]}}