{"id":272096,"date":"2025-07-25T05:47:12","date_gmt":"2025-07-25T05:47:12","guid":{"rendered":"https:\/\/www.europesays.com\/fr\/272096\/"},"modified":"2025-07-25T05:47:12","modified_gmt":"2025-07-25T05:47:12","slug":"les-valeurs-a-suivre-a-paris-et-en-europe-25-07-2025-a-0600","status":"publish","type":"post","link":"https:\/\/www.europesays.com\/fr\/272096\/","title":{"rendered":"Les valeurs \u00e0 suivre \u00e0 Paris et en Europe &#8211; 25\/07\/2025 \u00e0 06:00"},"content":{"rendered":"<p>\n *\n<\/p>\n<p>\n Variation des futures sur indice CAC 40  0#FCE:\n<\/p>\n<p>\n *\n<\/p>\n<p>\n Variation des futures sur indice Stoxx 600  0#FXXP:\n<\/p>\n<p>\n *\n<\/p>\n<p>\n Valeurs qui se traitent ex-dividende  .EX.PA\n<\/p>\n<p>\n *\n<\/p>\n<p>\n Le point sur les march\u00e9s europ\u00e9ens  .EUFR\n<\/p>\n<p>\n Les valeurs \u00e0 suivre<br \/>\nvendredi \u00e0 la Bourse de Paris et en Europe :\n<\/p>\n<p>\n * LVMH<br \/>\n <a href=\"https:\/\/www.boursorama.com\/cours\/1rPMC\/\" rel=\"nofollow noopener\" target=\"_blank\"><br \/>\n  LVMH.PA<br \/>\n <\/a><br \/>\n , num\u00e9ro un mondial du luxe, a fait \u00e9tat<br \/>\njeudi d&rsquo;une baisse organique de ses ventes de 4% au deuxi\u00e8me<br \/>\ntrimestre, plus qu&rsquo;attendu, refl\u00e9tant la morosit\u00e9 persistante<br \/>\nd&rsquo;un march\u00e9 qui p\u00e8se sur la confiance des consommateurs tandis<br \/>\nque les marques sont confront\u00e9es \u00e0 la menace de droits de douane<br \/>\n\u00e9lev\u00e9s de la part des \u00c9tats-Unis.\n<\/p>\n<p>\n * CARREFOUR<br \/>\n <a href=\"https:\/\/www.boursorama.com\/cours\/1rPCA\/\" rel=\"nofollow noopener\" target=\"_blank\"><br \/>\n  CARR.PA<br \/>\n <\/a><br \/>\n a fait \u00e9tat jeudi d&rsquo;une hausse de 4,4%<br \/>\nen comparable de son chiffre d&rsquo;affaires au deuxi\u00e8me trimestre<br \/>\napr\u00e8s une croissance de 2,9% le trimestre pr\u00e9c\u00e9dent, et a<br \/>\nannonc\u00e9 \u00eatre entr\u00e9 en n\u00e9gociations exclusives avec NewPrinces<br \/>\nGroup en vue de la cession de l\u2019int\u00e9gralit\u00e9 de ses activit\u00e9s en<br \/>\nItalie.\n<\/p>\n<p>\n * MICHELIN<br \/>\n <a href=\"https:\/\/www.boursorama.com\/cours\/1rPML\/\" rel=\"nofollow noopener\" target=\"_blank\"><br \/>\n  MICP.PA<br \/>\n <\/a><br \/>\n a fait \u00e9tat jeudi d&rsquo;une baisse de 3,4%<br \/>\nde ses ventes au premier semestre, conform\u00e9ment aux attentes, la<br \/>\nbaisse des volumes de vente ayant partiellement \u00e9t\u00e9 compens\u00e9e<br \/>\npar la hausse des prix de vente.\n<\/p>\n<p>\n * VALEO<br \/>\n <a href=\"https:\/\/www.boursorama.com\/cours\/1rPFR\/\" rel=\"nofollow noopener\" target=\"_blank\"><br \/>\n  VLOF.PA<br \/>\n <\/a><br \/>\n a abaiss\u00e9 jeudi son objectif de chiffre<br \/>\nd&rsquo;affaires ajust\u00e9 pour 2025, anticipant environ 20,5 milliards<br \/>\nd&rsquo;euros sur l&rsquo;ann\u00e9e contre une fourchette comprise entre 21,5 et<br \/>\n22,5 milliards pr\u00e9vue pr\u00e9c\u00e9demment.\n<\/p>\n<p>\n * CR\u00c9DIT AGRICOLE ASSURANCES<br \/>\n <a href=\"https:\/\/www.boursorama.com\/cours\/1rPACA\/\" rel=\"nofollow noopener\" target=\"_blank\"><br \/>\n  CAGR.PA<br \/>\n <\/a><br \/>\n et LCL ont annonc\u00e9<br \/>\njeudi \u00eatre en n\u00e9gociations exclusives avec le fonds de &lsquo;private<br \/>\nequity&rsquo; AnaCap pour acqu\u00e9rir ensemble le Groupe Milleis, un<br \/>\nacteur de la banque priv\u00e9e et patrimoniale en France.\n<\/p>\n<p>\n * ALTEN<br \/>\n <a href=\"https:\/\/www.boursorama.com\/cours\/1rPATE\/\" rel=\"nofollow noopener\" target=\"_blank\"><br \/>\n  LTEN.PA<br \/>\n <\/a><br \/>\n a annonc\u00e9 jeudi viser une d\u00e9croissance<br \/>\norganique pour l\u2019exercice 2025 comprise entre -5,2% et -5,5% \u00e0<br \/>\nconditions \u00e9conomiques inchang\u00e9es, contre environ -6% anticip\u00e9<br \/>\nen avril dernier.\n<\/p>\n<p>\n * MERCIALYS<br \/>\n <a href=\"https:\/\/www.boursorama.com\/cours\/1rPMERY\/\" rel=\"nofollow noopener\" target=\"_blank\"><br \/>\n  MERY.PA<br \/>\n <\/a><br \/>\n a relev\u00e9 jeudi son objectif annuel de<br \/>\nr\u00e9sultat net r\u00e9current (RNR), citant les bonnes performances du<br \/>\npremier semestre, tout en faisant \u00e9tat d&rsquo;un recul de son Ebitda<br \/>\nen glissement annuel.\n<\/p>\n<p>\n * NEXITY<br \/>\n <a href=\"https:\/\/www.boursorama.com\/cours\/1rPNXI\/\" rel=\"nofollow noopener\" target=\"_blank\"><br \/>\n  NEXI.PA<br \/>\n <\/a><br \/>\n a enregistr\u00e9 jeudi un retour \u00e0 la<br \/>\ncroissance de son r\u00e9sultat op\u00e9rationnel courant au premier<br \/>\nsemestre, citant les effets des transformations op\u00e9r\u00e9es en 2024<br \/>\net la mise en production d\u2019op\u00e9rations calibr\u00e9es.\n<\/p>\n<p>\n L&rsquo;AGENDA FRANCE &amp; INTERNATIONAL \u00c0 7 JOURS:<\/p>\n<p> nL8N3TE0EH\n<\/p>\n<p>\n (R\u00e9dig\u00e9 par Claude Chendjou)<\/p>\n","protected":false},"excerpt":{"rendered":"* Variation des futures sur indice CAC 40 0#FCE: * Variation des futures sur indice Stoxx 600 0#FXXP:&hellip;\n","protected":false},"author":2,"featured_media":64038,"comment_status":"","ping_status":"","sticky":false,"template":"","format":"standard","meta":{"footnotes":""},"categories":[1888],"tags":[400,1111,1928,11,1927,398,408,405,1777,674,1011,27,403,402,399,404,12,1926,626,1925,25,401,406,407],"class_list":{"0":"post-272096","1":"post","2":"type-post","3":"status-publish","4":"format-standard","5":"has-post-thumbnail","7":"category-paris","8":"tag-action-cac-40","9":"tag-actu","10":"tag-actu-paris","11":"tag-actualites","12":"tag-actualites-paris","13":"tag-bourse-de-paris","14":"tag-boursorama","15":"tag-cotations","16":"tag-eu","17":"tag-europe","18":"tag-fr","19":"tag-france","20":"tag-indices-devises","21":"tag-investir","22":"tag-investissement","23":"tag-marche-boursier","24":"tag-news","25":"tag-news-paris","26":"tag-paris","27":"tag-paris-news","28":"tag-republique-francaise","29":"tag-sicav","30":"tag-trackers","31":"tag-warrants"},"share_on_mastodon":{"url":"https:\/\/pubeurope.com\/@fr\/114912299811346872","error":""},"_links":{"self":[{"href":"https:\/\/www.europesays.com\/fr\/wp-json\/wp\/v2\/posts\/272096","targetHints":{"allow":["GET"]}}],"collection":[{"href":"https:\/\/www.europesays.com\/fr\/wp-json\/wp\/v2\/posts"}],"about":[{"href":"https:\/\/www.europesays.com\/fr\/wp-json\/wp\/v2\/types\/post"}],"author":[{"embeddable":true,"href":"https:\/\/www.europesays.com\/fr\/wp-json\/wp\/v2\/users\/2"}],"replies":[{"embeddable":true,"href":"https:\/\/www.europesays.com\/fr\/wp-json\/wp\/v2\/comments?post=272096"}],"version-history":[{"count":0,"href":"https:\/\/www.europesays.com\/fr\/wp-json\/wp\/v2\/posts\/272096\/revisions"}],"wp:featuredmedia":[{"embeddable":true,"href":"https:\/\/www.europesays.com\/fr\/wp-json\/wp\/v2\/media\/64038"}],"wp:attachment":[{"href":"https:\/\/www.europesays.com\/fr\/wp-json\/wp\/v2\/media?parent=272096"}],"wp:term":[{"taxonomy":"category","embeddable":true,"href":"https:\/\/www.europesays.com\/fr\/wp-json\/wp\/v2\/categories?post=272096"},{"taxonomy":"post_tag","embeddable":true,"href":"https:\/\/www.europesays.com\/fr\/wp-json\/wp\/v2\/tags?post=272096"}],"curies":[{"name":"wp","href":"https:\/\/api.w.org\/{rel}","templated":true}]}}