{"id":272104,"date":"2025-07-25T05:52:10","date_gmt":"2025-07-25T05:52:10","guid":{"rendered":"https:\/\/www.europesays.com\/fr\/272104\/"},"modified":"2025-07-25T05:52:10","modified_gmt":"2025-07-25T05:52:10","slug":"assassinats-sabotages-incendies-comment-le-groupe-neonazi-the-base-frappe-kiev-dans-lombre","status":"publish","type":"post","link":"https:\/\/www.europesays.com\/fr\/272104\/","title":{"rendered":"Assassinats, sabotages, incendies\u2026 Comment le groupe n\u00e9onazi The Base frappe Kiev dans l\u2019ombre"},"content":{"rendered":"<p><strong>Base arri\u00e8re &#8211; Le 10 juillet, un colonel du renseignement ukrainien a \u00e9t\u00e9 abattu \u00e0 Kiev. L\u2019attentat a \u00e9t\u00e9 revendiqu\u00e9 par The Base, un groupe n\u00e9onazi am\u00e9ricain qui appelle \u00e0 multiplier les attaques en Ukraine<\/strong><\/p>\n<p>C\u2019est une sc\u00e8ne gla\u00e7ante, captur\u00e9e par des images de vid\u00e9osurveillance. Un homme cagoul\u00e9, v\u00eatu d\u2019un tee-shirt noir et blanc, s\u2019\u00e9clipse pr\u00e9cipitamment. En plein jour et en pleine capitale ukrainienne, <a href=\"https:\/\/www.20minutes.fr\/monde\/ukraine\/4163171-20250711-guerre-ukraine-ivan-voronych-agent-services-secrets-tue-pleine-rue-kiev?at_medium=RSS%20feed&amp;at_campaign=ynews&amp;utm_source=yahoo&amp;utm_medium=rss&amp;utm_campaign=news_feed&amp;utm_content=in_article_link\" rel=\"nofollow noopener\" target=\"_blank\" data-ylk=\"slk:il vient d\u2019abattre de sang-froid le colonel Ivan Veronych;elm:context_link;itc:0;sec:content-canvas\" class=\"link \">il vient d\u2019abattre de sang-froid le colonel Ivan Veronych<\/a>, membre du Service de s\u00e9curit\u00e9 ukrainien (SBU). Cet assassinat, perp\u00e9tr\u00e9 le 10 juillet dernier, <a href=\"https:\/\/www.theguardian.com\/world\/2025\/jul\/16\/the-base-terrorist-group-ukraine-assassination?at_medium=RSS%20feed&amp;at_campaign=ynews&amp;utm_source=yahoo&amp;utm_medium=rss&amp;utm_campaign=news_feed&amp;utm_content=in_article_link\" rel=\"nofollow noopener\" target=\"_blank\" data-ylk=\"slk:a \u00e9t\u00e9 revendiqu\u00e9 par The Base;elm:context_link;itc:0;sec:content-canvas\" class=\"link \">a \u00e9t\u00e9 revendiqu\u00e9 par The Base<\/a>, une organisation terroriste <a href=\"https:\/\/www.20minutes.fr\/dossier\/neonazi?at_medium=RSS%20feed&amp;at_campaign=ynews&amp;utm_source=yahoo&amp;utm_medium=rss&amp;utm_campaign=news_feed&amp;utm_content=in_article_link\" rel=\"nofollow noopener\" target=\"_blank\" data-ylk=\"slk:n\u00e9onazie;elm:context_link;itc:0;sec:content-canvas\" class=\"link \">n\u00e9onazie <\/a>fond\u00e9e en 2018 aux Etats-Unis. Et elle a pr\u00e9venu sur <a href=\"https:\/\/www.20minutes.fr\/high-tech\/telegram\/?at_medium=RSS%20feed&amp;at_campaign=ynews&amp;utm_source=yahoo&amp;utm_medium=rss&amp;utm_campaign=news_feed&amp;utm_content=in_article_link\" rel=\"nofollow noopener\" target=\"_blank\" data-ylk=\"slk:Telegram;elm:context_link;itc:0;sec:content-canvas\" class=\"link \">Telegram<\/a> : ce n\u2019est \u00ab pas la fin, mais seulement le d\u00e9but \u00bb.<\/p>\n<p>En r\u00e9alit\u00e9, The Base propose depuis plusieurs mois de l\u2019argent \u00e0 ceux qui accepteront de perp\u00e9trer des assassinats cibl\u00e9s ou des sabotages en <a href=\"https:\/\/www.20minutes.fr\/monde\/ukraine\/?at_medium=RSS%20feed&amp;at_campaign=ynews&amp;utm_source=yahoo&amp;utm_medium=rss&amp;utm_campaign=news_feed&amp;utm_content=in_article_link\" rel=\"nofollow noopener\" target=\"_blank\" data-ylk=\"slk:Ukraine;elm:context_link;itc:0;sec:content-canvas\" class=\"link \">Ukraine<\/a>. \u00ab Le groupe a affirm\u00e9 \u00e0 plusieurs reprises n\u2019avoir aucun lien avec la Russie. Toutefois, il s\u2019appuie \u00e9galement fortement sur des plateformes russes comme VK, Mail.ru et RuTube et semble utiliser des milliers de bots pour accro\u00eetre sa port\u00e9e sur les r\u00e9seaux sociaux. Une m\u00e9thode typique des op\u00e9rations d\u2019influence soutenues par l\u2019\u00c9tat russe \u00bb, d\u00e9crypte Steven Rai, sp\u00e9cialiste de l\u2019extr\u00e9misme politique \u00e0 l\u2019Institut du Dialogue Strat\u00e9gique (ISD).<\/p>\n<p>Une hydre n\u00e9onazie sous passeport russe<\/p>\n<p>\u00ab En apparence, The Base affirme agir uniquement dans l\u2019int\u00e9r\u00eat de la race blanche et non de la Russie. Mais le r\u00e9gime autoritaire russe consid\u00e8re la d\u00e9mocratie lib\u00e9rale comme un ennemi majeur \u00e0 l\u2019\u00e9chelle mondiale et a \u00e9labor\u00e9 une strat\u00e9gie de guerre hybride pour la contrer, int\u00e9grant contre-espionnage, sabotage et assassinat(&#8230;)<\/p>\n<p><a href=\"https:\/\/www.20minutes.fr\/monde\/ukraine\/4164943-20250725-guerre-ukraine-assassinats-sabotages-incendies-comment-groupe-neonazi-the-base-frappe-kiev-ombre?at_medium=RSS%20feed&amp;at_campaign=ynews&amp;utm_source=yahoo&amp;utm_medium=rss&amp;utm_campaign=news_feed&amp;utm_content=read_more_link\" rel=\"nofollow noopener\" target=\"_blank\" data-ylk=\"slk:Lire la suite sur 20minutes;elm:context_link;itc:0;sec:content-canvas\" class=\"link \">Lire la suite sur 20minutes<\/a><\/p>\n<p>\u00c0 lire aussi :<br \/><a href=\"https:\/\/www.20minutes.fr\/monde\/ukraine\/4164931-20250723-guerre-ukraine-mise-sous-tutelle-institutions-anticorruption-acte-suicidaire-kiev?at_medium=RSS%20feed&amp;at_campaign=ynews&amp;utm_source=yahoo&amp;utm_medium=rss&amp;utm_campaign=news_feed&amp;utm_content=related_content_link\" rel=\"nofollow noopener\" target=\"_blank\" data-ylk=\"slk:Guerre en Ukraine : La mise sous tutelle des institutions anticorruption, \u00ab un acte suicidaire \u00bb pour Kiev ?;elm:context_link;itc:0;sec:content-canvas\" class=\"link \">Guerre en Ukraine : La mise sous tutelle des institutions anticorruption, \u00ab un acte suicidaire \u00bb pour Kiev ?<\/a><br \/><a href=\"https:\/\/www.20minutes.fr\/monde\/ukraine\/4163619-20250721-ukraine-difficulte-acces-terrain-quand-france-enquete-crimes-guerre?at_medium=RSS%20feed&amp;at_campaign=ynews&amp;utm_source=yahoo&amp;utm_medium=rss&amp;utm_campaign=news_feed&amp;utm_content=related_content_link\" rel=\"nofollow noopener\" target=\"_blank\" data-ylk=\"slk:Ukraine : \u00ab La difficult\u00e9, c\u2019est l\u2019acc\u00e8s au terrain \u00bb\u2026 Quand la France enqu\u00eate sur les crimes de guerre;elm:context_link;itc:0;sec:content-canvas\" class=\"link \">Ukraine : \u00ab La difficult\u00e9, c\u2019est l\u2019acc\u00e8s au terrain \u00bb\u2026 Quand la France enqu\u00eate sur les crimes de guerre<\/a><\/p>\n","protected":false},"excerpt":{"rendered":"Base arri\u00e8re &#8211; Le 10 juillet, un colonel du renseignement ukrainien a \u00e9t\u00e9 abattu \u00e0 Kiev. L\u2019attentat a&hellip;\n","protected":false},"author":2,"featured_media":272105,"comment_status":"","ping_status":"","sticky":false,"template":"","format":"standard","meta":{"footnotes":""},"categories":[1590],"tags":[11,41170,1777,674,11229,2489,12,41169,220],"class_list":{"0":"post-272104","1":"post","2":"type-post","3":"status-publish","4":"format-standard","5":"has-post-thumbnail","7":"category-ukraine","8":"tag-actualites","9":"tag-base-arriere","10":"tag-eu","11":"tag-europe","12":"tag-kiev","13":"tag-la-russie","14":"tag-news","15":"tag-the-base","16":"tag-ukraine"},"share_on_mastodon":{"url":"https:\/\/pubeurope.com\/@fr\/114912319531942938","error":""},"_links":{"self":[{"href":"https:\/\/www.europesays.com\/fr\/wp-json\/wp\/v2\/posts\/272104","targetHints":{"allow":["GET"]}}],"collection":[{"href":"https:\/\/www.europesays.com\/fr\/wp-json\/wp\/v2\/posts"}],"about":[{"href":"https:\/\/www.europesays.com\/fr\/wp-json\/wp\/v2\/types\/post"}],"author":[{"embeddable":true,"href":"https:\/\/www.europesays.com\/fr\/wp-json\/wp\/v2\/users\/2"}],"replies":[{"embeddable":true,"href":"https:\/\/www.europesays.com\/fr\/wp-json\/wp\/v2\/comments?post=272104"}],"version-history":[{"count":0,"href":"https:\/\/www.europesays.com\/fr\/wp-json\/wp\/v2\/posts\/272104\/revisions"}],"wp:featuredmedia":[{"embeddable":true,"href":"https:\/\/www.europesays.com\/fr\/wp-json\/wp\/v2\/media\/272105"}],"wp:attachment":[{"href":"https:\/\/www.europesays.com\/fr\/wp-json\/wp\/v2\/media?parent=272104"}],"wp:term":[{"taxonomy":"category","embeddable":true,"href":"https:\/\/www.europesays.com\/fr\/wp-json\/wp\/v2\/categories?post=272104"},{"taxonomy":"post_tag","embeddable":true,"href":"https:\/\/www.europesays.com\/fr\/wp-json\/wp\/v2\/tags?post=272104"}],"curies":[{"name":"wp","href":"https:\/\/api.w.org\/{rel}","templated":true}]}}