{"id":272106,"date":"2025-07-25T05:53:17","date_gmt":"2025-07-25T05:53:17","guid":{"rendered":"https:\/\/www.europesays.com\/fr\/272106\/"},"modified":"2025-07-25T05:53:17","modified_gmt":"2025-07-25T05:53:17","slug":"la-france-va-bientot-reconnaitre-letat-de-palestine-la-reaction-disrael-et-des-usa-nest-pas-tendre","status":"publish","type":"post","link":"https:\/\/www.europesays.com\/fr\/272106\/","title":{"rendered":"La France va bient\u00f4t reconnaitre l\u2019\u00e9tat de Palestine: la r\u00e9action d\u2019Isra\u00ebl et des USA n\u2019est pas tendre"},"content":{"rendered":"<p>  \tWashington fustige le projet de Macron de reconna\u00eetre un \u00c9tat palestinien, jugeant la d\u00e9marche \u00abimprudente\u00bb et nuisible \u00e0 la paix.<\/p>\n<p>&#13;<br \/>\n&#13;<\/p>\n<p>Les Etats-Unis ont \u00abfermement\u00bb rejet\u00e9 jeudi le projet du pr\u00e9sident fran\u00e7ais Emmanuel Macron de reconna\u00eetre un Etat palestinien, parlant d\u2019une d\u00e9cision \u00abimprudente\u00bb qui fait reculer la paix.\n<\/p>\n<p>\u00abCette d\u00e9cision imprudente ne sert que la propagande du Hamas et fait reculer le processus de paix. C\u2019est un camouflet pour les victimes du 7 octobre\u00bb, a d\u00e9clar\u00e9 le secr\u00e9taire d\u2019Etat am\u00e9ricain Marco Rubio sur le r\u00e9seau X. <\/p>\n<p>&#13;<br \/>\n&#13;<\/p>\n<p>&#13;<br \/>\n&#13;<\/p>\n<p>Le pr\u00e9sident fran\u00e7ais a annonc\u00e9 plus t\u00f4t jeudi que la France va reconna\u00eetre l\u2019Etat de Palestine en septembre lors de l\u2019Assembl\u00e9e g\u00e9n\u00e9rale de l\u2019ONU, disant esp\u00e9rer cr\u00e9er une dynamique collective en ce sens. <\/p>\n<p>Isra\u00ebl a aussit\u00f4t d\u00e9cri\u00e9 une \u00abr\u00e9compense de la terreur\u00bb. <\/p>\n<p>La France doit copr\u00e9sider avec l\u2019Arabie saoudite une conf\u00e9rence internationale au niveau des chefs d\u2019Etat et de gouvernement visant \u00e0 relancer la solution dite \u00ab\u00e0 deux Etats\u00bb, palestinien et isra\u00e9lien. <\/p>\n<p>Les Etats-Unis s\u2019opposent de longue date, y compris sous la pr\u00e9c\u00e9dente administration de Joe Biden, \u00e0 toute reconnaissance unilat\u00e9rale d\u2019un Etat palestinien, pr\u00e9f\u00e9rant une solution n\u00e9goci\u00e9e. <\/p>\n<p>&#13;<br \/>\n&#13;<\/p>\n<p>  &#13;<br \/>\n  \u00c0 lire aussi&#13;<br \/>\n  &#13;<\/p>\n<p>  <img decoding=\"async\" data-copyright=\"AFP\" class=\"r-img\"  typeof=\"foaf:Image\" src=\"https:\/\/www.europesays.com\/fr\/wp-content\/uploads\/2025\/07\/45811434.jpeg\" alt=\"Belgaimage-129848377.jpg\"\/><br \/>\n        <a class=\"r-stories--link\" href=\"https:\/\/www.rtl.be\/actu\/monde\/international\/la-france-va-reconnaitre-letat-de-palestine-en-septembre-lonu-annonce-emmanuel\/2025-07-24\/article\/757631\" rel=\"nofollow noopener\" target=\"_blank\">La France va reconna\u00eetre l\u2019Etat de Palestine en septembre \u00e0 l\u2019ONU, annonce Emmanuel Macron<\/a>&#13;<br \/>\n  &#13;<br \/>\n&#13;<\/p>\n<p>L\u2019administration Trump entretient l\u2019ambigu\u00eft\u00e9 quant \u00e0 savoir si elle soutient la solution \u00e0 deux Etats, isra\u00e9lien et palestinien, un objectif soutenu depuis des ann\u00e9es par la diplomatie am\u00e9ricaine. <\/p>\n<p>Washington, principal soutien \u00e0 l\u2019alli\u00e9 isra\u00e9lien, affiche ainsi sa divergence profonde avec nombre de capitales europ\u00e9ennes, au moment o\u00f9 les n\u00e9gociations en vue d\u2019un cessez-le-feu dans la bande de Gaza ont capot\u00e9.<\/p>\n<p>&#13;<br \/>\n&#13;<\/p>\n<p>&#13;<br \/>\n&#13;<\/p>\n","protected":false},"excerpt":{"rendered":"Washington fustige le projet de Macron de reconna\u00eetre un \u00c9tat palestinien, jugeant la d\u00e9marche \u00abimprudente\u00bb et nuisible \u00e0&hellip;\n","protected":false},"author":2,"featured_media":272107,"comment_status":"","ping_status":"","sticky":false,"template":"","format":"standard","meta":{"footnotes":""},"categories":[1589],"tags":[29950,11,73,1866,12,1864,1865,1863,308],"class_list":{"0":"post-272106","1":"post","2":"type-post","3":"status-publish","4":"format-standard","5":"has-post-thumbnail","7":"category-etats-unis","8":"tag-nodefield_freetags","9":"tag-actualites","10":"tag-etats-unis","11":"tag-etats-unis-damerique","12":"tag-news","13":"tag-united-states","14":"tag-united-states-of-america","15":"tag-us","16":"tag-usa"},"share_on_mastodon":{"url":"https:\/\/pubeurope.com\/@fr\/114912323584044140","error":""},"_links":{"self":[{"href":"https:\/\/www.europesays.com\/fr\/wp-json\/wp\/v2\/posts\/272106","targetHints":{"allow":["GET"]}}],"collection":[{"href":"https:\/\/www.europesays.com\/fr\/wp-json\/wp\/v2\/posts"}],"about":[{"href":"https:\/\/www.europesays.com\/fr\/wp-json\/wp\/v2\/types\/post"}],"author":[{"embeddable":true,"href":"https:\/\/www.europesays.com\/fr\/wp-json\/wp\/v2\/users\/2"}],"replies":[{"embeddable":true,"href":"https:\/\/www.europesays.com\/fr\/wp-json\/wp\/v2\/comments?post=272106"}],"version-history":[{"count":0,"href":"https:\/\/www.europesays.com\/fr\/wp-json\/wp\/v2\/posts\/272106\/revisions"}],"wp:featuredmedia":[{"embeddable":true,"href":"https:\/\/www.europesays.com\/fr\/wp-json\/wp\/v2\/media\/272107"}],"wp:attachment":[{"href":"https:\/\/www.europesays.com\/fr\/wp-json\/wp\/v2\/media?parent=272106"}],"wp:term":[{"taxonomy":"category","embeddable":true,"href":"https:\/\/www.europesays.com\/fr\/wp-json\/wp\/v2\/categories?post=272106"},{"taxonomy":"post_tag","embeddable":true,"href":"https:\/\/www.europesays.com\/fr\/wp-json\/wp\/v2\/tags?post=272106"}],"curies":[{"name":"wp","href":"https:\/\/api.w.org\/{rel}","templated":true}]}}