{"id":272113,"date":"2025-07-25T05:57:12","date_gmt":"2025-07-25T05:57:12","guid":{"rendered":"https:\/\/www.europesays.com\/fr\/272113\/"},"modified":"2025-07-25T05:57:12","modified_gmt":"2025-07-25T05:57:12","slug":"les-ministres-de-linterieur-de-lue-intensifient-lassaut-contre-les-refugies-2","status":"publish","type":"post","link":"https:\/\/www.europesays.com\/fr\/272113\/","title":{"rendered":"Les ministres de l\u2019Int\u00e9rieur de l\u2019UE intensifient l\u2019assaut contre les r\u00e9fugi\u00e9s"},"content":{"rendered":"<p> Les attaques incessantes contre les migrants et les r\u00e9fugi\u00e9s servent de levier aux gouvernements capitalistes pour supprimer les droits d\u00e9mocratiques, suspendre les droits fondamentaux et instaurer la dictature. Cela vaut aussi bien pour les \u00c9tats-Unis que pour l&rsquo;Union europ\u00e9enne.<\/p>\n<p><img decoding=\"async\" class=\"db relative center\" loading=\"lazy\" src=\"https:\/\/www.europesays.com\/fr\/wp-content\/uploads\/2025\/07\/c9bfdbb4-add7-4089-b725-74ea3611824e\" style=\"max-height:100%\"\/>Le ministre allemand de l&rsquo;Int\u00e9rieur Alexander Dobrindt et son homologue polonais Tomasz Siemoniak devant la barri\u00e8re frontali\u00e8re entre la Pologne et la Bi\u00e9lorussie [Photo by MSWiA_GOV_PL]<\/p>\n<p>Sous Donald Trump, des agents d&rsquo;immigration masqu\u00e9s, surnomm\u00e9s \u00ab la Gestapo de l&rsquo;ICE \u00bb, terrorisent des communaut\u00e9s enti\u00e8res. Ils arr\u00eatent des personnes qui vivent aux \u00c9tats-Unis depuis des ann\u00e9es, voire des d\u00e9cennies, et les expulsent vers des camps de concentration, dans le pays ou \u00e0 l&rsquo;\u00e9tranger, dont elles ne peuvent s&rsquo;\u00e9chapper.<\/p>\n<p>L&rsquo;UE n&rsquo;est pas moins engag\u00e9e que les \u00c9tats-Unis \u00e0 cet \u00e9gard. Depuis des ann\u00e9es, les fronti\u00e8res europ\u00e9ennes sont ferm\u00e9es, les r\u00e9fugi\u00e9s sont refoul\u00e9s ill\u00e9galement, emprisonn\u00e9s dans des camps inhumains et expuls\u00e9s vers des pays o\u00f9 ils n&rsquo;ont aucune chance de survie. La mer M\u00e9diterran\u00e9e est ainsi devenue la route des r\u00e9fugi\u00e9s la plus meurtri\u00e8re au monde, causant la mort de dizaines de milliers de personnes au cours de la derni\u00e8re d\u00e9cennie.<\/p>\n<p>Mardi, les ministres de l&rsquo;Int\u00e9rieur des \u00c9tats membres de l&rsquo;UE se sont r\u00e9unis \u00e0 Copenhague pour discuter d&rsquo;un nouveau durcissement des politiques en mati\u00e8re de migration et de r\u00e9fugi\u00e9s. La r\u00e9union \u00e9tant informelle, aucune d\u00e9cision officielle n&rsquo;a \u00e9t\u00e9 prise, mais les ministres de l&rsquo;Int\u00e9rieur se sont mis d&rsquo;accord sur des questions de base :<\/p>\n<p>Les fronti\u00e8res ext\u00e9rieures de l&rsquo;UE doivent \u00eatre davantage ferm\u00e9es et le financement de l&rsquo;agence europ\u00e9enne des fronti\u00e8res Frontex doit \u00eatre tripl\u00e9 dans le budget de l&rsquo;UE pour atteindre un total de 34 milliards d&rsquo;euros.<\/p>\n<p>Les demandeurs d&rsquo;asile d\u00e9bout\u00e9s seront expuls\u00e9s plus rapidement et en plus grand nombre, y compris vers des zones de guerre telles que la Syrie et l&rsquo;Afghanistan.<\/p>\n<p>Des centres de retour seront cr\u00e9\u00e9s en dehors des fronti\u00e8res de l&rsquo;UE, d&rsquo;o\u00f9 les r\u00e9fugi\u00e9s seront expuls\u00e9s avec l&rsquo;aide de Frontex sans jamais avoir mis les pieds sur le sol europ\u00e9en.<\/p>\n<p>Dans l&rsquo;ensemble, la protection des fronti\u00e8res et les expulsions seront mieux coordonn\u00e9es et renforc\u00e9es.<\/p>\n<p>Le durcissement de la position de l&rsquo;UE en mati\u00e8re de migration est notamment aliment\u00e9 par le changement de gouvernement en Allemagne, d\u00e9sormais dirig\u00e9e par une coalition entre l&rsquo;Union chr\u00e9tienne-d\u00e9mocrate (CDU), l&rsquo;Union chr\u00e9tienne-sociale (CSU) et le Parti social-d\u00e9mocrate (SPD). L&rsquo;Allemagne n&rsquo;est plus, selon les termes du nouveau ministre de l&rsquo;Int\u00e9rieur, Alexander Dobrindt (CSU), la \u00ab cabine de freinage \u00bb, mais plut\u00f4t la \u00ab locomotive \u00bb.<\/p>\n<p>Ce n&rsquo;est pas tout \u00e0 fait vrai, car la pr\u00e9d\u00e9cesseure de Dobrindt, Nancy Faeser (SPD), avait d\u00e9j\u00e0 consid\u00e9rablement fait progresser l&rsquo;expansion de la forteresse Europe. Elle avait assur\u00e9 l&rsquo;expulsion plus rapide des demandeurs d&rsquo;asile d\u00e9bout\u00e9s, \u00e9largi la liste des \u00ab pays d&rsquo;origine s\u00fbrs \u00bb pour y inclure l&rsquo;Alg\u00e9rie, la Tunisie, l&rsquo;Inde et le Maroc, restreint le regroupement familial, renforc\u00e9 la l\u00e9gislation europ\u00e9enne en mati\u00e8re d&rsquo;asile et, en violation de l&rsquo;accord de Schengen, introduit des contr\u00f4les \u00e0 la fronti\u00e8re allemande.<\/p>\n<p>Mais Dobrindt est all\u00e9 beaucoup plus loin. \u00c0 peine en fonction, il a d\u00e9ploy\u00e9 3000 policiers f\u00e9d\u00e9raux suppl\u00e9mentaires pour renforcer les contr\u00f4les \u00e0 la fronti\u00e8re allemande. Ce faisant, il a enfreint la loi en vigueur. Les demandeurs d&rsquo;asile provenant de pays dits \u00ab tiers s\u00fbrs \u00bb ont \u00e9t\u00e9 imm\u00e9diatement expuls\u00e9s sans m\u00eame pouvoir demander l&rsquo;asile ou un permis de s\u00e9jour.<\/p>\n<p>De plus, les contr\u00f4les aux fronti\u00e8res ont entra\u00een\u00e9 des retards dans le trafic de marchandises et emp\u00each\u00e9 des milliers de frontaliers de se rendre \u00e0 leur travail \u00e0 l&rsquo;heure. Cela a provoqu\u00e9 des tensions consid\u00e9rables avec la France et la Pologne, qui ont r\u00e9agi par des contre-mesures et leurs propres contr\u00f4les \u00e0 leurs fronti\u00e8res avec l&rsquo;Allemagne.<\/p>\n<p>Dobrindt a promis de transformer \u00ab la vague migratoire en un revirement migratoire \u00bb et s&rsquo;est vu attribuer le surnom de \u00ab sh\u00e9rif de l&rsquo;immigration \u00bb en raison de son approche agressive. Vendredi dernier, il a invit\u00e9 le commissaire europ\u00e9en aux Affaires int\u00e9rieures et plusieurs ministres europ\u00e9ens de l&rsquo;Int\u00e9rieur \u00e0 un \u00ab sommet sur l&rsquo;immigration \u00bb au Zugspitze, la plus haute montagne d&rsquo;Allemagne, afin de donner \u00ab une impulsion importante \u00e0 une politique migratoire europ\u00e9enne plus stricte \u00bb.<\/p>\n<p>Lundi, Dobrindt, accompagn\u00e9 de son homologue polonais Tomasz Siemoniak, a inspect\u00e9 la cl\u00f4ture de 190 kilom\u00e8tres de long, haute de cinq m\u00e8tres, s\u00e9curis\u00e9e par des barbel\u00e9s et des cam\u00e9ras, que la Pologne a \u00e9rig\u00e9e le long de sa fronti\u00e8re avec la Bi\u00e9lorussie pour emp\u00eacher l&rsquo;entr\u00e9e des r\u00e9fugi\u00e9s. Elle est gard\u00e9e par 11\u00a0000 soldats et gardes-fronti\u00e8res et a co\u00fbt\u00e9 plus de 600 millions d&rsquo;euros.<\/p>\n<p>Fin juin, apr\u00e8s l&rsquo;attaque isra\u00e9lienne contre l&rsquo;Iran, Dobrindt a \u00e9galement \u00e9t\u00e9 le premier homme politique international de premier plan \u00e0 se rendre en Isra\u00ebl et a manifest\u00e9 ostensiblement sa solidarit\u00e9 avec le premier ministre Benjamin N\u00e9tanyahou, qu&rsquo;il serait l\u00e9galement tenu d&rsquo;arr\u00eater si celui-ci se rendait en Allemagne, conform\u00e9ment au mandat d&rsquo;arr\u00eat d\u00e9livr\u00e9 par la Cour p\u00e9nale internationale.<\/p>\n<p>Ce n&rsquo;est pas un hasard si Dobrindt a \u00e9t\u00e9 choisi comme ministre de l&rsquo;Int\u00e9rieur par la coalition CDU\/CSU\/SPD. Il est connu pour \u00eatre un agitateur sans scrupules et chauviniste, et pourrait tout aussi bien \u00eatre membre du parti d&rsquo;extr\u00eame droite Alternative pour l&rsquo;Allemagne (AfD).<\/p>\n<p>Il y a dix ans, en tant que ministre des Transports sous Angela Merkel, il a fait adopter le \u00ab p\u00e9age pour les \u00e9trangers \u00bb, que la CSU avait plac\u00e9 au centre de sa campagne \u00e9lectorale. Un p\u00e9age devait \u00eatre pr\u00e9lev\u00e9 exclusivement pour les \u00e9trangers sur les autoroutes allemandes. Comme cela \u00e9tait incompatible avec le droit europ\u00e9en, Dobrindt a propos\u00e9 un p\u00e9age pour tous, pour lequel les conducteurs allemands seraient ensuite indemnis\u00e9s par la lev\u00e9e de la taxe sur les v\u00e9hicules.<\/p>\n<p>Sur le plan \u00e9conomique, ce p\u00e9age n&rsquo;avait absolument aucun sens, car les recettes couvraient \u00e0 peine les co\u00fbts de sa perception. Il ne servait qu&rsquo;\u00e0 alimenter le sentiment x\u00e9nophobe. Finalement, il a \u00e9t\u00e9 annul\u00e9 par la Cour europ\u00e9enne de justice, et le budget f\u00e9d\u00e9ral a subi une perte de 243 millions d&rsquo;euros.<\/p>\n<p>M\u00eame avec sa derni\u00e8re rh\u00e9torique anti-migrants, Dobrindt ne cherche pas simplement \u00e0 limiter l&rsquo;immigration. Le nombre de demandes d&rsquo;asile en Allemagne avait d\u00e9j\u00e0 baiss\u00e9 de 30 % en 2024 par rapport \u00e0 l&rsquo;ann\u00e9e pr\u00e9c\u00e9dente sous le gouvernement pr\u00e9c\u00e9dent. De nombreux r\u00e9fugi\u00e9s syriens et d&rsquo;autres pays travaillent actuellement dans les secteurs de la logistique, de la sant\u00e9, de l&rsquo;industrie et d&rsquo;autres secteurs o\u00f9 ils sont indispensables.<\/p>\n<p>L&rsquo;incitation \u00e0 la haine contre les r\u00e9fugi\u00e9s et les migrants sert \u00e0 diviser la population et \u00e0 d\u00e9tourner la col\u00e8re grandissante suscit\u00e9e par les coupes sociales, la baisse des salaires et le manque de logements vers les membres les plus vuln\u00e9rables de la soci\u00e9t\u00e9. Les r\u00e9fugi\u00e9s qui ont d\u00fb fuir leur foyer \u00e0 cause des guerres d\u00e9clench\u00e9es par l&rsquo;OTAN sont rendus responsables d&rsquo;une crise sociale qui est en r\u00e9alit\u00e9 le r\u00e9sultat de l&rsquo;augmentation des d\u00e9penses militaires et de la cupidit\u00e9 insatiable des super-riches.<\/p>\n<p>Le programme du gouvernement Merz visant \u00e0 \u00ab pr\u00e9parer l&rsquo;Allemagne \u00e0 la guerre \u00bb et \u00e0 transformer le pays en la plus grande puissance militaire d&rsquo;Europe est incompatible avec les droits fondamentaux et le maintien des conditions sociales. Les crimes dont ce gouvernement est capable sont d\u00e9montr\u00e9s non seulement par son soutien continu au g\u00e9nocide des Palestiniens \u00e0 Gaza, mais aussi par sa conduite en mati\u00e8re de politique europ\u00e9enne d&rsquo;asile.<\/p>\n<p>Des conditions indescriptibles r\u00e8gnent en Gr\u00e8ce, o\u00f9 la construction de centres d\u2019expulsion ressemblant \u00e0 des camps de concentration est bien avanc\u00e9e. Le ministre responsable des migrations, Makis Voridis, et son successeur, Thanos Plevris, ont tous deux quitt\u00e9 le parti d&rsquo;extr\u00eame droite LAOS pour rejoindre Nouvelle D\u00e9mocratie, le parti fr\u00e8re de la CDU-CSU, qui forme le gouvernement en Gr\u00e8ce.<\/p>\n<p>Une journaliste du Daily Mail britannique a r\u00e9cemment visit\u00e9 l&rsquo;un de ces camps, un entrep\u00f4t en Cr\u00e8te o\u00f9 400 migrants \u00e9taient entass\u00e9s. Sa description parle d&rsquo;elle-m\u00eame :<\/p>\n<blockquote>\n<p>L&rsquo;odeur des hommes sales et de l&rsquo;urine \u00e0 l&rsquo;int\u00e9rieur du camp m&rsquo;a piqu\u00e9 les yeux. Lorsque nous sommes entr\u00e9s, les migrants ont cri\u00e9 \u00e0 l&rsquo;aide et ont lev\u00e9 les mains pour montrer leurs dix doigts, le nombre de jours qu&rsquo;ils avaient pass\u00e9s emprisonn\u00e9s l\u00e0.<\/p>\n<p>L&rsquo;atmosph\u00e8re \u00e9tait explosive et les conditions \u00e9taient, pour le moins, intol\u00e9rables. Certains migrants \u00e9taient allong\u00e9s sur des matelas qu&rsquo;ils devaient partager car il y en avait trop peu. Les plus malchanceux dormaient \u00e0 m\u00eame le sol en b\u00e9ton, avec un t-shirt en guise d&rsquo;oreiller.<\/p>\n<\/blockquote>\n<p>Ils sont trait\u00e9s pire que des animaux. C&rsquo;est le sort que les gouvernements capitalistes d&rsquo;Europe et des \u00c9tats-Unis r\u00e9servent \u00e0 tous ceux qui s&rsquo;opposent \u00e0 leurs projets de guerre et d&rsquo;enrichissement des plus riches.<\/p>\n","protected":false},"excerpt":{"rendered":"Les attaques incessantes contre les migrants et les r\u00e9fugi\u00e9s servent de levier aux gouvernements capitalistes pour supprimer les&hellip;\n","protected":false},"author":2,"featured_media":271694,"comment_status":"","ping_status":"","sticky":false,"template":"","format":"standard","meta":{"footnotes":""},"categories":[1586],"tags":[11,41125,1777,674,1779,1011,27,1146,4994,1251,12,2495,25,1778,364],"class_list":{"0":"post-272113","1":"post","2":"type-post","3":"status-publish","4":"format-standard","5":"has-post-thumbnail","7":"category-europe","8":"tag-actualites","9":"tag-dictature","10":"tag-eu","11":"tag-europe","12":"tag-european-union","13":"tag-fr","14":"tag-france","15":"tag-guerre","16":"tag-ice","17":"tag-migrants","18":"tag-news","19":"tag-refugies","20":"tag-republique-francaise","21":"tag-ue","22":"tag-union-europeenne"},"share_on_mastodon":{"url":"https:\/\/pubeurope.com\/@fr\/114912339246636250","error":""},"_links":{"self":[{"href":"https:\/\/www.europesays.com\/fr\/wp-json\/wp\/v2\/posts\/272113","targetHints":{"allow":["GET"]}}],"collection":[{"href":"https:\/\/www.europesays.com\/fr\/wp-json\/wp\/v2\/posts"}],"about":[{"href":"https:\/\/www.europesays.com\/fr\/wp-json\/wp\/v2\/types\/post"}],"author":[{"embeddable":true,"href":"https:\/\/www.europesays.com\/fr\/wp-json\/wp\/v2\/users\/2"}],"replies":[{"embeddable":true,"href":"https:\/\/www.europesays.com\/fr\/wp-json\/wp\/v2\/comments?post=272113"}],"version-history":[{"count":0,"href":"https:\/\/www.europesays.com\/fr\/wp-json\/wp\/v2\/posts\/272113\/revisions"}],"wp:featuredmedia":[{"embeddable":true,"href":"https:\/\/www.europesays.com\/fr\/wp-json\/wp\/v2\/media\/271694"}],"wp:attachment":[{"href":"https:\/\/www.europesays.com\/fr\/wp-json\/wp\/v2\/media?parent=272113"}],"wp:term":[{"taxonomy":"category","embeddable":true,"href":"https:\/\/www.europesays.com\/fr\/wp-json\/wp\/v2\/categories?post=272113"},{"taxonomy":"post_tag","embeddable":true,"href":"https:\/\/www.europesays.com\/fr\/wp-json\/wp\/v2\/tags?post=272113"}],"curies":[{"name":"wp","href":"https:\/\/api.w.org\/{rel}","templated":true}]}}