{"id":272114,"date":"2025-07-25T05:58:11","date_gmt":"2025-07-25T05:58:11","guid":{"rendered":"https:\/\/www.europesays.com\/fr\/272114\/"},"modified":"2025-07-25T05:58:11","modified_gmt":"2025-07-25T05:58:11","slug":"macron-promet-de-reconnaitre-la-palestine-la-reaction-de-netanyahu-et-des-etats-unis-se-fait-tres-virulente","status":"publish","type":"post","link":"https:\/\/www.europesays.com\/fr\/272114\/","title":{"rendered":"Macron promet de reconna\u00eetre la Palestine, la r\u00e9action de Netanyahu (et des \u00c9tats-Unis) se fait tr\u00e8s virulente"},"content":{"rendered":"<p>        <img decoding=\"async\" loading=\"lazy\" src=\"https:\/\/www.europesays.com\/fr\/wp-content\/uploads\/2025\/07\/6e044e1_upload-1-wfcynpmctgdg-afp-20250709-66c2379-v1-highres-usisraelpalestiniandiplomacy.jpg\"  width=\"728\" height=\"409\" alt=\"La r\u00e9plique violente des dirigeants isra\u00e9liens \u00e0 l\u2019annonce de Macron pour la Palestine (photo prise le 9\u00a0juillet)\"\/>  <\/p>\n<p>ALEX WROBLEWSKI \/ AFP<\/p>\n<p>La r\u00e9plique violente des dirigeants isra\u00e9liens \u00e0 l\u2019annonce de Macron pour la Palestine (photo prise le 9\u00a0juillet)<\/p>\n<p class=\"asset asset-text\">POLITIQUE &#8211; Courroux imm\u00e9diat. L\u2019annonce d\u2019Emmanuel Macron sur <a href=\"https:\/\/www.huffingtonpost.fr\/international\/article\/emmanuel-macron-annonce-la-reconnaissance-de-l-etat-de-palestine-par-la-france-en-septembre_252960.html\" target=\"_blank\" rel=\"noopener\">la reconnaissance par la France de l\u2019\u00c9tat de Palestine<\/a>, pr\u00e9vu pour septembre, suscite de nombreuses r\u00e9actions tr\u00e8s vives chez les dirigeants <a href=\"https:\/\/www.huffingtonpost.fr\/politique\/article\/a-l-extreme-droite-le-soutien-inconditionnel-a-israel-secoue-par-la-situation-a-gaza_252903.html\" target=\"_blank\" rel=\"noopener\">isra\u00e9liens<\/a> et au sein de <a href=\"https:\/\/www.huffingtonpost.fr\/international\/article\/donald-trump-subit-un-nouveau-revers-judiciaire-sur-l-immigration-et-le-droit-du-sol_252926.html\" target=\"_blank\" rel=\"noopener\">l\u2019administration Trump<\/a> aux \u00c9tats-Unis.<\/p>\n<p class=\"asset asset-text\">La d\u00e9cision fran\u00e7aise \u00ab\u00a0r\u00e9compense la terreur\u00a0\u00bb, a notamment fustig\u00e9 le Premier ministre isra\u00e9lien Benjamin Netanyahu, en r\u00e9f\u00e9rence \u00e0 l\u2019attaque sans pr\u00e9c\u00e9dent du Hamas sur le sud d\u2019Isra\u00ebl le 7\u00a0octobre\u00a02023. \u00ab\u00a0Soyons clairs\u00a0: les Palestiniens ne cherchent pas \u00e0 obtenir un \u00c9tat aux c\u00f4t\u00e9s d\u2019Isra\u00ebl, ils cherchent un \u00c9tat \u00e0 la place d\u2019Isra\u00ebl\u00a0\u00bb, a-t-il martel\u00e9.<\/p>\n<p class=\"asset asset-text\">Proche alli\u00e9 d\u2019Isra\u00ebl, les \u00c9tats-Unis ont \u00e9galement \u00ab\u00a0fermement\u00a0\u00bb rejet\u00e9 le projet fran\u00e7ais, \u00e9voquant une d\u00e9cision \u00ab\u00a0imprudente\u00a0\u00bb qui fait reculer la paix. \u00ab\u00a0C\u2019est un camouflet pour les victimes du 7\u00a0octobre\u00a0\u00bb, a d\u00e9clar\u00e9 le secr\u00e9taire d\u2019\u00c9tat am\u00e9ricain Marco Rubio.<\/p>\n<p class=\"asset asset-text\">Le chef d\u2019\u00c9tat fran\u00e7ais avait annonc\u00e9 plus t\u00f4t ce projet sur les r\u00e9seaux sociaux\u00a0: \u00ab\u00a0Fid\u00e8le \u00e0 son engagement historique pour une paix juste et durable au Proche-Orient, j\u2019ai d\u00e9cid\u00e9 que la France reconna\u00eetra l\u2019\u00c9tat de Palestine. J\u2019en ferai l\u2019annonce solennelle \u00e0 l\u2019Assembl\u00e9e g\u00e9n\u00e9rale des Nations unies, au mois de septembre prochain\u00a0\u00bb, a-t-il \u00e9crit sur X et Instagram.<\/p>\n<p>                     <strong>\u00ab\u00a0Effondrement moral\u00a0\u00bb<\/strong>    <\/p>\n<p class=\"asset asset-text\">C\u2019est en Isra\u00ebl que les r\u00e9pliques sont les plus violentes. Outre le chef du gouvernement Benjamin Netanyahu, souvent offensif \u00e0 l\u2019\u00e9gard d\u2019Emmanuel Macron, le ministre des Affaires \u00e9trang\u00e8res Gideon Saar se montre lui aussi cinglant sur les r\u00e9seaux sociaux en affirmant qu\u2019\u00ab\u00a0un \u00c9tat palestinien sera un \u00c9tat du Hamas.\u00a0\u00bb<\/p>\n<p class=\"asset asset-text\">Le vice-Premier ministre Yariv Levin, qui est \u00e9galement ministre de la Justice, qualifie pour sa part qualifi\u00e9 cette d\u00e9cision d\u2019\u00ab\u00a0aide directe au terrorisme\u00a0\u00bb et de \u00ab\u00a0tache noire dans l\u2019histoire de la France\u00a0\u00bb, quand le ministre de la D\u00e9fense, Isra\u00ebl Katz, a promis qu\u2019Isra\u00ebl \u00ab\u00a0ne permettrait pas la cr\u00e9ation d\u2019une entit\u00e9 palestinienne qui nuirait \u00e0 notre s\u00e9curit\u00e9\u00a0\u00bb.<\/p>\n<p class=\"asset asset-text\">Certains vont m\u00eame plus loin. Le ministre des Finances, Bezalel Smotrich juge ainsi que l\u2019annonce de la France donne \u00ab\u00a0\u00e0 Isra\u00ebl une raison suppl\u00e9mentaire\u00a0\u00bb d\u2019annexer la Cisjordanie qu\u2019il occupe depuis 1967 et de \u00ab\u00a0mettre fin une fois pour toutes \u00e0 l\u2019illusion dangereuse d\u2019un \u00c9tat palestinien terroriste\u00a0\u00bb. Une d\u00e9claration qui sonne comme une menace de r\u00e9torsion, \u00e0 l\u2019heure o\u00f9 la Knesset, le parlement isra\u00e9lien, vient de soutenir une d\u00e9cision non contraignante exhortant le gouvernement \u00e0 imposer la souverainet\u00e9 isra\u00e9lienne sur la Cisjordanie, annexant ainsi le territoire. Soit une revendication de longue date de l\u2019extr\u00eame droite isra\u00e9lienne.<\/p>\n<p>                     <strong>Vid\u00e9o virale du couple Macron<\/strong>    <\/p>\n<p class=\"asset asset-text\">Dans un autre registre, Amichai Chikli, ministre isra\u00e9lien de la Diaspora et de la Lutte contre l\u2019antis\u00e9mitisme, a publi\u00e9 une vid\u00e9o devenue virale sur internet, dans laquelle on voit apparemment Brigitte Macron repousser son mari Emmanuel Macron avec ses bras. \u00ab\u00a0Pr\u00e9sident Emmanuel Macron, au nom du gouvernement isra\u00e9lien, voici notre r\u00e9ponse \u00e0 votre reconnaissance d\u2019un \u00c9tat palestinien\u00a0\u00bb, a-t-il \u00e9crit sur X.<\/p>\n<p class=\"asset asset-text\">De fait, la classe politique isra\u00e9lienne est assez unanime, les figures de l\u2019opposition sont \u00e9galement tr\u00e8s critiques vis-\u00e0-vis de la d\u00e9cision d\u2019Emmanuel Macron. L\u2019ancien Premier ministre Naftali Bennett, qui devrait se pr\u00e9senter contre Benjamin Netanyahu aux \u00e9lections de 2026, a \u00e9crit sur X que la d\u00e9cision du pr\u00e9sident fran\u00e7ais \u00e9tait un signe d\u2019\u00ab\u00a0effondrement moral\u00a0\u00bb et qu\u2019elle \u00ab\u00a0serait jet\u00e9e aux oubliettes de l\u2019histoire\u00a0\u00bb.<\/p>\n<p class=\"asset asset-text\">\u00c0 l\u2019inverse, l\u2019annonce du chef de l\u2019\u00c9tat fran\u00e7ais a suscit\u00e9 de nombreuses r\u00e9actions positives en France (surtout \u00e0 gauche de l\u2019\u00e9chiquier politique), en Cisjordanie, et dans les capitales des 142 \u00c9tats quit ont reconnu un \u00c9tat palestinien, selon un d\u00e9compte de l\u2019AFP.<\/p>\n","protected":false},"excerpt":{"rendered":"ALEX WROBLEWSKI \/ AFP La r\u00e9plique violente des dirigeants isra\u00e9liens \u00e0 l\u2019annonce de Macron pour la Palestine (photo&hellip;\n","protected":false},"author":2,"featured_media":272115,"comment_status":"","ping_status":"","sticky":false,"template":"","format":"standard","meta":{"footnotes":""},"categories":[2],"tags":[11,3448,1073,1011,27,14,664,12,3518,25],"class_list":{"0":"post-272114","1":"post","2":"type-post","3":"status-publish","4":"format-standard","5":"has-post-thumbnail","7":"category-actualites","8":"tag-actualites","9":"tag-benjamin-netanyahou","10":"tag-emmanuel-macron","11":"tag-fr","12":"tag-france","13":"tag-international","14":"tag-israel","15":"tag-news","16":"tag-palestine","17":"tag-republique-francaise"},"share_on_mastodon":{"url":"https:\/\/pubeurope.com\/@fr\/114912343330764548","error":""},"_links":{"self":[{"href":"https:\/\/www.europesays.com\/fr\/wp-json\/wp\/v2\/posts\/272114","targetHints":{"allow":["GET"]}}],"collection":[{"href":"https:\/\/www.europesays.com\/fr\/wp-json\/wp\/v2\/posts"}],"about":[{"href":"https:\/\/www.europesays.com\/fr\/wp-json\/wp\/v2\/types\/post"}],"author":[{"embeddable":true,"href":"https:\/\/www.europesays.com\/fr\/wp-json\/wp\/v2\/users\/2"}],"replies":[{"embeddable":true,"href":"https:\/\/www.europesays.com\/fr\/wp-json\/wp\/v2\/comments?post=272114"}],"version-history":[{"count":0,"href":"https:\/\/www.europesays.com\/fr\/wp-json\/wp\/v2\/posts\/272114\/revisions"}],"wp:featuredmedia":[{"embeddable":true,"href":"https:\/\/www.europesays.com\/fr\/wp-json\/wp\/v2\/media\/272115"}],"wp:attachment":[{"href":"https:\/\/www.europesays.com\/fr\/wp-json\/wp\/v2\/media?parent=272114"}],"wp:term":[{"taxonomy":"category","embeddable":true,"href":"https:\/\/www.europesays.com\/fr\/wp-json\/wp\/v2\/categories?post=272114"},{"taxonomy":"post_tag","embeddable":true,"href":"https:\/\/www.europesays.com\/fr\/wp-json\/wp\/v2\/tags?post=272114"}],"curies":[{"name":"wp","href":"https:\/\/api.w.org\/{rel}","templated":true}]}}