{"id":272118,"date":"2025-07-25T06:00:18","date_gmt":"2025-07-25T06:00:18","guid":{"rendered":"https:\/\/www.europesays.com\/fr\/272118\/"},"modified":"2025-07-25T06:00:18","modified_gmt":"2025-07-25T06:00:18","slug":"en-direct-etat-de-palestine-reconnu-par-la-france-en-septembre-une-decision-imprudente-pour-les-etats-unis","status":"publish","type":"post","link":"https:\/\/www.europesays.com\/fr\/272118\/","title":{"rendered":"EN DIRECT &#8211; \u00c9tat de Palestine reconnu par la France en septembre : une \u00ab\u00a0d\u00e9cision imprudente\u00a0\u00bb pour les \u00c9tats-Unis"},"content":{"rendered":"<ul class=\"jsx-862013697 ArticleChapo__List\">\n<li class=\"jsx-862013697 ArticleChapo__List_Item flex\">Jeudi soir, Emmanuel Macron a annonc\u00e9 que la France reconna\u00eetrait l&rsquo;\u00c9tat de Palestine lors de l&rsquo;Assembl\u00e9e g\u00e9n\u00e9rale des Nations unies en septembre \u00e0 New York.<\/li>\n<li class=\"jsx-862013697 ArticleChapo__List_Item flex\">Une d\u00e9cision salu\u00e9e par l&rsquo;Organisation de lib\u00e9ration de la Palestine (OLP) mais fustig\u00e9e par Isra\u00ebl et consid\u00e9r\u00e9e comme \u00ab\u00a0imprudente\u00a0\u00bb par les \u00c9tats-Unis.<\/li>\n<li class=\"jsx-862013697 ArticleChapo__List_Item flex\">Suivez les derni\u00e8res informations.<\/li>\n<\/ul>\n<p><a href=\"https:\/\/www.tf1info.fr\/actualite\/israel-victime-d-une-attaque-d-ampleur-par-le-hamas-13450\/\" rel=\"noopener\" class=\"jsx-484472199 Link jsx-1428418400 jsx-554215408\" target=\"_blank\"><\/p>\n<p style=\"font-weight:400\" class=\"jsx-1837267516\">Suivez la couverture compl\u00e8te<\/p>\n<p style=\"font-weight:800\" class=\"jsx-1837267516\">Isra\u00ebl et le Hamas en guerre<\/p>\n<p><\/a>Minute par minute\u00a0\u00bbLA SOLUTION \u00c0 DEUX \u00c9TATS EST LA SEULE SOLUTION\u00a0\u00bb07:54<\/p>\n<p>Invit\u00e9 de \u00ab\u00a0Bonjour ! La Matinale TF1\u00a0\u00bb, Laurent Saint-Martin a rappel\u00e9 que la d\u00e9cision de la France de reconna\u00eetre la Palestine \u00e9tait n\u00e9cessaire \u00ab\u00a0parce qu\u2019il nous faut avancer dans un processus de paix durable avec la solution que la France d\u00e9fend depuis longtemps\u00a0\u00bb. \u00ab\u00a0La solution \u00e0 deux \u00c9tats est la seule solution\u00a0\u00bb, a insist\u00e9 le ministre charg\u00e9 du Commerce ext\u00e9rieur et des Fran\u00e7ais de l\u2019\u00e9tranger. \u00ab\u00a0Il nous faut embarquer un mouvement plus large\u00a0\u00bb, a-t-il ajout\u00e9, soulignant qu\u2019il ne fallait pas que ce soit une d\u00e9cision \u00ab\u00a0franco-fran\u00e7aise\u00a0\u00bb.<\/p>\n<p>Paris va reconna\u00eetre la Palestine : \u00ab\u00a0La solution \u00e0 deux \u00c9tats est la seule solution\u00a0\u00bbSource : TF1 Info<\/p>\n<p><img decoding=\"async\" src=\"https:\/\/www.europesays.com\/fr\/wp-content\/uploads\/2025\/07\/paris-va-reconnaitre-la-palestine-la-solution-a-deux-etats-est-la-seule-solution-a3eef5-0@1x.jpeg\" alt=\"Paris va reconna\u00eetre la Palestine : &quot;La solution \u00e0 deux \u00c9tats est la seule solution&quot;\" loading=\"lazy\" importance=\"low\" fetchpriority=\"low\" class=\"\"\/><img decoding=\"async\" src=\"https:\/\/www.tf1info.fr\/images\/icons\/player-logo-play.svg\" alt=\"Logo lecture\" class=\"jsx-d0de44c05fe3042c PlayerLazyload__Play\"\/>R\u00c9ACTIONS07:44<\/p>\n<p>Le correspondant de TF1 et LCI en Isra\u00ebl revient sur les diff\u00e9rentes r\u00e9actions sur place \u00e0 la d\u00e9cision de la France de reconna\u00eetre l&rsquo;\u00c9tat de Palestine.<\/p>\n<p>La France va reconna\u00eetre l&rsquo;\u00c9tat de Palestine : \u00ab\u00a0Ce qui surprend en Isra\u00ebl, c&rsquo;est le timing de cette annonce\u00a0\u00bbSource : TF1 Info<\/p>\n<p><img decoding=\"async\" src=\"https:\/\/www.europesays.com\/fr\/wp-content\/uploads\/2025\/07\/la-france-va-reconnaitre-l-etat-de-palestine-ce-qui-surprend-en-israel-c-est-le-timing-de-cette-anno.jpeg\" alt=\"La France va reconna\u00eetre l'\u00c9tat de Palestine : &quot;Ce qui surprend en Isra\u00ebl, c'est le timing de cette annonce&quot;\" loading=\"lazy\" importance=\"low\" fetchpriority=\"low\" class=\"\"\/><img decoding=\"async\" src=\"https:\/\/www.tf1info.fr\/images\/icons\/player-logo-play.svg\" alt=\"Logo lecture\" class=\"jsx-d0de44c05fe3042c PlayerLazyload__Play\"\/>WASHINGTON D\u00c9NONCE UNE D\u00c9CISION \u00ab\u00a0IMPRUDENTE\u00a0\u00bb07:17<\/p>\n<p>Les Etats-Unis ont \u00ab\u00a0fermement\u00a0\u00bb rejet\u00e9 jeudi le projet du pr\u00e9sident fran\u00e7ais Emmanuel Macron de reconna\u00eetre un Etat palestinien, parlant d&rsquo;une d\u00e9cision \u00ab\u00a0imprudente\u00a0\u00bb qui fait reculer la paix. \u00ab\u00a0Cette d\u00e9cision imprudente ne sert que la propagande du Hamas et fait reculer le processus de paix. C&rsquo;est un camouflet pour les victimes du 7 octobre\u00a0\u00bb, a d\u00e9clar\u00e9 le secr\u00e9taire d&rsquo;Etat am\u00e9ricain Marco Rubio sur le r\u00e9seau X.<\/p>\n<blockquote data-testid=\"EmbedTwitter\" id=\"tweet-1948551777504174570-:Rspkqqb6ij9n79m:\" class=\"jsx-aeff1a1c40f54d7a twitter-tweet flex justify-center items-center\"><p>The United States strongly rejects  @EmmanuelMacron \u2019s plan to recognize a Palestinian state at the  @UN general assembly.  This reckless decision only serves Hamas propaganda and sets back peace. It is a slap in the face to the victims of October 7th. \u2014 Secretary Marco Rubio (@SecRubio)  July 25, 2025<\/p><\/blockquote>\n<p>REACTIONS06:49<\/p>\n<p>La France va reconna\u00eetre l&rsquo;\u00c9tat de Palestine en septembre \u00e0 l&rsquo;ONU, a annonc\u00e9 jeudi le pr\u00e9sident Emmanuel Macron, esp\u00e9rant cr\u00e9er une dynamique collective en ce sens, une d\u00e9cision aussit\u00f4t d\u00e9cri\u00e9e par Isra\u00ebl comme une \u00ab\u00a0r\u00e9compense de la terreur\u00a0\u00bb et \u00ab\u00a0fermement\u00a0\u00bb rejet\u00e9e par les Etats-Unis.<\/p>\n<p>Etat Palestinien : Israel condamne \u00ab\u00a0fermement\u00a0\u00bbSource : TF1 Info<\/p>\n<p><img decoding=\"async\" src=\"https:\/\/www.europesays.com\/fr\/wp-content\/uploads\/2025\/07\/etat-palestinien-israel-condamne-fermement-79ca0a-0@1x.jpeg\" alt=\"Etat Palestinien : Israel condamne &quot;fermement&quot;\" loading=\"lazy\" importance=\"low\" fetchpriority=\"low\" class=\"\"\/><img decoding=\"async\" src=\"https:\/\/www.tf1info.fr\/images\/icons\/player-logo-play.svg\" alt=\"Logo lecture\" class=\"jsx-d0de44c05fe3042c PlayerLazyload__Play\"\/>PALESTINE06:39<\/p>\n<p>La France va reconnaitre l&rsquo;\u00c9tat de Palestine : la r\u00e9action sur LCI de l&rsquo;ambassadrice de Palestine en France<\/p>\n<p>La France va reconnaitre l&rsquo;Etat de Palestine : la r\u00e9action sur LCI de l&rsquo;ambassadrice de Palestine en FranceSource : TF1 Info<\/p>\n<p><img decoding=\"async\" src=\"https:\/\/www.europesays.com\/fr\/wp-content\/uploads\/2025\/07\/la-france-va-reconnaitre-l-etat-de-palestine-la-reaction-sur-lci-de-l-ambassadrice-de-palestine-en-f.jpeg\" alt=\"La France va reconnaitre l'Etat de Palestine : la r\u00e9action sur LCI de l'ambassadrice de Palestine en France\" loading=\"lazy\" importance=\"low\" fetchpriority=\"low\" class=\"\"\/><img decoding=\"async\" src=\"https:\/\/www.tf1info.fr\/images\/icons\/player-logo-play.svg\" alt=\"Logo lecture\" class=\"jsx-d0de44c05fe3042c PlayerLazyload__Play\"\/>REACTIONS06:32<\/p>\n<p>Emmanuel Macron a annonc\u00e9 jeudi soir que la France reconna\u00eetrait l&rsquo;\u00c9tat de Palestine lors de l&rsquo;Assembl\u00e9e g\u00e9n\u00e9rale des Nations Unies en septembre \u00e0 New York. Rapidement, les r\u00e9actions ont afflu\u00e9 en France.<\/p>\n<p>International<img decoding=\"async\" src=\"https:\/\/www.europesays.com\/fr\/wp-content\/uploads\/2025\/07\/macron-paris-15-avril-2025-16b4de-0@1x.jpeg\" alt=\"&quot;Historique&quot;, &quot;pr\u00e9cipit\u00e9e&quot;... La d\u00e9cision d'Emmanuel Macron sur la Palestine fait r\u00e9agir la classe politique\" loading=\"lazy\" importance=\"low\" fetchpriority=\"low\" class=\"\" aria-hidden=\"true\"\/>Publi\u00e9 aujourd&rsquo;hui \u00e0 7h31PROCHE-ORIENT06:31<\/p>\n<p>Bienvenue dans ce direct consacr\u00e9 \u00e0 la situation au Proche-Orient.<\/p>\n<p data-module=\"article-paragraph\" class=\"jsx-3046738180 Paragraph\">Jeudi 24 juillet au soir, <a href=\"https:\/\/www.tf1info.fr\/international\/la-france-reconnaitra-l-etat-de-palestine-en-septembre-a-l-onu-annonce-president-emmanuel-macron-2384999.html\" target=\"_blank\" rel=\"noopener\">Emmanuel Macron a annonc\u00e9<\/a> sur ses r\u00e9seaux sociaux que la France reconna\u00eetrait l&rsquo;\u00c9tat de Palestine lors de l&rsquo;Assembl\u00e9e g\u00e9n\u00e9rale des Nations unies en septembre \u00e0 New York. \u00ab\u00a0Fid\u00e8le \u00e0 son engagement historique pour une paix juste et durable au Proche-Orient, j\u2019ai d\u00e9cid\u00e9 que la France reconna\u00eetra l\u2019\u00c9tat de Palestine. J\u2019en ferai l\u2019annonce solennelle \u00e0 l&rsquo;Assembl\u00e9e g\u00e9n\u00e9rale des Nations unies, au mois de septembre prochain\u00a0\u00bb, a \u00e9crit le chef de l&rsquo;\u00c9tat fran\u00e7ais sur X et Instagram.<\/p>\n<p data-module=\"article-paragraph\" class=\"jsx-3046738180 Paragraph Paragraph__End\">Par ailleurs, un \u00ab\u00a0entretien d&rsquo;urgence\u00a0\u00bb entre Paris, Londres et Berlin sur la situation \u00e0 Gaza est pr\u00e9vu vendredi, a indiqu\u00e9 le Premier ministre britannique Keir Starmer, r\u00e9affirmant le \u00ab\u00a0droit inali\u00e9nable du peuple palestinien\u00a0\u00bb \u00e0 un \u00c9tat.<\/p>\n<p data-module=\"article-paragraph\" class=\"jsx-3046738180 Paragraph\">De son c\u00f4t\u00e9, Isra\u00ebl a annonc\u00e9 le rappel pour consultation de ses n\u00e9gociateurs, engag\u00e9s dans des pourparlers indirects avec le Hamas au Qatar. \u00ab\u00a0Nous agissons pour obtenir un nouvel accord afin de lib\u00e9rer nos otages\u00a0\u00bb, a n\u00e9anmoins d\u00e9clar\u00e9 le Premier ministre Benyamin Netanyahou, malgr\u00e9 le retrait de son \u00e9quipe.\u00a0<\/p>\n<p data-module=\"article-paragraph\" class=\"jsx-3046738180 Paragraph\">L&rsquo;\u00e9missaire am\u00e9ricain Steve Witkoff a act\u00e9 l&rsquo;\u00e9chec des pourparlers men\u00e9s \u00e0 Doha en vue d&rsquo;un cessez-le-feu dans la bande de Gaza, mettant en cause la bonne foi du Hamas. M. Witkoff a \u00e9galement annonc\u00e9 le retrait de l&rsquo;\u00e9quipe am\u00e9ricaine \u00ab\u00a0pour consultation apr\u00e8s la derni\u00e8re r\u00e9ponse du Hamas, qui montre clairement un manque de volont\u00e9 de parvenir \u00e0 un cessez-le-feu \u00e0 Gaza\u00a0\u00bb. Il a ajout\u00e9 que les \u00c9tats-Unis et leurs partenaires allaient \u00ab\u00a0d\u00e9sormais envisager d&rsquo;autres options pour ramener les otages chez eux et tenter de cr\u00e9er un environnement plus stable pour la population de Gaza\u00a0\u00bb.<\/p>\n<p data-module=\"article-paragraph\" class=\"jsx-3046738180 Paragraph Paragraph__End\">Pendant ce temps, les bombardements isra\u00e9liens se poursuivent \u00e0 Gaza, o\u00f9 au moins 40 personnes ont \u00e9t\u00e9 tu\u00e9es jeudi, selon la D\u00e9fense civile locale.<\/p>\n<p>La r\u00e9daction de TF1info<\/p>\n","protected":false},"excerpt":{"rendered":"Jeudi soir, Emmanuel Macron a annonc\u00e9 que la France reconna\u00eetrait l&rsquo;\u00c9tat de Palestine lors de l&rsquo;Assembl\u00e9e g\u00e9n\u00e9rale des&hellip;\n","protected":false},"author":2,"featured_media":272119,"comment_status":"","ping_status":"","sticky":false,"template":"","format":"standard","meta":{"footnotes":""},"categories":[4],"tags":[1111,11,1921,1073,1011,27,1922,664,29586,12736,24211,41171,12,25,133,1920],"class_list":{"0":"post-272118","1":"post","2":"type-post","3":"status-publish","4":"format-standard","5":"has-post-thumbnail","7":"category-france","8":"tag-actu","9":"tag-actualites","10":"tag-article-video","11":"tag-emmanuel-macron","12":"tag-fr","13":"tag-france","14":"tag-info","15":"tag-israel","16":"tag-israel-et-le-hamas-en-guerre","17":"tag-israel-palestine","18":"tag-israel-veut-prendre-le-controle-de-gaza","19":"tag-la-france-va-reconnaitre-letat-de-palestine","20":"tag-news","21":"tag-republique-francaise","22":"tag-video","23":"tag-video-international"},"share_on_mastodon":{"url":"https:\/\/pubeurope.com\/@fr\/114912351650526003","error":""},"_links":{"self":[{"href":"https:\/\/www.europesays.com\/fr\/wp-json\/wp\/v2\/posts\/272118","targetHints":{"allow":["GET"]}}],"collection":[{"href":"https:\/\/www.europesays.com\/fr\/wp-json\/wp\/v2\/posts"}],"about":[{"href":"https:\/\/www.europesays.com\/fr\/wp-json\/wp\/v2\/types\/post"}],"author":[{"embeddable":true,"href":"https:\/\/www.europesays.com\/fr\/wp-json\/wp\/v2\/users\/2"}],"replies":[{"embeddable":true,"href":"https:\/\/www.europesays.com\/fr\/wp-json\/wp\/v2\/comments?post=272118"}],"version-history":[{"count":0,"href":"https:\/\/www.europesays.com\/fr\/wp-json\/wp\/v2\/posts\/272118\/revisions"}],"wp:featuredmedia":[{"embeddable":true,"href":"https:\/\/www.europesays.com\/fr\/wp-json\/wp\/v2\/media\/272119"}],"wp:attachment":[{"href":"https:\/\/www.europesays.com\/fr\/wp-json\/wp\/v2\/media?parent=272118"}],"wp:term":[{"taxonomy":"category","embeddable":true,"href":"https:\/\/www.europesays.com\/fr\/wp-json\/wp\/v2\/categories?post=272118"},{"taxonomy":"post_tag","embeddable":true,"href":"https:\/\/www.europesays.com\/fr\/wp-json\/wp\/v2\/tags?post=272118"}],"curies":[{"name":"wp","href":"https:\/\/api.w.org\/{rel}","templated":true}]}}