{"id":27212,"date":"2025-04-15T18:37:11","date_gmt":"2025-04-15T18:37:11","guid":{"rendered":"https:\/\/www.europesays.com\/fr\/27212\/"},"modified":"2025-04-15T18:37:11","modified_gmt":"2025-04-15T18:37:11","slug":"le-rheu-a-velo-transmet-sa-passion-avec-lapprentissage-du-deux-roues","status":"publish","type":"post","link":"https:\/\/www.europesays.com\/fr\/27212\/","title":{"rendered":"Le Rheu \u00e0 v\u00e9lo transmet sa passion avec l\u2019apprentissage du deux-roues"},"content":{"rendered":"<p>La passion du v\u00e9lo, c\u2019est ce qui r\u00e9unit les membres de l\u2019association <a href=\"https:\/\/rennes.maville.com\/actu\/actudet_-l-association-le-rheu-a-velo-veut-passer-a-la-vitesse-superieure-_7-6157477_actu.Htm\" rel=\"nofollow noopener\" target=\"_blank\">Le Rheu \u00e0 v\u00e9lo<\/a>, au Rheu (Ille-et-Vilaine). Attentive aux am\u00e9nagements utiles pour faciliter la pratique de ce mode de d\u00e9placement pour les loisirs et pour le travail, elle est devenue un interlocuteur. Son atelier v\u00e9lo, en centre-ville, offre un espace de rencontres au travers de la r\u00e9paration des v\u00e9los. Cette association propose aussi r\u00e9guli\u00e8rement des animations.<\/p>\n<p>Apprendre \u00e0 faire du v\u00e9lo<\/p>\n<p>Deux jeunes \u00e9tudiantes en BTS au campus Monod apprennent \u00e0 faire du v\u00e9lo gr\u00e2ce \u00e0 Le Rheu \u00e0 v\u00e9lo. \u00a0Nous n\u2019avions jamais touch\u00e9 un v\u00e9lo, expliquent A\u00efda Chibaco et Antuya Bacar,les autres \u00e9l\u00e8ves ont \u00e9t\u00e9 vraiment \u00e9tonn\u00e9s.\u00a0 Le professeur d\u2019\u00e9ducation physique et sportive a fait le lien avec l\u2019association. Nadine M\u00e9zi\u00e8res, forte de sa formation d\u2019initiatrice au v\u00e9lo, a mis en selle ces deux jeunes femmes.<\/p>\n<p>\u00a0Au mois de mai, on doit partir \u00e0 l\u2019\u00eele de Groix avec le lyc\u00e9e et on se d\u00e9placera \u00e0 v\u00e9lo, raconte A\u00efda Chibaco,il y avait donc urgence \u00e0 apprendre.\u00a0 Les deux jeunes femmes pratiquent deux fois par semaine. \u00a0Cet hiver, on n\u2019a pas pu en faire beaucoup\u00a0\u00bb, pr\u00e9cise Nadine M\u00e9zi\u00e8res.<\/p>\n<p>Alors difficile d\u2019apprendre \u00e0 faire du v\u00e9lo\u00a0? \u00a0Le plus difficile, c\u2019est de d\u00e9marrer dans une mont\u00e9e, racontent les cyclistes en herbe,m\u00eame si nous sommes tomb\u00e9es une fois ou deux, l\u2019\u00e9quilibre \u00e7a va, on a fait de la draisienne avant.\u00a0 L\u2019objectif final\u00a0? \u00a0Pouvoir se d\u00e9placer \u00e0 v\u00e9lo dans toutes les situations, r\u00e9pond la formatrice,mais il y a des \u00e9tapes\u00a0: savoir freiner, apprendre \u00e0 l\u00e2cher une main du guidon pour indiquer sa direction ou encore passer les vitesses pour les c\u00f4tes.\u00a0<\/p>\n<p>Les apprenties sont ravies. \u00a0Maintenant on prend du plaisir\u00a0\u00bb, se r\u00e9jouissent-elles. Les beaux jours arrivant, l\u2019entra\u00eenement en plein air est aussi plus agr\u00e9able.<\/p>\n<p>Une enqu\u00eate nationale et locale<\/p>\n<p>Jusqu\u2019au 2\u00a0juin 2025, la F\u00e9d\u00e9ration fran\u00e7aise des usag\u00e8res et usagers de la bicyclette (FUB) organise une<a href=\"https:\/\/rennes.maville.com\/actu\/actudet_-barometre-velo-a-rennes-metropole-l-association-rayons-d-action-se-mobilise-_7-6746583_actu.Htm\" rel=\"nofollow noopener\" target=\"_blank\"> enqu\u00eate sur la satisfaction des cyclistes<\/a>. L\u2019association Le Rheu \u00e0 v\u00e9lo soutient cette d\u00e9marche. \u00a0Nous invitons les cyclistes rheusois ainsi que d\u2019autres communes \u00e0 r\u00e9pondre \u00e0 cette enqu\u00eate,\u00a0 explique Marie Coty, membre de l\u2019association. \u00a0Il s\u2019agit de partager le ressenti sur la s\u00e9curit\u00e9, le confort des infrastructures\u00a0. En 2021, 172\u00a0r\u00e9ponses avaient \u00e9t\u00e9 formul\u00e9es pour Le Rheu.<\/p>\n<p>Pour l\u2019enqu\u00eate\u00a0: barometre-velo.fr<\/p>\n<p>\u00a0<\/p>\n","protected":false},"excerpt":{"rendered":"La passion du v\u00e9lo, c\u2019est ce qui r\u00e9unit les membres de l\u2019association Le Rheu \u00e0 v\u00e9lo, au Rheu&hellip;\n","protected":false},"author":2,"featured_media":27213,"comment_status":"","ping_status":"","sticky":false,"template":"","format":"standard","meta":{"footnotes":""},"categories":[2821],"tags":[1111,11,9581,829,9582,1777,674,1011,27,12,9580,584,25,9578,3728,9579,208],"class_list":{"0":"post-27212","1":"post","2":"type-post","3":"status-publish","4":"format-standard","5":"has-post-thumbnail","7":"category-rennes","8":"tag-actu","9":"tag-actualites","10":"tag-apprentissage","11":"tag-bretagne","12":"tag-deux-roues","13":"tag-eu","14":"tag-europe","15":"tag-fr","16":"tag-france","17":"tag-news","18":"tag-passion","19":"tag-rennes","20":"tag-republique-francaise","21":"tag-rheu","22":"tag-saint-malo","23":"tag-transmet","24":"tag-velo"},"share_on_mastodon":{"url":"https:\/\/pubeurope.com\/@fr\/114343434249908062","error":""},"_links":{"self":[{"href":"https:\/\/www.europesays.com\/fr\/wp-json\/wp\/v2\/posts\/27212","targetHints":{"allow":["GET"]}}],"collection":[{"href":"https:\/\/www.europesays.com\/fr\/wp-json\/wp\/v2\/posts"}],"about":[{"href":"https:\/\/www.europesays.com\/fr\/wp-json\/wp\/v2\/types\/post"}],"author":[{"embeddable":true,"href":"https:\/\/www.europesays.com\/fr\/wp-json\/wp\/v2\/users\/2"}],"replies":[{"embeddable":true,"href":"https:\/\/www.europesays.com\/fr\/wp-json\/wp\/v2\/comments?post=27212"}],"version-history":[{"count":0,"href":"https:\/\/www.europesays.com\/fr\/wp-json\/wp\/v2\/posts\/27212\/revisions"}],"wp:featuredmedia":[{"embeddable":true,"href":"https:\/\/www.europesays.com\/fr\/wp-json\/wp\/v2\/media\/27213"}],"wp:attachment":[{"href":"https:\/\/www.europesays.com\/fr\/wp-json\/wp\/v2\/media?parent=27212"}],"wp:term":[{"taxonomy":"category","embeddable":true,"href":"https:\/\/www.europesays.com\/fr\/wp-json\/wp\/v2\/categories?post=27212"},{"taxonomy":"post_tag","embeddable":true,"href":"https:\/\/www.europesays.com\/fr\/wp-json\/wp\/v2\/tags?post=27212"}],"curies":[{"name":"wp","href":"https:\/\/api.w.org\/{rel}","templated":true}]}}