{"id":272120,"date":"2025-07-25T06:01:21","date_gmt":"2025-07-25T06:01:21","guid":{"rendered":"https:\/\/www.europesays.com\/fr\/272120\/"},"modified":"2025-07-25T06:01:21","modified_gmt":"2025-07-25T06:01:21","slug":"journee-record-pour-adam-svensson-et-excellents-debuts-de-victor-perez","status":"publish","type":"post","link":"https:\/\/www.europesays.com\/fr\/272120\/","title":{"rendered":"Journ\u00e9e record pour Adam Svensson, et excellents d\u00e9buts de Victor Perez"},"content":{"rendered":"<p>\t\t\t\t\t\t<img width=\"770\" height=\"556\" src=\"https:\/\/www.europesays.com\/fr\/wp-content\/uploads\/2025\/07\/3m-open-victor-perez-pga-tour-770x556.jpg\" class=\"img-responsive wp-post-image\" alt=\"Victor Perez Photo by David Berding \/ GETTY IMAGES NORTH AMERICA \/ Getty Images via AFP\" decoding=\"async\" fetchpriority=\"high\"  \/>\t\t\t\t\t<\/p>\n<p>\t\t\t\t\t\t Partager cet article <\/p>\n<p class=\"screen-reader-text juiz_sps_maybe_hidden_text\">Partager la publication \u00ab\u00a0Journ\u00e9e record pour Adam Svensson, et excellents d\u00e9buts de Victor Perez\u00a0\u00bb<\/p>\n<p><strong>Trois Fran\u00e7ais sont pr\u00e9sents au d\u00e9part de l\u2019ant\u00e9p\u00e9nulti\u00e8me tournoi de la saison r\u00e9guli\u00e8re \u00e0 Blaine dans le Minnesota. A l\u2019issue de la premi\u00e8re journ\u00e9e du 3M Open c\u2019est le Canadien Adam Svensson qui a pris les r\u00eanes du tournoi gr\u00e2ce \u00e0 une carte record de 60 !<\/strong><\/p>\n<p>\t\t\t\t\t<a id=\"172342\" href=\"https:\/\/www.resonance.golf\/fr\/nos-offres\/passeport-evasion\/?utm_source=golfplanet&amp;utm_medium=web&amp;utm_campaign=PASSEPORTEVASION\" target=\"_blank\" rel=\"sponsorised nofollow noopener\"><img decoding=\"async\" src=\"data:image\/svg+xml,%3Csvg%20xmlns=\" http:=\"\" class=\"img-responsive\" alt=\"\" data-lazy-src=\"https:\/\/www.europesays.com\/fr\/wp-content\/uploads\/2025\/05\/resonance-e03-passeport-evasion-1170x275-1.gif\"\/><\/a><\/p>\n<p>Auteur d\u2019une incroyable journ\u00e9e putter en mains avec pr\u00e8s de 60 m\u00e8tres rentr\u00e9s (!) jeudi, <strong>Adam<\/strong> <strong>Svensson<\/strong> a \u00e9gal\u00e9 le record du parcours du TPC Twin Cities, \u00e9tabli par Paul Goydos lors du 3M Championship 2017, sur le PGA TOUR Champions.<\/p>\n<p>Et pour clore festival dans le premier tour le Canadien a r\u00e9ussi un putt pour eagle de plus de 14 m\u00e8tres au 18 (vid\u00e9o ci-dessous)\u00a0 apr\u00e8s avoir enregistr\u00e9 pas moins de neuf birdies.<\/p>\n<blockquote class=\"twitter-tweet\" data-media-max-width=\"560\">\n<p dir=\"ltr\" lang=\"en\">An eagle at the last to break the course record\u203c\ufe0f<\/p>\n<p>Adam Svensson shoots 60 to take the clubhouse lead <a href=\"https:\/\/twitter.com\/3MOpen?ref_src=twsrc%5Etfw\" rel=\"nofollow noopener\" target=\"_blank\">@3MOpen<\/a>.<\/p>\n<p>\ud83d\udcfa <a href=\"https:\/\/twitter.com\/PGATOURLIVE?ref_src=twsrc%5Etfw\" rel=\"nofollow noopener\" target=\"_blank\">@PGATOURLIVE<\/a> on ESPN+ <a href=\"https:\/\/t.co\/gkVgqwbApd\" rel=\"nofollow\">pic.twitter.com\/gkVgqwbApd<\/a><\/p>\n<p>\u2014 PGA TOUR (@PGATOUR) <a href=\"https:\/\/twitter.com\/PGATOUR\/status\/1948439113633341463?ref_src=twsrc%5Etfw\" rel=\"nofollow noopener\" target=\"_blank\">July 24, 2025<\/a><\/p>\n<\/blockquote>\n<p>Sa carte de 60 sans la moindre erreur lui permet de poss\u00e9der deux coups d\u2019avance sur ses premiers poursuivants, l\u2019Am\u00e9ricain Sam Stevens et le Danois <strong>Thorbjorn<\/strong> <strong>Olesen<\/strong>.<\/p>\n<p><a href=\"https:\/\/www.pgatour.com\/leaderboard\" target=\"_blank\" rel=\"noopener nofollow\">Le classement complet &gt;&gt;<\/a><\/p>\n<p>Gotterup reste au top<\/p>\n<p>Parmi les joueurs \u00e0 s\u2019\u00eatre mis en \u00e9vidence jeudi signalons la bonne entame du <a href=\"https:\/\/www.golfplanete.com\/actualites\/scheffler-prend-le-large-sur-mcilroy-english-revient-dans-le-top-10-pavon-saccroche-au-top-100\/\" rel=\"nofollow noopener\" target=\"_blank\">nouveau 27e joueur mondial<\/a>, <strong>Chris<\/strong> <strong>Gotterup<\/strong>.<\/p>\n<p>Apr\u00e8s sa brillante campagne sur les links o\u00f9 il a d\u00e9croch\u00e9 une victoire dans le <a href=\"https:\/\/www.golfplanete.com\/actualites\/surprise-gotterup-victoire-scottish-ecosse-mcilroy-ryder-cup-europe-rozner\/\" rel=\"nofollow noopener\" target=\"_blank\">Genesis Scottish Open<\/a> et a pris la 3e place de <a href=\"https:\/\/www.golfplanete.com\/categorie\/actualites\/majeurs-grands-rendez-vous\/the-open\/\" rel=\"nofollow noopener\" target=\"_blank\">The Open au Royal Portrush<\/a>, le joueur du Maryland ne compte visiblement pas s\u2019arr\u00eater en si bon chemin. Il a notamment r\u00e9alis\u00e9 un fantastique retour en 31 pour signer une carte de 63 qui le place dans le peloton de t\u00eate.<\/p>\n<p>\t\t\t\t\t<a id=\"179399\" href=\"https:\/\/www.terre-blanche.com\/landing\/summer-deals?mtm_campaign=summer_deals_golf_planet_juil_2025&amp;mtm_medium=display&amp;mtm_source=golf_planet&amp;mtm_content=_CTA_&amp;mtm_group=trafic\" target=\"_blank\" rel=\"sponsorised nofollow noopener\"><img decoding=\"async\" src=\"data:image\/svg+xml,%3Csvg%20xmlns=\" http:=\"\" class=\"img-responsive\" alt=\"\" data-lazy-src=\"https:\/\/www.europesays.com\/fr\/wp-content\/uploads\/2025\/07\/terreblanche-e01-summer-deals-1170x275-1.gif\"\/><\/a><br \/>\nObjectif top 70<\/p>\n<p>Non qualifi\u00e9 pour disputer les deux derniers majeurs (US Open et The Open) l\u2019ancien num\u00e9ro 5 mondial <strong>Max<\/strong> <strong>Homa<\/strong> tente de se remettre sur de bons rails \u00e0 l\u2019approche de la fin de saison. Le Californien qui a sign\u00e9 son premier top 10 de la saison <a href=\"https:\/\/www.golfplanete.com\/actualites\/pga-tour-john-deere-classic-brian-campbell-roi-du-play-off-simpose-pour-la-deuxieme-fois-de-la-saison-elimine-vendredi-victor-perez-recule-a-la-fedex-cup\/\" rel=\"nofollow noopener\" target=\"_blank\">au John Deere Classic<\/a> au d\u00e9but du mois, a rendu une carte de 68 avec 18 greens touch\u00e9s sur 18.<\/p>\n<p>Le sextuple vainqueur sur le PGA Tour occupe une place dans le top 20 au soir du premier tour mais vise plus haut pour esp\u00e9rer int\u00e9grer dans deux semaines le top 70 et jouer les Playoffs de <a href=\"https:\/\/www.pgatour.com\/fedexcup\" target=\"_blank\" rel=\"noopener nofollow\">la FedEx Cup<\/a>.<\/p>\n<blockquote><p>\nJe dois \u00e0 tout prix l\u2019emporter parce que ma femme est enceinte et je dois rentrer \u00e0 la maison. Il nous reste quelque chose comme deux semaines.<\/p>\n<p>Max Homa<\/p>\n<\/blockquote>\n<p>Perez dans le bon tempo<\/p>\n<p>Le Top 70 c\u2019est aussi l\u2019objectif de <strong>Victor Perez<\/strong> dont on se souvient que l\u2019an dernier il avait r\u00e9ussi \u00e0 se qualifier in-extremis pour le premier tournoi des Playoffs.<\/p>\n<p>Actuellement 106e, le Tarbais a r\u00e9ussi une belle entame avec notamment 3 birdies sur trois des quatre par 3 du TPC Twin Cities situ\u00e9 dans la banlieue nord de Minneapolis. Perez a \u00e9t\u00e9 solide dans tous les compartiments du jeu et a r\u00e9ussi quelques bons putts comme celui du 9 pour clore sa journ\u00e9e avec une carte de 65.<\/p>\n<p>Les deux autres tricolores de retour des Iles Britanniques, <strong>Antoine<\/strong> <strong>Rozner<\/strong> et <strong>Matthieu<\/strong> <strong>Pavon<\/strong>, ont lanc\u00e9 leur tournoi plus timidement. Le Parisien (53e, -3) a brill\u00e9 sur ses attaques de greens, avec quasiment 5 coups gagn\u00e9s (4,8) sur le reste du champ ce qui lui vaut d\u2019occuper la premi\u00e8re place dans cette statistique, mais n\u2019a pas encore trouv\u00e9 la cl\u00e9 sur les greens.<\/p>\n<p>Auteur d\u2019un bon d\u00e9but de partie avec 3 birdies en 9 trous, le Bordelais (77e,-2) a eu plus de mal \u00e0 boucler sa journ\u00e9e. Il est notamment parti \u00e0 la faute sur le trou le plus difficile du parcours, le par 4 trou 12, o\u00f9 il a conc\u00e9d\u00e9 un co\u00fbteux double-bogey. C\u2019est autour des greens que celui qui a annonc\u00e9 <a href=\"https:\/\/www.golfplanete.com\/actualites\/matthieu-pavon-se-separe-de-son-entraineur\/\" rel=\"nofollow noopener\" target=\"_blank\">s\u2019\u00eatre s\u00e9par\u00e9 de son coach dimanche<\/a>, a le plus pein\u00e9, perdant pr\u00e8s d\u2019un coup et demi sur le reste des joueurs dans ce secteur.<\/p>\n<p>\t\t\t\t<img loading=\"lazy\" decoding=\"async\" src=\"data:image\/svg+xml,%3Csvg%20xmlns=\" http:=\"\" attributionsrc=\"\" border=\"0\" height=\"1\" width=\"1\" alt=\"Advertisement\" data-lazy-src=\"https:\/\/www.europesays.com\/fr\/wp-content\/uploads\/2025\/06\/B33661776.421948095;dc_trk_aid=614321628;dc_trk_cid=235413172;ord=[timestamp];dc_lat=;dc_rdid=;tag_f.gif\"\/><\/p>\n<p>\t\t\t\t\t<a id=\"174697\" href=\"https:\/\/ad.doubleclick.net\/ddm\/trackclk\/N6600.3770024GOLFPLANATE\/B33661776.421948095;dc_trk_aid=614321628;dc_trk_cid=235413172;dc_lat=;dc_rdid=;tag_for_child_directed_treatment=;tfua=;gdpr=${GDPR};gdpr_consent=${GDPR_CONSENT_755};ltd=;dc_tdv=1\" target=\"_blank\" rel=\"sponsorised nofollow noopener\"><img decoding=\"async\" src=\"data:image\/svg+xml,%3Csvg%20xmlns=\" http:=\"\" class=\"img-responsive\" alt=\"\" data-lazy-src=\"https:\/\/www.europesays.com\/fr\/wp-content\/uploads\/2025\/06\/amundi-e01-retraite-2506-1170x275-1.jpg\"\/><\/a><br \/>\nLe classement\u00a0<\/p>\n<p><img loading=\"lazy\" decoding=\"async\" class=\"size-large wp-image-180811\" src=\"data:image\/svg+xml,%3Csvg%20xmlns=\" http:=\"\" alt=\"\" width=\"754\" height=\"770\" data-lazy- data-lazy- data-lazy-src=\"https:\/\/www.europesays.com\/fr\/wp-content\/uploads\/2025\/07\/leaderboard-3m-open-754x770.jpg\"\/><\/p>\n<p>\u00a9David Berding \/ GETTY IMAGES NORTH AMERICA \/ Getty Images via AFP<\/p>\n<p>\t\t\t<script async src=\"https:\/\/platform.twitter.com\/widgets.js\" charset=\"utf-8\"><\/script><\/p>\n","protected":false},"excerpt":{"rendered":"Partager cet article Partager la publication \u00ab\u00a0Journ\u00e9e record pour Adam Svensson, et excellents d\u00e9buts de Victor Perez\u00a0\u00bb Trois&hellip;\n","protected":false},"author":2,"featured_media":272121,"comment_status":"","ping_status":"","sticky":false,"template":"","format":"standard","meta":{"footnotes":""},"categories":[1418],"tags":[1011,27,1472,60],"class_list":{"0":"post-272120","1":"post","2":"type-post","3":"status-publish","4":"format-standard","5":"has-post-thumbnail","7":"category-golf","8":"tag-fr","9":"tag-france","10":"tag-golf","11":"tag-sports"},"share_on_mastodon":{"url":"https:\/\/pubeurope.com\/@fr\/114912354793470241","error":""},"_links":{"self":[{"href":"https:\/\/www.europesays.com\/fr\/wp-json\/wp\/v2\/posts\/272120","targetHints":{"allow":["GET"]}}],"collection":[{"href":"https:\/\/www.europesays.com\/fr\/wp-json\/wp\/v2\/posts"}],"about":[{"href":"https:\/\/www.europesays.com\/fr\/wp-json\/wp\/v2\/types\/post"}],"author":[{"embeddable":true,"href":"https:\/\/www.europesays.com\/fr\/wp-json\/wp\/v2\/users\/2"}],"replies":[{"embeddable":true,"href":"https:\/\/www.europesays.com\/fr\/wp-json\/wp\/v2\/comments?post=272120"}],"version-history":[{"count":0,"href":"https:\/\/www.europesays.com\/fr\/wp-json\/wp\/v2\/posts\/272120\/revisions"}],"wp:featuredmedia":[{"embeddable":true,"href":"https:\/\/www.europesays.com\/fr\/wp-json\/wp\/v2\/media\/272121"}],"wp:attachment":[{"href":"https:\/\/www.europesays.com\/fr\/wp-json\/wp\/v2\/media?parent=272120"}],"wp:term":[{"taxonomy":"category","embeddable":true,"href":"https:\/\/www.europesays.com\/fr\/wp-json\/wp\/v2\/categories?post=272120"},{"taxonomy":"post_tag","embeddable":true,"href":"https:\/\/www.europesays.com\/fr\/wp-json\/wp\/v2\/tags?post=272120"}],"curies":[{"name":"wp","href":"https:\/\/api.w.org\/{rel}","templated":true}]}}