{"id":272122,"date":"2025-07-25T06:03:12","date_gmt":"2025-07-25T06:03:12","guid":{"rendered":"https:\/\/www.europesays.com\/fr\/272122\/"},"modified":"2025-07-25T06:03:12","modified_gmt":"2025-07-25T06:03:12","slug":"xv-de-france-paul-mallez-les-faits-de-surprise-de-la-pro-d2-aux-blacks-lincroyable-percee-du-pilier-toulousain","status":"publish","type":"post","link":"https:\/\/www.europesays.com\/fr\/272122\/","title":{"rendered":"XV de France \u2013 Paul Mallez, les faits de surprise\u00a0: de la Pro D2 aux Blacks, l\u2019incroyable perc\u00e9e du pilier toulousain"},"content":{"rendered":"<p>\n                \u00c0 24 ans, Paul Mallez s\u2019est affirm\u00e9 comme une des r\u00e9v\u00e9lations de la tourn\u00e9e n\u00e9o-z\u00e9landaise. Retour sur le parcours, \u00f4 combien d\u00e9routant, d\u2019un pilier qui a su tracer sa voie. Et \u00e0 qui les sp\u00e9cialistes pr\u00e9disent un bel avenir.\n            <\/p>\n<p>Il y a des images qui parlent plus que de longs discours. Au coup de sifflet final du troisi\u00e8me test entre Bleus et Blacks, un cam\u00e9raman pr\u00e9sent sur la pelouse du Waikato Stadium a capt\u00e9 une sc\u00e8ne paradoxalement anodine et remarquable\u00a0: on y voit Scott Robertson croiser Paul Mallez, l\u00e2cher une petite phrase au pilier fran\u00e7ais en hochant la t\u00eate puis \u00e9changer avec Cameron Woki en d\u00e9signant du doigt le jeune cap\u00e9. Nul besoin d\u2019\u00eatre expert en lecture labiale pour comprendre que les mots qui sortaient alors de la bouche du s\u00e9lectionneur n\u00e9o-z\u00e9landais m\u00ealaient curiosit\u00e9 et compliments. En trois entr\u00e9es en jeu et un total de 106 minutes pass\u00e9es sur les pelouses, le Chalonnais a \u00e9pat\u00e9 son monde, \u00e0 l\u2019autre bout de celui-ci, en franchissant le cap s\u00e9parant <strong><a href=\"https:\/\/www.rugbyrama.fr\/rugby-a-xv\/pro-d2\/\" target=\"_self\" rel=\"nofollow noopener\">Pro D2<\/a><\/strong> et niveau international avec une assurance d\u00e9concertante.<\/p>\n<blockquote data-media-max-width=\"560\" data-class=\"twitter-tweet\">\n<p lang=\"fr\" dir=\"ltr\">Scott Robertson impressionn\u00e9 par Paul Mallez ?<\/p>\n<p>Le s\u00e9lectionneur des All Blacks a visiblement bien aim\u00e9 les qualit\u00e9s du pilier droit du Stade Toulousain !<a href=\"https:\/\/twitter.com\/hashtag\/NZLFRA?src=hash&amp;ref_src=twsrc%5Etfw\" rel=\"nofollow noopener\" target=\"_blank\">#NZLFRA<\/a> <a href=\"https:\/\/t.co\/jD0SmMJLsc\" rel=\"nofollow\">pic.twitter.com\/jD0SmMJLsc<\/a><\/p>\n<p>\u2014 CANAL+ Rugby (@CanalplusRugby) <a href=\"https:\/\/twitter.com\/CanalplusRugby\/status\/1946500977206411285?ref_src=twsrc%5Etfw\" rel=\"nofollow noopener\" target=\"_blank\">July 19, 2025<\/a><\/p><\/blockquote>\n<p>Un effet de surprise dont le gar\u00e7on est coutumier depuis que les choses sont devenues s\u00e9rieuses. En 2018-2019, la prometteuse ascension du Chalonnais d\u2019origine a soudainement commenc\u00e9 \u00e0 emprunter une dr\u00f4le de trajectoire. Avec une premi\u00e8re \u00e9tape \u00e9tonnante\u2026 \u00e0 <strong><a href=\"https:\/\/www.rugbyrama.fr\/equipe\/stade-toulousain\/\" target=\"_self\" rel=\"nofollow noopener\">Toulouse<\/a><\/strong>. Benjamin Moreux, entra\u00eeneur de Paul Mallez en Crabos \u00e0 l\u2019ABCD XV, formation bourguignonne, en sourit encore\u00a0: \u00ab\u00a0J\u2019avais d\u00e9cid\u00e9 de s\u00e9lectionner Paul pour un tournoi national \u00e0 VII moins de 18 ans. Personne ne comprenait pourquoi je l\u2019avais retenu dans le groupe vu son poste mais je savais qu\u2019il avait des atouts \u00e0 faire valoir dans la discipline\u00a0: sa technique, son gaz, son endurance\u2026 Il avait d\u00e9j\u00e0 une VMA \u00e0 18, 19. \u00c0 l\u2019arriv\u00e9e, l\u2019\u00e9quipe a remport\u00e9 la comp\u00e9tition apr\u00e8s avoir battu Montpellier en finale. On avait aussi fait match nul contre le Toulouse de Th\u00e9o Ntamack.\u00a0\u00bb Aur\u00e9ol\u00e9 d\u2019un titre de champion de France \u00e0 7, le grand espoir du p\u00f4le de Dijon, r\u00e9v\u00e9l\u00e9 \u00e0 Pont-\u00e0-Mousson, en Lorraine, est logiquement s\u00e9lectionn\u00e9 pour le Festival des Six Nations Nations, remport\u00e9 avec les U18\u00a0; quelques semaines plus tard, il est de nouveau convoqu\u00e9 \u00e0 Marcoussis\u2026 mais <strong><a href=\"https:\/\/www.rugbyrama.fr\/equipe\/france-jeunes\/\" target=\"_self\" rel=\"nofollow noopener\">avec les U20<\/a><\/strong>, cette fois-l\u00e0. Et voil\u00e0 qu\u2019\u00e0 18 ans et 6 mois, il s\u2019envole pour le Mondial argentin o\u00f9 les Bleuets seront de nouveau couronn\u00e9s. Son \u00e2ge d\u00e9note. Sa fiche\u00a0aussi, alors qu\u2019il est le seul \u00e9l\u00e9ment \u00e0 ne pas \u00e9voluer au sein d\u2019un club professionnel\u00a0: \u00ab\u00a0\u00catre autant surclass\u00e9 pour un pilier, c\u2019est exceptionnel, appr\u00e9cie Virgile Lacombe, entra\u00eeneur au Stade toulousain. Je ne sais pas si c\u2019est d\u00e9j\u00e0 arriv\u00e9. \u00c7a voulait en tout cas dire beaucoup de son potentiel.\u00a0\u00bb Lequel avait d\u00e9j\u00e0 suscit\u00e9 des convoitises d\u2019un peu partout\u00a0: du Stade fran\u00e7ais, de La\u00a0Rochelle, de Clermont\u2026 et de Toulouse, donc. Son choix du c\u0153ur et de la raison, \u00e0 l\u2019\u00e9t\u00e9 2019\u00a0: \u00ab\u00a0Pour le jeu \u00e0 la toulousaine et parce que les jeunes du centre de formation s\u2019entra\u00eenent avec les pros\u00a0\u00bb, avait alors justifi\u00e9 l\u2019int\u00e9ress\u00e9 dans la presse r\u00e9gionale. Benjamin Moreux, en formateur bienveillant, s\u2019\u00e9tait interrog\u00e9 \u00e0 ce sujet\u00a0: \u00ab\u00a0Je lui avais demand\u00e9 s\u2019il \u00e9tait bien s\u00fbr de sa d\u00e9cision. J\u2019avais peur pour lui. Toulouse est un super club formateur mais la concurrence y est tellement rude. Par la suite, j\u2019avais crois\u00e9 Ugo Mola au Sevens Series de Toulouse. Il m\u2019avait rassur\u00e9 en me disant qu\u2019il le voyait comme un grand potentiel qu\u2019il fallait polir. C\u2019\u00e9tait \u00e0 lui d\u2019\u00eatre \u00e0 la hauteur de ces attentes. Au-del\u00e0 du talent, il avait un charisme de leader et un vrai c\u00f4t\u00e9 coach \u00e0 faire valoir.\u00a0\u00bb<\/p>\n<p>\u00ab\u00a0\u00c7a a \u00e9t\u00e9 difficile \u00e0 accepter pour lui\u00a0\u00bb<\/p>\n<p>\u00c0 son arriv\u00e9e dans la Ville rose, il \u00e9mane de Paul Mallez une premi\u00e8re bonne impression\u00a0: \u00ab\u00a0D\u00e8s qu\u2019on l\u2019a vu \u00e0 l\u2019\u0153uvre, on a\u00a0vu que qu\u2019il \u00e9tait \u00e0 sa place, dans compr\u00e9hension du rugby et dans l\u2019adaptation \u00e0 notre jeu, se rem\u00e9more Virgile Lacombe, alors en poste aupr\u00e8s des espoirs. Paul est un joueur intelligent, qui a un vrai regard strat\u00e9gique et qui sait r\u00e9aliser de tr\u00e8s belles choses techniquement parlant, comme des passes dans le dos ou sur le pas. Il a aussi une connaissance de la r\u00e8gle vraiment pointue\u00a0: une fois, il avait aplati un ballon rentr\u00e9 dans l\u2019en-but par le demi de m\u00eal\u00e9e adverse\u00a0; l\u2019arbitre avait refus\u00e9 l\u2019essai mais c\u2019est lui qui avait raison.\u00a0\u00bb La parenth\u00e8se Covid referm\u00e9e, Paul Mallez reprend son bonhomme de chemin avec des capes chez les Bleuets, deux premi\u00e8res feuilles de match en pro au printemps 2021 et un titre de champion de France espoirs dans la foul\u00e9e, avec un certain Joel Merkler en doublure. Que demander de plus \u00e0 20 ans\u00a0?<\/p>\n<p>Virgile Lacombe se souvient de cette p\u00e9riode d\u2019\u00e9mancipation mais aussi de privation\u00a0: \u00ab\u00a0Paul \u00e9tait presque trop sollicit\u00e9 \u00e0 cet \u00e2ge-l\u00e0, entre les entra\u00eenements des pros, les s\u00e9lections, les matchs avec sa cat\u00e9gorie. Tout \u00e7a l\u2019a amen\u00e9 \u00e0 sauter quelques \u00e9tapes en chemin, notamment au niveau de la pr\u00e9paration. C\u2019est ce qui explique que son \u00e9volution ait \u00e9t\u00e9 ralentie\u00a0: il y a eu quelques blessures, de la surcharge et\u00a0pas assez de d\u00e9veloppement physique. Sans vraie coupure ni p\u00e9riode d\u00e9di\u00e9e \u00e0 ce travail de fond, il n\u2019a pas pu gagner suffisamment en force et en masse, ce qui est tr\u00e8s important pour un joueur du cinq de devant.\u00a0\u00bb Aussi prometteur soit-il, l\u2019avenir de Paul Mallez n\u2019est pas encore tout trac\u00e9 et un changement de direction inattendu guette le Bourguignon. Toutes les surprises ne peuvent \u00eatre bonnes. En 2023, il s\u2019oriente ainsi vers un pr\u00eat en deuxi\u00e8me division\u00a0: \u00ab\u00a0On voulait qu\u2019il vive de la conqu\u00eate, qu\u2019il encha\u00eene les m\u00eal\u00e9es, afin de pouvoir s\u2019aguerrir, reprend l\u2019ancien talonneur. \u00c7a a \u00e9t\u00e9 difficile \u00e0 accepter pour lui alors que des joueurs de sa g\u00e9n\u00e9ration restaient au club et c\u2019est compl\u00e8tement compr\u00e9hensible. Mais c\u2019est un gars capable de s\u2019\u00e9valuer et il savait le chemin qui lui restait \u00e0 faire. Comme c\u2019est un tr\u00e8s gros comp\u00e9titeur, une fois qu\u2019il a une chose en t\u00eate, il fait tout pour la r\u00e9aliser.\u00a0\u00bb<\/p>\n<p>\u00ab\u00a0On ne l\u2019a pas r\u00e9volutionn\u00e9\u00a0\u00bb<\/p>\n<p>\u00c0 l\u2019\u00e9t\u00e9 2023, Jacques Delmas, docteur des conqu\u00eate et alors responsable du jeu d\u2019avants \u00e0 Aix, voit d\u00e9barquer ce grand espoir, avec ses dix-huit feuilles de match dans l\u2019\u00e9lite au compteur et quelques troph\u00e9es en vitrine. \u00ab\u00a0\u00c7a se voyait qu\u2019il venait du Stade toulousain\u00a0: il adorait jouer au ballon mais il fallait qu\u2019il travaille plus la m\u00eal\u00e9e\u00a0\u00bb, d\u00e9crit le technicien. Ce choc de g\u00e9n\u00e9rations et de styles aboutit \u00e0 une dr\u00f4le d\u2019union\u00a0: \u00ab\u00a0J\u2019ai d\u00e9couvert un gars attachant et \u00e0 l\u2019\u00e9coute. C\u2019est un amour, le prototype du mec que tu as envie d\u2019entra\u00eener. On avait une relation qui allait au-del\u00e0 du joueur et du coach. C\u2019\u00e9tait une histoire de confiance.\u00a0\u00bb Que Paul Mallez a su accorder, qu\u2019il a su rendre\u00a0: \u00ab\u00a0Il a \u00e9tudi\u00e9 les points o\u00f9 il devait faire des efforts, sur la technique de la m\u00eal\u00e9e, et il s\u2019est ex\u00e9cut\u00e9. Il a beaucoup progress\u00e9 au fil des deux ann\u00e9es. Ce n\u2019est pas qu\u2019il n\u2019avait pas envie avant mais ce passage lui a permis de gagner en maturit\u00e9, en v\u00e9cu, en solidit\u00e9. Je vous rassure, on ne l\u2019a pas r\u00e9volutionn\u00e9. Il avait ces qualit\u00e9s-l\u00e0 en lui.\u00a0\u00bb Une poign\u00e9e de bons conseils et quarante-cinq\u00a0rencontres plus tard, le Bourguignon s\u2019est affirm\u00e9 comme un des meilleurs sp\u00e9cialistes du poste en Pro D2. Pour le plus grand plaisir de Virgile Lacombe\u00a0: \u00ab\u00a0On l\u2019a suivi de pr\u00e8s, on lui envoyait des programmes, on allait le voir\u2026 Et on a pu constater\u00a0que le pr\u00eat avait\u00a0\u00e9t\u00e9 tr\u00e8s b\u00e9n\u00e9fique. Il s\u2019est rendu plus autonome et a gagn\u00e9 en exp\u00e9rience. Il a conscience de l\u2019importance que ce passage a eu pour lui-m\u00eame s\u2019il a toujours eu cette interrogation\u00a0: et si je reviens, est-ce que j\u2019aurai ma place\u00a0? Mais c\u2019est la loi du sport de haut niveau et ce sera \u00e0 lui de montrer qu\u2019il m\u00e9rite de jouer r\u00e9guli\u00e8rement.\u00a0\u00bb<\/p>\n<p>        <img decoding=\"async\" class=\"std-img__img responsive-img\" src=\"https:\/\/www.europesays.com\/fr\/wp-content\/uploads\/2025\/07\/1753423392_879_image.jpg\" alt=\"Paul Mallez sous les couleurs de Provence Rugby, la saison derni\u00e8re.\"\/><\/p>\n<p>                Paul Mallez sous les couleurs de Provence Rugby, la saison derni\u00e8re.<br \/>\n                                    Icon Sport<\/p>\n<p>Son retour dans la Ville rose, \u00e0 l\u2019\u00e9t\u00e9 2025, \u00e9tait pr\u00e9vu de longue date. Beaucoup plus que sa premi\u00e8re apparition en \u00e9quipe de France\u00a0: \u00ab\u00a0Je ne m\u2019attendais pas \u00e0 ce que son nom sorte, reconna\u00eet Jacques Delmas. J\u2019imagine que la relation avec William devait \u00eatre importante, qu\u2019il devait \u00eatre suivi. Quoi qu\u2019il en soit, il ne venait pas de nulle part.\u00a0\u00bb Pour Virgile Lacombe, l\u2019effet de surprise s\u2019est produit dans un deuxi\u00e8me temps\u00a0: \u00ab\u00a0Sa convocation est venue r\u00e9compenser sa bonne saison. Ce qui m\u2019a le plus \u00e9tonn\u00e9, c\u2019est qu\u2019il ait \u00e9t\u00e9 pris comme pilier gauche alors qu\u2019il y a tr\u00e8s peu jou\u00e9 en Pro D2 (une seule titularisation cette saison, N.D.L.R.). Avec nous, il avait m\u00eame \u00e9t\u00e9 talonneur, alors on sait qu\u2019il sait s\u2019adapter. Mais de l\u00e0 \u00e0 \u00eatre align\u00e9 \u00e0 gauche au niveau international\u2026 Au-del\u00e0 des phases de conqu\u00eate, il a bien tir\u00e9 son \u00e9pingle du jeu.\u00a0\u00bb Jacques Delmas, qui en a vu passer des centaines \u00e0 son poste, parle en connaissance de cause\u00a0: \u00ab\u00a0L\u2019histoire est sympa, d\u00e9j\u00e0\u00a0: le jeune qui est pass\u00e9 par le Pro D2 et qui revient dans son club formateur bard\u00e9 de trois s\u00e9lections, retrace le technicien aux trois Brennus. Mais c\u2019est loin d\u2019\u00eatre fini. Il a encore du travail \u00e0 accomplir mais il peut encore atteindre le niveau sup\u00e9rieur.\u00a0\u00bb Le contraire serait surprenant de sa part.<\/p>\n<p>    \u00ab\u00a0On le compte en tant que pilier droit\u00a0\u00bb<\/p>\n<p>\u00ab\u00a0Son avenir international est \u00e0 gauche, clairement\u00a0\u00bb\u00a0: le 3\u00a0juillet, Fabien Galthi\u00e9 a clairement pris position sur le cas de Paul Mallez. En Nouvelle-Z\u00e9lande, l\u2019habituel droitier n\u2019a d\u2019ailleurs \u00e9t\u00e9 align\u00e9 qu\u2019\u00e0 gauche de la premi\u00e8re ligne. Du c\u00f4t\u00e9 de Toulouse, le plan est tout autre\u00a0: \u00ab\u00a0Ce sera \u00e0 lui de d\u00e9cider de la suite mais dans notre effectif, on le compte en tant que pilier droit avec une polyvalence \u00e0 gauche, \u00e9voque Virgile Lacombe. Il travaillera principalement \u00e0 droite en continuant de s\u2019entra\u00eener \u00e0 gauche. On a eu tellement de blessures sur ces postes depuis deux ans. On sait que \u00e7a peut rendre service.\u00a0\u00bb Pour Paul Mallez, qui compte \u00e0 ce jour vingt-quatre matchs de Top 14 mais seulement deux titularisations, cet exercice 2025-2026 fera office de r\u00e9v\u00e9lateur, au-del\u00e0 de son positionnement\u00a0: \u00ab\u00a0Je pense que Paul a les capacit\u00e9s pour montrer qu\u2019il a sa place. Sa pr\u00e9sence va cr\u00e9er un peu plus d\u2019\u00e9mulation et c\u2019est une tr\u00e8s bonne chose apr\u00e8s deux ann\u00e9es o\u00f9 on a manqu\u00e9 de piliers droits disponibles.\u00a0\u00bb Avec Aldegheri, Merkler et Colombe, le staff aura des candidats en nombre et des profils aussi divers que vari\u00e9s.<\/p>\n<p>N\u00e9 le 24\u00a0janvier 2001 \u00e0 Chalon-sur-Sa\u00f4ne<\/p>\n<p>Taille\u00a0: 1,80\u00a0m\u00a0; poids\u00a0: 120\u00a0kg<\/p>\n<p>Parcours\u00a0: RC Pont-\u00e0-Mousson (2008-2018), ABCD XV (2018 &#8211; 2019), Stade toulousain (2019 &#8211; 2023), Provence Rugby (2023 &#8211; 2025), Stade toulousain (2025-)<\/p>\n<p>Premi\u00e8re s\u00e9lection\u00a0: face \u00e0 la Nouvelle-Z\u00e9lande, \u00e0 Dunedin, le 5\u00a0juillet 2025<\/p>\n<p>Nombre de s\u00e9lections\u00a0: 3<\/p>\n<p>Palmar\u00e8s\u00a0: champion de France Crabos \u00e0 7 (2018), champion de France espoirs (2021), champion de France (2021, 2023, 2024), vainqueur du Festival des Six Nations (2019), champion du monde U20 (2019).<\/p>\n<p>                    <script async src=\"https:\/\/platform.twitter.com\/widgets.js\" charset=\"utf-8\"><\/script><\/p>\n","protected":false},"excerpt":{"rendered":"\u00c0 24 ans, Paul Mallez s\u2019est affirm\u00e9 comme une des r\u00e9v\u00e9lations de la tourn\u00e9e n\u00e9o-z\u00e9landaise. Retour sur le&hellip;\n","protected":false},"author":2,"featured_media":272123,"comment_status":"","ping_status":"","sticky":false,"template":"","format":"standard","meta":{"footnotes":""},"categories":[1416],"tags":[1011,27,479,1468,60],"class_list":{"0":"post-272122","1":"post","2":"type-post","3":"status-publish","4":"format-standard","5":"has-post-thumbnail","7":"category-rugby","8":"tag-fr","9":"tag-france","10":"tag-rugby","11":"tag-rugby-football","12":"tag-sports"},"share_on_mastodon":{"url":"https:\/\/pubeurope.com\/@fr\/114912362714877465","error":""},"_links":{"self":[{"href":"https:\/\/www.europesays.com\/fr\/wp-json\/wp\/v2\/posts\/272122","targetHints":{"allow":["GET"]}}],"collection":[{"href":"https:\/\/www.europesays.com\/fr\/wp-json\/wp\/v2\/posts"}],"about":[{"href":"https:\/\/www.europesays.com\/fr\/wp-json\/wp\/v2\/types\/post"}],"author":[{"embeddable":true,"href":"https:\/\/www.europesays.com\/fr\/wp-json\/wp\/v2\/users\/2"}],"replies":[{"embeddable":true,"href":"https:\/\/www.europesays.com\/fr\/wp-json\/wp\/v2\/comments?post=272122"}],"version-history":[{"count":0,"href":"https:\/\/www.europesays.com\/fr\/wp-json\/wp\/v2\/posts\/272122\/revisions"}],"wp:featuredmedia":[{"embeddable":true,"href":"https:\/\/www.europesays.com\/fr\/wp-json\/wp\/v2\/media\/272123"}],"wp:attachment":[{"href":"https:\/\/www.europesays.com\/fr\/wp-json\/wp\/v2\/media?parent=272122"}],"wp:term":[{"taxonomy":"category","embeddable":true,"href":"https:\/\/www.europesays.com\/fr\/wp-json\/wp\/v2\/categories?post=272122"},{"taxonomy":"post_tag","embeddable":true,"href":"https:\/\/www.europesays.com\/fr\/wp-json\/wp\/v2\/tags?post=272122"}],"curies":[{"name":"wp","href":"https:\/\/api.w.org\/{rel}","templated":true}]}}