{"id":272125,"date":"2025-07-25T06:06:10","date_gmt":"2025-07-25T06:06:10","guid":{"rendered":"https:\/\/www.europesays.com\/fr\/272125\/"},"modified":"2025-07-25T06:06:10","modified_gmt":"2025-07-25T06:06:10","slug":"motogp-le-team-honda-de-zarco-prepare-les-8h-de-suzuka-avec-un-pit-stop-epoustouflant","status":"publish","type":"post","link":"https:\/\/www.europesays.com\/fr\/272125\/","title":{"rendered":"MotoGP Le Team Honda de Zarco pr\u00e9pare les 8h de Suzuka avec un pit-stop \u00e9poustouflant !"},"content":{"rendered":"<p>Le 3 ao\u00fbt prochain Johann Zarco, vainqueur en titre des 8h de Suzuka, remettra sa couronne en jeu, \u00e0 l\u2019occasion des 8h de Suzuka 2025. Une petite pause endurance pour le pilote LCR en MotoGP, qui n\u2019aura pas grandement profit\u00e9 de ses vacances. En attendant, voici la s\u00e9quence d\u2019un pit-stop r\u00e9alis\u00e9 par son \u00e9quipe, en amont de l\u2019\u00e9v\u00e9nement.<\/p>\n<blockquote class=\"twitter-tweet\">\n<p dir=\"ltr\" lang=\"en\">3, 2, 1, go!<\/p>\n<p>Making sure there\u2019s speed and precision during Honda HRC\u2019s pit stops at Suzuka 8 Hours. Can you believe we\u2019ll be racing in just over a week? \ud83e\udd2f <a href=\"https:\/\/t.co\/DgT08DsTBt\">pic.twitter.com\/DgT08DsTBt<\/a><\/p>\n<p>\u2014 Honda Racing Global (@HondaRacingGLB) <a href=\"https:\/\/twitter.com\/HondaRacingGLB\/status\/1947974980886511995?ref_src=twsrc%5Etfw\" target=\"_blank\" rel=\"noopener\">July 23, 2025<\/a><\/p>\n<\/blockquote>\n<p>Article publi\u00e9 le 25\/07\/2025 \u00e0 6h56<\/p>\n<p>                                            <img loading=\"lazy\" alt=\"\" class=\"avatar avatar-100 photo lazyload\" height=\"100\" width=\"100\" decoding=\"async\" src=\"https:\/\/www.europesays.com\/fr\/wp-content\/uploads\/2025\/07\/1753423570_833_ffbb894c35ea5189d599d4ea062c98b86ffb67cc602fa683ebcbf422a80fc47a\"  data-eio-rwidth=\"100\" data-eio-rheight=\"100\"\/><\/p>\n<p class=\"h2\">\n                                            Julien Barthet\n                                        <\/p>\n<p>R\u00e9dacteur professionnel, titulaire de la carte de presse pendant 3 ans. Fondateur\/Directeur et R\u00e9dacteur en chef Le Mag Sport Auto et LeMagJeuxHighTech.com.&#13;<br \/>\nEx-Pilote automobile : 55 courses (Formule Ford, F.Campus, Coupe 206 Sprint et Relais, Saxo, Ford Fiesta Allemagne, Mitjet) 1 Victoire. Essais F3, Nascar Euro, Caterham, F.Renault, etc.<\/p>\n<p>                                                                                                                            <a href=\"https:\/\/lemagsportauto.ouest-france.fr\/author\/lmsa_adm\/\" title=\"Julien Barthet\" target=\"_blank\" rel=\"noopener\"><br \/>\n                                                Voir les publications de l&rsquo;auteur<br \/>\n                                            <\/a><\/p>\n<p>                                <script async src=\"https:\/\/platform.twitter.com\/widgets.js\" charset=\"utf-8\"><\/script><\/p>\n","protected":false},"excerpt":{"rendered":"Le 3 ao\u00fbt prochain Johann Zarco, vainqueur en titre des 8h de Suzuka, remettra sa couronne en jeu,&hellip;\n","protected":false},"author":2,"featured_media":272126,"comment_status":"","ping_status":"","sticky":false,"template":"","format":"standard","meta":{"footnotes":""},"categories":[1413],"tags":[1011,27,4922,1741,1457,1456,1458,60],"class_list":{"0":"post-272125","1":"post","2":"type-post","3":"status-publish","4":"format-standard","5":"has-post-thumbnail","7":"category-moto","8":"tag-fr","9":"tag-france","10":"tag-honda","11":"tag-johann-zarco","12":"tag-moto","13":"tag-motocycle","14":"tag-motogp","15":"tag-sports"},"share_on_mastodon":{"url":"https:\/\/pubeurope.com\/@fr\/114912374626853755","error":""},"_links":{"self":[{"href":"https:\/\/www.europesays.com\/fr\/wp-json\/wp\/v2\/posts\/272125","targetHints":{"allow":["GET"]}}],"collection":[{"href":"https:\/\/www.europesays.com\/fr\/wp-json\/wp\/v2\/posts"}],"about":[{"href":"https:\/\/www.europesays.com\/fr\/wp-json\/wp\/v2\/types\/post"}],"author":[{"embeddable":true,"href":"https:\/\/www.europesays.com\/fr\/wp-json\/wp\/v2\/users\/2"}],"replies":[{"embeddable":true,"href":"https:\/\/www.europesays.com\/fr\/wp-json\/wp\/v2\/comments?post=272125"}],"version-history":[{"count":0,"href":"https:\/\/www.europesays.com\/fr\/wp-json\/wp\/v2\/posts\/272125\/revisions"}],"wp:featuredmedia":[{"embeddable":true,"href":"https:\/\/www.europesays.com\/fr\/wp-json\/wp\/v2\/media\/272126"}],"wp:attachment":[{"href":"https:\/\/www.europesays.com\/fr\/wp-json\/wp\/v2\/media?parent=272125"}],"wp:term":[{"taxonomy":"category","embeddable":true,"href":"https:\/\/www.europesays.com\/fr\/wp-json\/wp\/v2\/categories?post=272125"},{"taxonomy":"post_tag","embeddable":true,"href":"https:\/\/www.europesays.com\/fr\/wp-json\/wp\/v2\/tags?post=272125"}],"curies":[{"name":"wp","href":"https:\/\/api.w.org\/{rel}","templated":true}]}}