{"id":272135,"date":"2025-07-25T06:12:10","date_gmt":"2025-07-25T06:12:10","guid":{"rendered":"https:\/\/www.europesays.com\/fr\/272135\/"},"modified":"2025-07-25T06:12:10","modified_gmt":"2025-07-25T06:12:10","slug":"les-lectures-de-lete-daurelien-bellanger","status":"publish","type":"post","link":"https:\/\/www.europesays.com\/fr\/272135\/","title":{"rendered":"Les lectures de l&rsquo;\u00e9t\u00e9&#8230; d\u2019Aur\u00e9lien Bellanger"},"content":{"rendered":"<p>Que liront les \u00e9crivain\u00b7es cet \u00e9t\u00e9 ? On a demand\u00e9 \u00e0 plusieurs auteur\u00b7ices les livres qu\u2019ils emportaient dans leur valise pour leurs vacances. Aujourd\u2019hui, Aur\u00e9lien Bellanger se lance le d\u00e9fi de relire tout Deleuze en un \u00e9t\u00e9. <\/p>\n<p>\u201cJ\u2019avais un peu lu <a href=\"https:\/\/www.lesinrocks.com\/livres\/deleuze-ritournelle-familiere-de-la-philosophie-contemporaine-20088-01-05-2012\/\" rel=\"nofollow noopener\" target=\"_blank\">Deleuze,<\/a> il y a 20 ans. C\u2019est la date \u00e9crite sur Le Pli et sur le Foucault. Et puis j\u2019avais laiss\u00e9 tomber tout \u00e7a. Les deleuziens m\u2019aga\u00e7aient. Comme nous agacent toujours ces demi-g\u00e9n\u00e9rations qui nous pr\u00e9c\u00e8dent. Mais je suis all\u00e9 courir l\u2019autre jour du c\u00f4t\u00e9 de Vincennes, sur les traces de l\u2019universit\u00e9 disparue o\u00f9 enseigna Deleuze. Il ne reste m\u00eame pas de ruines, rien. Le poteau en b\u00e9ton du parking, c\u2019est tout. Je me suis dit que ce serait bien de faire revivre la cit\u00e9 perdue de la philosophie fran\u00e7aise. Ce n\u2019est pas encore un projet de roman. Ou bien de la partie de l\u2019\u00e9criture que je pr\u00e9f\u00e8re : le travail pr\u00e9paratoire, la documentation. Lire ou relire tout Deleuze en un \u00e9t\u00e9. Pourquoi pas.\u201d<\/p>\n<p>Ces livres de Deleuze constituent une analyse des travaux de deux philosophes. Foucault observe les questions soulev\u00e9es par l\u2019auteur de Surveiller et punir (Gallimard 1975). Le Pli est le texte d\u2019un cours donn\u00e9 par Deleuze \u00e0 l\u2019universit\u00e9 de Vincennes en 1986, abordant d\u2019une mani\u00e8re novatrice la pens\u00e9e du philosophe et math\u00e9maticien allemand.<\/p>\n<p><strong>Le Pli. Leibniz et le baroque, de Gilles Deleuze (Minuit 1988), 192 p., 18 \u20ac.<\/strong><\/p>\n<p><strong>Foucault, de Gilles Deleuze (Minuit 2004), 144 p., 9 \u20ac.<\/strong><\/p>\n<p><strong><a href=\"https:\/\/www.lesinrocks.com\/livres\/aurelien-bellanger-cela-maurait-paru-fou-de-navoir-aucune-attaque-629927-20-09-2024\/\" rel=\"nofollow noopener\" target=\"_blank\">Aur\u00e9lien Bellanger,<\/a> dernier livre publi\u00e9 : <a href=\"https:\/\/www.lesinrocks.com\/livres\/rentree-litteraire-aurelien-bellanger-cest-la-premiere-fois-que-jai-eu-envie-decrire-pour-faire-du-mal-a-des-gens-626251-09-09-2024\/\" rel=\"nofollow noopener\" target=\"_blank\">Les Derniers Jours du parti socialiste<\/a> (Seuil 2024), 480 p., 23 \u20ac<\/strong><\/p>\n","protected":false},"excerpt":{"rendered":"Que liront les \u00e9crivain\u00b7es cet \u00e9t\u00e9 ? On a demand\u00e9 \u00e0 plusieurs auteur\u00b7ices les livres qu\u2019ils emportaient dans&hellip;\n","protected":false},"author":2,"featured_media":272136,"comment_status":"","ping_status":"","sticky":false,"template":"","format":"standard","meta":{"footnotes":""},"categories":[1357],"tags":[1379,58,59,1011,27,1380],"class_list":{"0":"post-272135","1":"post","2":"type-post","3":"status-publish","4":"format-standard","5":"has-post-thumbnail","7":"category-livres","8":"tag-books","9":"tag-divertissement","10":"tag-entertainment","11":"tag-fr","12":"tag-france","13":"tag-livres"},"share_on_mastodon":{"url":"https:\/\/pubeurope.com\/@fr\/114912398140927341","error":""},"_links":{"self":[{"href":"https:\/\/www.europesays.com\/fr\/wp-json\/wp\/v2\/posts\/272135","targetHints":{"allow":["GET"]}}],"collection":[{"href":"https:\/\/www.europesays.com\/fr\/wp-json\/wp\/v2\/posts"}],"about":[{"href":"https:\/\/www.europesays.com\/fr\/wp-json\/wp\/v2\/types\/post"}],"author":[{"embeddable":true,"href":"https:\/\/www.europesays.com\/fr\/wp-json\/wp\/v2\/users\/2"}],"replies":[{"embeddable":true,"href":"https:\/\/www.europesays.com\/fr\/wp-json\/wp\/v2\/comments?post=272135"}],"version-history":[{"count":0,"href":"https:\/\/www.europesays.com\/fr\/wp-json\/wp\/v2\/posts\/272135\/revisions"}],"wp:featuredmedia":[{"embeddable":true,"href":"https:\/\/www.europesays.com\/fr\/wp-json\/wp\/v2\/media\/272136"}],"wp:attachment":[{"href":"https:\/\/www.europesays.com\/fr\/wp-json\/wp\/v2\/media?parent=272135"}],"wp:term":[{"taxonomy":"category","embeddable":true,"href":"https:\/\/www.europesays.com\/fr\/wp-json\/wp\/v2\/categories?post=272135"},{"taxonomy":"post_tag","embeddable":true,"href":"https:\/\/www.europesays.com\/fr\/wp-json\/wp\/v2\/tags?post=272135"}],"curies":[{"name":"wp","href":"https:\/\/api.w.org\/{rel}","templated":true}]}}