{"id":272141,"date":"2025-07-25T06:16:11","date_gmt":"2025-07-25T06:16:11","guid":{"rendered":"https:\/\/www.europesays.com\/fr\/272141\/"},"modified":"2025-07-25T06:16:11","modified_gmt":"2025-07-25T06:16:11","slug":"polemique-sur-les-routes-un-macaron-s-envisage-pour-tous-les-conducteurs-de-65-ans-et-plus-fait-debat","status":"publish","type":"post","link":"https:\/\/www.europesays.com\/fr\/272141\/","title":{"rendered":"Pol\u00e9mique sur les routes : un macaron \u00ab S \u00bb envisag\u00e9 pour tous les conducteurs de 65 ans et plus fait d\u00e9bat"},"content":{"rendered":"<tr>\n<td><strong>EN BREF<\/strong><\/td>\n<\/tr>\n<tr>\n<td>\n<ul>\n<li>\ud83d\ude97 Le macaron \u00ab S \u00bb propos\u00e9 pour les seniors n\u2019est pas <strong>obligatoire<\/strong>, contrairement aux rumeurs.<\/li>\n<li>Des pays comme l\u2019Espagne et l\u2019Allemagne imposent des <strong>examens m\u00e9dicaux<\/strong> r\u00e9guliers pour les conducteurs \u00e2g\u00e9s.<\/li>\n<li>Le macaron pourrait am\u00e9liorer la <strong>s\u00e9curit\u00e9<\/strong> sans stigmatiser, \u00e0 l\u2019image du macaron \u00ab A \u00bb pour les jeunes conducteurs.<\/li>\n<li>La <strong>r\u00e9flexion<\/strong> continue sur le meilleur moyen d\u2019assurer la s\u00e9curit\u00e9 des seniors tout en respectant leur libert\u00e9 de conduire.<\/li>\n<\/ul>\n<\/td>\n<\/tr>\n<p>En France, la question de la conduite par les seniors suscite des d\u00e9bats r\u00e9currents. Alors que certaines nations europ\u00e9ennes imposent des contr\u00f4les m\u00e9dicaux aux conducteurs d\u2019un certain \u00e2ge, la France reste plus laxiste en la mati\u00e8re. Selon l\u2019Observatoire national interminist\u00e9riel de la s\u00e9curit\u00e9 routi\u00e8re (ONISR), les conducteurs seniors sont parmi les plus vuln\u00e9rables sur la route, avec une proportion notable d\u2019accidents mortels. La principale cause de ces accidents n\u2019est ni l\u2019alcool, ni la vitesse, mais plut\u00f4t des malaises au volant. La r\u00e9cente rumeur concernant l\u2019introduction d\u2019un macaron \u00ab S \u00bb pour les seniors a raviv\u00e9 le d\u00e9bat sur la s\u00e9curit\u00e9 routi\u00e8re et la protection des personnes \u00e2g\u00e9es au volant.<\/p>\n<p>La position de la s\u00e9curit\u00e9 routi\u00e8re sur le macaron \u00ab S \u00bb<\/p>\n<p>La s\u00e9curit\u00e9 routi\u00e8re a r\u00e9cemment clarifi\u00e9 sa position concernant le macaron \u00ab S \u00bb. Selon un communiqu\u00e9 officiel, <strong>il n\u2019est pas pr\u00e9vu d\u2019imposer ce macaron aux conducteurs \u00e2g\u00e9s<\/strong>. Cette information, souvent relay\u00e9e sur les r\u00e9seaux sociaux, est une intox. La s\u00e9curit\u00e9 routi\u00e8re pr\u00e9cise que les seniors peuvent volontairement apposer le macaron sur leur v\u00e9hicule, mais aucune obligation l\u00e9gale ne sera instaur\u00e9e. Cette clarification vise \u00e0 apaiser les inqui\u00e9tudes et \u00e0 \u00e9teindre les rumeurs persistantes. Cependant, la question reste ouverte quant \u00e0 savoir si un tel dispositif pourrait un jour \u00eatre envisag\u00e9 pour am\u00e9liorer la s\u00e9curit\u00e9 sur les routes.<\/p>\n<blockquote class=\"wp-embedded-content\" data-secret=\"HpSawftqD1\">\n<p><a href=\"https:\/\/www.lejournaleconomique.com\/2025\/07\/17\/a-62-ans-jai-du-retourner-bosser-le-taux-de-pauvrete-explose-en-france-et-frappe-de-plein-fouet-les-seniors\/\" target=\"_blank\" rel=\"noopener\">\u00ab \u00c0 62 ans, j\u2019ai d\u00fb retourner bosser \u00bb : le taux de pauvret\u00e9 explose en France et frappe de plein fouet les seniors<\/a><\/p>\n<\/blockquote>\n<p>La r\u00e9flexion en cours sur la conduite des seniors<\/p>\n<p>En 2023, la d\u00e9put\u00e9e Agn\u00e8s Carel a raviv\u00e9 la discussion sur la conduite des personnes \u00e2g\u00e9es \u00e0 l\u2019Assembl\u00e9e nationale. Elle a soulign\u00e9 que dans des pays comme l\u2019Espagne et l\u2019Allemagne, <strong>les conducteurs seniors sont soumis \u00e0 des examens m\u00e9dicaux p\u00e9riodiques<\/strong> pour \u00e9valuer leur aptitude \u00e0 conduire. Ces mesures, selon elle, ne sont pas per\u00e7ues comme une perte de libert\u00e9, mais comme une protection pour les conducteurs et les autres usagers de la route. Malgr\u00e9 les efforts de la d\u00e9put\u00e9e, cette proposition n\u2019a toujours pas trouv\u00e9 de r\u00e9ponse l\u00e9gislative en France, laissant la question en suspens.<\/p>\n<blockquote class=\"wp-embedded-content\" data-secret=\"lxKfuhROWT\">\n<p><a href=\"https:\/\/www.lejournaleconomique.com\/2025\/07\/03\/nouveau-choc-sur-impots-gouv-fr-cette-demarche-inedite-bientot-obligatoire-pour-acceder-a-votre-compte-fiscal-en-toute-securite-et-eviter-de-graves-ennuis-administratifs\/\" target=\"_blank\" rel=\"noopener\">Nouveau choc sur Imp\u00f4ts.gouv.fr : cette d\u00e9marche in\u00e9dite bient\u00f4t obligatoire pour acc\u00e9der \u00e0 votre compte fiscal en toute s\u00e9curit\u00e9 et \u00e9viter de graves ennuis administratifs<\/a><\/p>\n<\/blockquote>\n<p>L\u2019int\u00e9r\u00eat potentiel du macaron \u00ab S \u00bb<\/p>\n<p>Le macaron \u00ab S \u00bb pourrait jouer un r\u00f4le pr\u00e9ventif sans \u00eatre stigmatisant. Dans l\u2019association Victimes &amp; Avenir, il est per\u00e7u comme un outil de sensibilisation. Il permettrait aux autres conducteurs d\u2019\u00eatre plus prudents autour des v\u00e9hicules conduits par des seniors. \u00c0 l\u2019instar du macaron \u00ab A \u00bb pour les jeunes conducteurs, le macaron \u00ab S \u00bb pourrait signaler la pr\u00e9sence d\u2019un conducteur potentiellement plus lent ou moins r\u00e9actif. Cette mesure pourrait \u00eatre encourag\u00e9e par les assureurs, offrant ainsi un compromis entre s\u00e9curit\u00e9 et libert\u00e9 individuelle.<\/p>\n<blockquote class=\"wp-embedded-content\" data-secret=\"S9i0DiG4Ot\">\n<p><a href=\"https:\/\/www.lejournaleconomique.com\/2025\/07\/02\/piqure-en-concert-la-psychose-sinstalle-apres-une-serie-de-cas-signales-dans-plusieurs-festivals-francais\/\" target=\"_blank\" rel=\"noopener\">Piq\u00fbre en concert : la psychose s\u2019installe apr\u00e8s une s\u00e9rie de cas signal\u00e9s dans plusieurs festivals fran\u00e7ais<\/a><\/p>\n<\/blockquote>\n<p>Comparaison avec d\u2019autres dispositifs similaires<\/p>\n<p>Dans d\u2019autres r\u00e9gions, des dispositifs similaires ont \u00e9t\u00e9 mis en place avec succ\u00e8s. Par exemple, les jeunes conducteurs arborent un macaron \u00ab A \u00bb pendant leur p\u00e9riode probatoire. Ce syst\u00e8me informe les autres usagers de la route de leur statut de d\u00e9butants. <strong>Un syst\u00e8me similaire pour les seniors pourrait favoriser la tol\u00e9rance et la prudence des autres conducteurs<\/strong>. De plus, cela inciterait les seniors eux-m\u00eames \u00e0 \u00e9valuer r\u00e9guli\u00e8rement leur capacit\u00e9 \u00e0 conduire en toute s\u00e9curit\u00e9. Cependant, l\u2019acceptation de tels dispositifs repose sur une sensibilisation ad\u00e9quate et sur la volont\u00e9 des seniors de contribuer activement \u00e0 leur propre s\u00e9curit\u00e9 routi\u00e8re.<\/p>\n<p>La question de la s\u00e9curit\u00e9 routi\u00e8re pour les seniors reste complexe et sensible. Alors que certaines mesures pourraient am\u00e9liorer la s\u00e9curit\u00e9, elles doivent aussi respecter la libert\u00e9 individuelle des conducteurs \u00e2g\u00e9s. Le macaron \u00ab S \u00bb repr\u00e9sente-t-il une solution viable et \u00e9quilibr\u00e9e ? Ou devrait-on envisager d\u2019autres moyens pour garantir la s\u00e9curit\u00e9 de tous sur la route ? Il est crucial de poursuivre la r\u00e9flexion pour trouver un juste milieu qui prot\u00e8ge sans stigmatiser. Quelle serait, selon vous, la meilleure approche pour am\u00e9liorer la s\u00e9curit\u00e9 des seniors au volant ?<\/p>\n<p>Cet article s\u2019appuie sur des sources v\u00e9rifi\u00e9es et l\u2019assistance de technologies \u00e9ditoriales.<\/p>\n<p id=\"rating\">\u00c7a vous a plu ?\u00a04.4\/5 (24)<\/p>\n","protected":false},"excerpt":{"rendered":"EN BREF \ud83d\ude97 Le macaron \u00ab S \u00bb propos\u00e9 pour les seniors n\u2019est pas obligatoire, contrairement aux rumeurs.&hellip;\n","protected":false},"author":2,"featured_media":272142,"comment_status":"","ping_status":"","sticky":false,"template":"","format":"standard","meta":{"footnotes":""},"categories":[10],"tags":[1011,27,72,5007,71,5009,3552],"class_list":{"0":"post-272141","1":"post","2":"type-post","3":"status-publish","4":"format-standard","5":"has-post-thumbnail","7":"category-sante","8":"tag-fr","9":"tag-france","10":"tag-health","11":"tag-permis-de-conduire","12":"tag-sante","13":"tag-securite-routiere","14":"tag-seniors"},"share_on_mastodon":{"url":"https:\/\/pubeurope.com\/@fr\/114912413839991388","error":""},"_links":{"self":[{"href":"https:\/\/www.europesays.com\/fr\/wp-json\/wp\/v2\/posts\/272141","targetHints":{"allow":["GET"]}}],"collection":[{"href":"https:\/\/www.europesays.com\/fr\/wp-json\/wp\/v2\/posts"}],"about":[{"href":"https:\/\/www.europesays.com\/fr\/wp-json\/wp\/v2\/types\/post"}],"author":[{"embeddable":true,"href":"https:\/\/www.europesays.com\/fr\/wp-json\/wp\/v2\/users\/2"}],"replies":[{"embeddable":true,"href":"https:\/\/www.europesays.com\/fr\/wp-json\/wp\/v2\/comments?post=272141"}],"version-history":[{"count":0,"href":"https:\/\/www.europesays.com\/fr\/wp-json\/wp\/v2\/posts\/272141\/revisions"}],"wp:featuredmedia":[{"embeddable":true,"href":"https:\/\/www.europesays.com\/fr\/wp-json\/wp\/v2\/media\/272142"}],"wp:attachment":[{"href":"https:\/\/www.europesays.com\/fr\/wp-json\/wp\/v2\/media?parent=272141"}],"wp:term":[{"taxonomy":"category","embeddable":true,"href":"https:\/\/www.europesays.com\/fr\/wp-json\/wp\/v2\/categories?post=272141"},{"taxonomy":"post_tag","embeddable":true,"href":"https:\/\/www.europesays.com\/fr\/wp-json\/wp\/v2\/tags?post=272141"}],"curies":[{"name":"wp","href":"https:\/\/api.w.org\/{rel}","templated":true}]}}