{"id":272143,"date":"2025-07-25T06:17:11","date_gmt":"2025-07-25T06:17:11","guid":{"rendered":"https:\/\/www.europesays.com\/fr\/272143\/"},"modified":"2025-07-25T06:17:11","modified_gmt":"2025-07-25T06:17:11","slug":"la-19e-etape-du-tour-de-france-ecourtee-de-30-km-en-raison-de-labattage-dun-troupeau-de-bovins","status":"publish","type":"post","link":"https:\/\/www.europesays.com\/fr\/272143\/","title":{"rendered":"La 19e \u00e9tape du Tour de France \u00e9court\u00e9e de 30\u00a0km en raison de l\u2019abattage d\u2019un troupeau de bovins"},"content":{"rendered":"<p>        <img decoding=\"async\" loading=\"lazy\" src=\"https:\/\/www.europesays.com\/fr\/wp-content\/uploads\/2025\/07\/f5324fd_upload-1-arh2jbgyvj5h-afp-20250724-67qr78v-v3-highres-topshotcyclingtdf2025stage18.jpg\"  width=\"728\" height=\"409\" alt=\"Tadej Pogacar dans la derni\u00e8re ascension du Col de la Loze devant Jonas Vingegaard et le coureur britannique Oscar Onley, lors de la 18e \u00e9tape du Tour de France 2025, le 24\u00a0juillet 2025.\"\/>  <\/p>\n<p>LOIC VENANCE \/ AFP<\/p>\n<p>Tadej Pogacar dans la derni\u00e8re ascension du Col de la Loze devant Jonas Vingegaard et le coureur britannique Oscar Onley, lors de la 18e \u00e9tape du Tour de France 2025, le 24\u00a0juillet 2025.<\/p>\n<p class=\"asset asset-text\">SPORT &#8211; Pour la <a href=\"https:\/\/www.huffingtonpost.fr\/sport\/article\/le-tour-de-france-2025-deja-plie-cinq-raisons-de-suivre-la-derniere-semaine-de-course_252850.html\" rel=\"nofollow noopener\" target=\"_blank\">derni\u00e8re grande bataille<\/a> alpestre du <a href=\"https:\/\/www.huffingtonpost.fr\/sport\/article\/tour-de-france-2025-valentin-paret-peintre-offre-une-premiere-victoire-au-cyclisme-francais-apres-16-etapes_252874.html\" rel=\"nofollow noopener\" target=\"_blank\">Tour de France<\/a>, un changement de programme incongru. La 19e \u00e9tape de ce vendredi 25\u00a0juillet\u00a0entre Albertville et La Plage change de profil apr\u00e8s avoir \u00e9t\u00e9 raccourcie et amput\u00e9e du col des Saisies. Et ce, en raison de la d\u00e9couverte d\u2019une maladie contagieuse au sein d\u2019un troupeau de bovins.<\/p>\n<p class=\"asset asset-text\">\u00ab\u00a0La d\u00e9couverte au sein d\u2019un troupeau situ\u00e9 pr\u00e9cis\u00e9ment dans le col des Saisies d\u2019un foyer de dermatose nodulaire contagieuse touchant les bovins doit conduire \u00e0 l\u2019abattage des animaux\u00a0\u00bb, a annonc\u00e9 jeudi soir ASO, la soci\u00e9t\u00e9 organisatrice du Tour.<\/p>\n<p class=\"asset asset-text\">\u00ab\u00a0Devant le d\u00e9sarroi des \u00e9leveurs concern\u00e9s et afin de pr\u00e9server la s\u00e9r\u00e9nit\u00e9 de la course, il a \u00e9t\u00e9 d\u00e9cid\u00e9, en accord avec les autorit\u00e9s, de modifier le parcours de la 19e \u00e9tape Albertville-La Plagne et ne pas franchir le col des Saisies\u00a0\u00bb, ajoute un communiqu\u00e9 les organisateurs.<\/p>\n<p>    Un d\u00e9part pr\u00e9vu \u00e0 14\u00a0h\u00a030    <\/p>\n<p class=\"asset asset-text\">Cela change consid\u00e9rablement le profil de l\u2019\u00e9tape qui ne fera plus que de 95\u00a0km au lieu des 129,9\u00a0km pr\u00e9vus. Le d\u00e9part fictif sera donn\u00e9 comme pr\u00e9vu \u00e0 la sortie d\u2019Albertville mais seulement \u00e0 14\u00a0h\u00a030, soit une heure apr\u00e8s l\u2019horaire initialement pr\u00e9vu.<\/p>\n<p class=\"asset asset-text\">Apr\u00e8s 7\u00a0km de d\u00e9fil\u00e9, les coureurs prendront la direction de la D925 o\u00f9 le d\u00e9part r\u00e9el sera donn\u00e9. La course rejoindra ensuite l\u2019itin\u00e9raire initial peu avant Beaufort (km 52,4 sur l\u2019itin\u00e9raire horaire initial), a ajout\u00e9 ASO. L\u2019arriv\u00e9e, quant \u00e0 elle, est toujours pr\u00e9vue \u00e0 17\u00a0h\u00a030.<\/p>\n<p class=\"asset asset-text\">Ce n\u2019est pas la premi\u00e8re fois que le Tour de France doit revoir ses plans \u00e0 la derni\u00e8re minute concernant ses trac\u00e9s d\u2019\u00e9tape, mais c\u2019est en g\u00e9n\u00e9ral surtout pour des conditions m\u00e9t\u00e9orologiques. En 2019, l\u2019organisation avait ainsi d\u00fb r\u00e9duire de plus de 70\u00a0km la 20e \u00e9tape entre Albertville (d\u00e9j\u00e0) et Val Thorens, en raison de violentes intemp\u00e9ries survenues la veille de l\u2019\u00e9tape ayant rendu la descente d\u2019un col impraticable.<\/p>\n<p class=\"asset asset-text\">Trois ascensions restent n\u00e9anmoins au programme de ce vendredi avec le col du Pr\u00e9, class\u00e9 en hors cat\u00e9gorie (12,6\u00a0km \u00e0 7,7\u00a0%), le magnifique Cormet de Roselend (5,9\u00a0km \u00e0 6,3\u00a0%) et la mont\u00e9e finale vers La\u00a0Plagne (19,1\u00a0km \u00e0 7,2\u00a0%) pour une arriv\u00e9e \u00e0 2\u00a0052 m\u00e8tres d\u2019altitude. S\u00fbrement l\u2019ultime occasion pour le Jonas Vingegaard de tenter de renverser &#8211; ou seulement de mettre pour la premi\u00e8re fois en difficult\u00e9 &#8211; Tadej Pogacar, toujours maillot jaune avec 4\u201926\u00a0d\u2019avance sur le Danois.<\/p>\n","protected":false},"excerpt":{"rendered":"LOIC VENANCE \/ AFP Tadej Pogacar dans la derni\u00e8re ascension du Col de la Loze devant Jonas Vingegaard&hellip;\n","protected":false},"author":2,"featured_media":272144,"comment_status":"","ping_status":"","sticky":false,"template":"","format":"standard","meta":{"footnotes":""},"categories":[9],"tags":[7733,4332,207,1011,27,517,60,210],"class_list":{"0":"post-272143","1":"post","2":"type-post","3":"status-publish","4":"format-standard","5":"has-post-thumbnail","7":"category-sports","8":"tag-alpes","9":"tag-bovins","10":"tag-cyclisme","11":"tag-fr","12":"tag-france","13":"tag-sport","14":"tag-sports","15":"tag-tour-de-france"},"share_on_mastodon":{"url":"https:\/\/pubeurope.com\/@fr\/114912417774217798","error":""},"_links":{"self":[{"href":"https:\/\/www.europesays.com\/fr\/wp-json\/wp\/v2\/posts\/272143","targetHints":{"allow":["GET"]}}],"collection":[{"href":"https:\/\/www.europesays.com\/fr\/wp-json\/wp\/v2\/posts"}],"about":[{"href":"https:\/\/www.europesays.com\/fr\/wp-json\/wp\/v2\/types\/post"}],"author":[{"embeddable":true,"href":"https:\/\/www.europesays.com\/fr\/wp-json\/wp\/v2\/users\/2"}],"replies":[{"embeddable":true,"href":"https:\/\/www.europesays.com\/fr\/wp-json\/wp\/v2\/comments?post=272143"}],"version-history":[{"count":0,"href":"https:\/\/www.europesays.com\/fr\/wp-json\/wp\/v2\/posts\/272143\/revisions"}],"wp:featuredmedia":[{"embeddable":true,"href":"https:\/\/www.europesays.com\/fr\/wp-json\/wp\/v2\/media\/272144"}],"wp:attachment":[{"href":"https:\/\/www.europesays.com\/fr\/wp-json\/wp\/v2\/media?parent=272143"}],"wp:term":[{"taxonomy":"category","embeddable":true,"href":"https:\/\/www.europesays.com\/fr\/wp-json\/wp\/v2\/categories?post=272143"},{"taxonomy":"post_tag","embeddable":true,"href":"https:\/\/www.europesays.com\/fr\/wp-json\/wp\/v2\/tags?post=272143"}],"curies":[{"name":"wp","href":"https:\/\/api.w.org\/{rel}","templated":true}]}}