{"id":272145,"date":"2025-07-25T06:18:09","date_gmt":"2025-07-25T06:18:09","guid":{"rendered":"https:\/\/www.europesays.com\/fr\/272145\/"},"modified":"2025-07-25T06:18:09","modified_gmt":"2025-07-25T06:18:09","slug":"gaston-ardisson-son-geste-de-provocation-devant-le-cercueil-de-son-pere-thierry-ardisson","status":"publish","type":"post","link":"https:\/\/www.europesays.com\/fr\/272145\/","title":{"rendered":"Gaston Ardisson : son geste de provocation devant le cercueil de son p\u00e8re Thierry Ardisson"},"content":{"rendered":"<p>      R\u00e9sum\u00e9<\/p>\n<p>Lors des obs\u00e8ques de Thierry Ardisson, son fils Gaston a marqu\u00e9 les esprits par son discours et un geste inattendu qui a suscit\u00e9 r\u00e9actions et d\u00e9bats.<\/p>\n<p>        Sommaire<\/p>\n<p>Le monde de la t\u00e9l\u00e9vision est en deuil. Le 14 juillet dernier, <strong><a href=\"https:\/\/www.public.fr\/tag\/thierry-ardisson\" target=\"_blank\" rel=\"noopener\">Thierry Ardisson <\/a>est d\u00e9c\u00e9d\u00e9 \u00e0 l&rsquo;\u00e2ge de 76 ans des suites d&rsquo;un cancer du foie. <\/strong><\/p>\n<p>Trois jours apr\u00e8s sa disparition, <strong>une magnifique<\/strong> <strong>c\u00e9r\u00e9monie en son honneur a \u00e9t\u00e9 organis\u00e9e \u00e0\u00a0l&rsquo;\u00e9glise Saint-Roch<\/strong>, dans le 1er arrondissement de Paris. Un \u00e9v\u00e8nement qui a rassembl\u00e9 pl\u00e9thore de personnalit\u00e9s.<\/p>\n<p>D&rsquo;Arthur \u00e0 Brigitte Macron en passant par Laurent Baffie, Michel Drucker ou L\u00e9a Salam\u00e9, tous ont tenu \u00e0 faire le d\u00e9placement pour rendre un dernier hommage \u00e0 l&rsquo;homme en noir et soutenir sa famille. <\/p>\n<p>Gaston Ardisson : une attitude qui intrigue<\/p>\n<p>Pr\u00e9sent aux obs\u00e8ques de son p\u00e8re, <strong>Gaston Ardisson n&rsquo;est pas pass\u00e9 inaper\u00e7u<\/strong>. Et pour cause : sa ressemblance troublante avec l&rsquo;animateur, doubl\u00e9e de la m\u00eame allure d\u00e9sinvolte, a captiv\u00e9 l&rsquo;attention.<\/p>\n<p>M\u00eame son discours, ponctu\u00e9 d&rsquo;un percutant \u00ab\u00a0Tu as tout affront\u00e9, du cancer \u00e0 Bollor\u00e9 !\u00a0\u00bb, a marqu\u00e9 les esprits. Mais c&rsquo;est son geste final, au moment du <a href=\"https:\/\/www.public.fr\/thierry-ardisson-a-ete-inhume-dans-un-tout-petit-village-du-vaucluse-dans-lintimite-la-plus-totale\" target=\"_blank\" rel=\"noopener\">d\u00e9part du cercueil vers le Vaucluse<\/a>, qui a \u00e9tonn\u00e9 les plus attentifs : Gaston a <strong>allum\u00e9 une cigarette<\/strong>. Un ultime clin d&rsquo;\u0153il \u00e0 son p\u00e8re, qui n&rsquo;a pas manqu\u00e9 de faire r\u00e9agir.<\/p>\n<p>\u00ab\u00a0C&rsquo;est pas la chips la plus sal\u00e9e du sachet lui\u00a0\u00bb, s&rsquo;est indign\u00e9 un internaute sous la publication X (anciennement Twitter) du compte <a href=\"https:\/\/x.com\/ImpactMediaFR\" target=\"_blank\" rel=\"noreferrer noopener\">@ImpactMediaFR<\/a>. \u00ab\u00a0Continue \u00e0 fumer et tu finiras \u00e0 c\u00f4t\u00e9 du paternel assez rapidement\u00a0\u00bb, a ajout\u00e9 un autre. Et un troisi\u00e8me de rench\u00e9rir : \u00ab\u00a0Il n\u2019a pas compris comment son p\u00e8re est mort lui\u00a0\u00bb. Autant de remarques n\u00e9gatives qui ont pouss\u00e9 d&rsquo;autres twittos \u00e0 prendre la d\u00e9fense du jeune homme. <\/p>\n<p>Des confidences sur Thierry Ardisson<\/p>\n<p>Avant l&rsquo;enterrement de son p\u00e8re, Gaston Ardisson s&rsquo;est quant \u00e0 lui longuement confi\u00e9 sur sa relation avec son p\u00e8re durant son adolescence \u00e0 Londres. <\/p>\n<p>Dans La face cach\u00e9e de l&rsquo;homme en noir, r\u00e9alis\u00e9 par Audrey Crespo-Mara et diffus\u00e9 sur TF1, il a notamment expliqu\u00e9 que <strong>Thierry Ardisson \u00e9tait \u00e0 la fois \u00ab\u00a0tr\u00e8s d\u00e9connade\u00a0\u00bb et \u00ab\u00a0tr\u00e8s s\u00e9v\u00e8re\u00a0\u00bb. <br \/><\/strong><br \/>\u00ab\u00a0Il est exactement \u00e0 la t\u00e9l\u00e9 comme il est dans la vie. <strong>Il veut toujours \u00eatre le centre de l\u2019attention<\/strong>\u00ab\u00a0, a-t-il r\u00e9v\u00e9l\u00e9. Et de conclure : \u00ab\u00a0Vu qu\u2019il pouvait \u00eatre un peu chiant, je ne pense pas que j\u2019aurais \u00e9t\u00e9 tr\u00e8s content de voir mon p\u00e8re tous les jours\u00a0\u00bb. Une libert\u00e9 de ton qui fait \u00e9cho \u00e0 celle de l&rsquo;animateur. <\/p>\n<p>      Mentionn\u00e9s dans cet article<\/p>\n<p>\u00c0 lire aussi<\/p>\n","protected":false},"excerpt":{"rendered":"R\u00e9sum\u00e9 Lors des obs\u00e8ques de Thierry Ardisson, son fils Gaston a marqu\u00e9 les esprits par son discours et&hellip;\n","protected":false},"author":2,"featured_media":272146,"comment_status":"","ping_status":"","sticky":false,"template":"","format":"standard","meta":{"footnotes":""},"categories":[8],"tags":[1362,58,59,1011,27,18,10058],"class_list":{"0":"post-272145","1":"post","2":"type-post","3":"status-publish","4":"format-standard","5":"has-post-thumbnail","7":"category-divertissement","8":"tag-deuil","9":"tag-divertissement","10":"tag-entertainment","11":"tag-fr","12":"tag-france","13":"tag-mort","14":"tag-thierry-ardisson"},"share_on_mastodon":{"url":"https:\/\/pubeurope.com\/@fr\/114912421697342226","error":""},"_links":{"self":[{"href":"https:\/\/www.europesays.com\/fr\/wp-json\/wp\/v2\/posts\/272145","targetHints":{"allow":["GET"]}}],"collection":[{"href":"https:\/\/www.europesays.com\/fr\/wp-json\/wp\/v2\/posts"}],"about":[{"href":"https:\/\/www.europesays.com\/fr\/wp-json\/wp\/v2\/types\/post"}],"author":[{"embeddable":true,"href":"https:\/\/www.europesays.com\/fr\/wp-json\/wp\/v2\/users\/2"}],"replies":[{"embeddable":true,"href":"https:\/\/www.europesays.com\/fr\/wp-json\/wp\/v2\/comments?post=272145"}],"version-history":[{"count":0,"href":"https:\/\/www.europesays.com\/fr\/wp-json\/wp\/v2\/posts\/272145\/revisions"}],"wp:featuredmedia":[{"embeddable":true,"href":"https:\/\/www.europesays.com\/fr\/wp-json\/wp\/v2\/media\/272146"}],"wp:attachment":[{"href":"https:\/\/www.europesays.com\/fr\/wp-json\/wp\/v2\/media?parent=272145"}],"wp:term":[{"taxonomy":"category","embeddable":true,"href":"https:\/\/www.europesays.com\/fr\/wp-json\/wp\/v2\/categories?post=272145"},{"taxonomy":"post_tag","embeddable":true,"href":"https:\/\/www.europesays.com\/fr\/wp-json\/wp\/v2\/tags?post=272145"}],"curies":[{"name":"wp","href":"https:\/\/api.w.org\/{rel}","templated":true}]}}