{"id":272151,"date":"2025-07-25T06:21:10","date_gmt":"2025-07-25T06:21:10","guid":{"rendered":"https:\/\/www.europesays.com\/fr\/272151\/"},"modified":"2025-07-25T06:21:10","modified_gmt":"2025-07-25T06:21:10","slug":"assassinats-sabotages-incendies-comment-le-groupe-neonazi-the-base-frappe-kiev-dans-lombre-2","status":"publish","type":"post","link":"https:\/\/www.europesays.com\/fr\/272151\/","title":{"rendered":"Assassinats, sabotages, incendies\u2026 Comment le groupe n\u00e9onazi The Base frappe Kiev dans l\u2019ombre"},"content":{"rendered":"<p>C\u2019est une sc\u00e8ne gla\u00e7ante, captur\u00e9e par des images de vid\u00e9osurveillance. Un homme cagoul\u00e9, v\u00eatu d\u2019un tee-shirt noir et blanc, s\u2019\u00e9clipse pr\u00e9cipitamment. En plein jour et en pleine capitale ukrainienne, <a href=\"https:\/\/www.20minutes.fr\/monde\/ukraine\/4163171-20250711-guerre-ukraine-ivan-voronych-agent-services-secrets-tue-pleine-rue-kiev\" class=\"color-ultramarine c-link\" target=\"_blank\" rel=\"noopener\">il vient d\u2019abattre de sang-froid le colonel Ivan Veronych<\/a>, membre du Service de s\u00e9curit\u00e9 ukrainien (SBU). Cet assassinat, perp\u00e9tr\u00e9 le 10\u00a0juillet dernier, <a href=\"https:\/\/www.theguardian.com\/world\/2025\/jul\/16\/the-base-terrorist-group-ukraine-assassination\" rel=\"nofollow noopener\" target=\"_blank\" class=\"color-ultramarine c-link\">a \u00e9t\u00e9 revendiqu\u00e9 par The Base<\/a>, une organisation terroriste <a href=\"https:\/\/www.20minutes.fr\/dossier\/neonazi\" class=\"color-ultramarine c-link\" target=\"_blank\" rel=\"noopener\">n\u00e9onazie <\/a>fond\u00e9e en\u00a02018 aux Etats-Unis. Et elle a pr\u00e9venu sur <a href=\"https:\/\/www.20minutes.fr\/high-tech\/telegram\/\" class=\"color-ultramarine c-link\" target=\"_blank\" rel=\"noopener\">Telegram<\/a>\u00a0: ce n\u2019est \u00ab\u00a0pas la fin, mais seulement le d\u00e9but\u00a0\u00bb.<\/p>\n<p>En r\u00e9alit\u00e9, The Base propose depuis plusieurs mois de l\u2019argent \u00e0 ceux qui accepteront de perp\u00e9trer des assassinats cibl\u00e9s ou des sabotages en <a href=\"https:\/\/www.20minutes.fr\/monde\/ukraine\/\" class=\"color-ultramarine c-link\" target=\"_blank\" rel=\"noopener\">Ukraine<\/a>. \u00ab\u00a0Le groupe a affirm\u00e9 \u00e0 plusieurs reprises n\u2019avoir aucun lien avec la Russie. Toutefois, il s\u2019appuie \u00e9galement fortement sur des plateformes russes comme VK, Mail.ru et RuTube et semble utiliser des milliers de bots pour accro\u00eetre sa port\u00e9e sur les r\u00e9seaux sociaux. Une m\u00e9thode typique des op\u00e9rations d\u2019influence soutenues par l\u2019\u00c9tat russe\u00a0\u00bb, d\u00e9crypte Steven Rai, sp\u00e9cialiste de l\u2019extr\u00e9misme politique \u00e0 l\u2019Institut du Dialogue Strat\u00e9gique (ISD).<\/p>\n<p>Une hydre n\u00e9onazie sous passeport russe<\/p>\n<p>\u00ab\u00a0En apparence, The Base affirme agir uniquement dans l\u2019int\u00e9r\u00eat de la race blanche et non de la Russie. Mais le r\u00e9gime autoritaire russe consid\u00e8re la d\u00e9mocratie lib\u00e9rale comme un ennemi majeur \u00e0 l\u2019\u00e9chelle mondiale et a \u00e9labor\u00e9 une strat\u00e9gie de guerre hybride pour la contrer, int\u00e9grant contre-espionnage, sabotage et assassinats\u00a0\u00bb, abonde Alexander Reid Ross, sp\u00e9cialiste de l\u2019extr\u00eame droite et des r\u00e9seaux n\u00e9onazis, auteur de Against the Fascist Creep. Quitte, peut-\u00eatre, \u00e0 s\u2019appuyer sur des groupuscules tels que The Base.<\/p>\n<p>Une myriade d\u2019anciens membres affirment d\u2019ailleurs sur les r\u00e9seaux sociaux que le fondateur de The Base, Rinaldo Nazzaro, est \u00ab\u00a0un agent russe\u00a0\u00bb ou, a minima, \u00ab\u00a0un informateur des renseignements russe\u00a0\u00bb, souligne Bethan Johnson, experte de la violence politique et de l\u2019extr\u00eame droite. \u00ab\u00a0Depuis la fin des ann\u00e9es\u00a02010, Nazzaro dirige l\u2019organisation \u00e0 distance, depuis <a href=\"https:\/\/www.20minutes.fr\/dossier\/saint_petersbourg-1\" class=\"color-ultramarine c-link\" target=\"_blank\" rel=\"noopener\">Saint-P\u00e9tersbourg<\/a>. Le fait qu\u2019il continue \u00e0 diriger ce groupe extr\u00e9miste ayant commis des actes violents \u00e0 l\u2019\u00e9tranger sans jamais \u00eatre interrompu par les acteurs russes indique une approbation tacite, voire un soutien actif \u00e0 de tels actes\u00a0\u00bb, assure-t-elle. Le quinquag\u00e9naire, mari\u00e9 avec une Russe et p\u00e8re de deux enfants \u00e9lev\u00e9s dans ce pays, <a href=\"https:\/\/nymag.com\/intelligencer\/2020\/03\/rinaldo-nazzaro-the-base-norman-spear.html\" rel=\"nofollow noopener\" target=\"_blank\" class=\"color-ultramarine c-link\">a d\u2019ailleurs obtenu la nationalit\u00e9 russe<\/a>.<\/p>\n<p>Une soif de r\u00e9gime autoritaire et de chaos<\/p>\n<p>La pr\u00e9sence d\u2019un groupuscule n\u00e9onazi am\u00e9ricain en Ukraine peut surprendre, mais The Base a rapidement \u00e9tendu ses tentacules \u00e0 l\u2019international. Et comme nombre de groupes terroristes, les zones de conflit ont des airs de terrain de jeu id\u00e9al. \u00ab\u00a0Avant m\u00eame l\u2019invasion de\u00a02022, Nazarro d\u00e9clarait que les combats dans le Donbass constituaient une opportunit\u00e9 pour les membres de The Base d\u2019acqu\u00e9rir des comp\u00e9tences et une exp\u00e9rience de combat pouvant ensuite \u00eatre exploit\u00e9es dans leur pays d\u2019origine\u00a0\u00bb, explique Bethan Johnson. Le groupe est aussi attir\u00e9 par l\u2019id\u00e9ologie du gouvernement russe, sous l\u2019\u00e9gide de Vladimir Poutine.<\/p>\n<p>\u00ab\u00a0Les nazis et les fascistes sont naturellement attir\u00e9s par les pouvoirs autoritaires et violents\u00a0\u00bb, note Emily Roberts, qui co\u00e9crit un livre sur The Base. Et ils partagent un certain nombre de valeurs avec celles mises en avant par le <a href=\"https:\/\/www.20minutes.fr\/dossier\/kremlin\" class=\"color-ultramarine c-link\" target=\"_blank\" rel=\"noopener\">Kremlin<\/a>. \u00ab\u00a0<a href=\"https:\/\/www.20minutes.fr\/monde\/vladimir_poutine\/\" class=\"color-ultramarine c-link\" target=\"_blank\" rel=\"noopener\">Poutine <\/a>a tr\u00e8s t\u00f4t pr\u00e9sent\u00e9 son op\u00e9ration militaire sp\u00e9ciale comme une guerre contre les influences LGBT, qualifi\u00e9e de \u00ab\u00a0d\u00e9g\u00e9n\u00e9rescence\u00a0\u00bb. D\u2019apr\u00e8s une rumeur antis\u00e9mite r\u00e9pandue et crue par les membres de The Base, les juifs veulent rendre les gens homosexuels afin qu\u2019ils aient moins d\u2019enfants\u00a0\u00bb, explique-t-elle. Le fait que le pr\u00e9sident ukrainien <a href=\"https:\/\/www.20minutes.fr\/monde\/volodymyr-zelensky\/\" class=\"color-ultramarine c-link\" target=\"_blank\" rel=\"noopener\">Volodymyr Zelensky<\/a> soit juif apporte donc de la substance \u00e0 l\u2019affiliation russe de The Base. Le groupe \u00ab\u00a0per\u00e7oit le lib\u00e9ralisme comme juif et donc fondamentalement contraire au patriarcat blanc, summum de v\u00e9rit\u00e9 et de beaut\u00e9\u00a0\u00bb, r\u00e9sume Alexander Reid Ross.<\/p>\n<p>Une \u00ab\u00a0aiguille dans une botte de foin\u00a0\u00bb<\/p>\n<p>\u00ab\u00a0La menace que repr\u00e9sente The Base pour l\u2019Ukraine doit \u00eatre prise au s\u00e9rieux, pr\u00e9vient Steven Rai. Elle appelle \u00e0 des actes de sabotage et \u00e0 des assassinats cibl\u00e9s pour semer le chaos dans tout le pays. Depuis mars, elle a diffus\u00e9 des vid\u00e9os de ses agents commettant au moins dix incendies criminels en Ukraine, et elle encourage de nouvelles violences pour affaiblir le gouvernement ukrainien.\u00a0\u00bb L\u2019expert appelle toutefois \u00e0 ne pas \u00ab\u00a0surestimer\u00a0\u00bb les capacit\u00e9s de ce groupe dont la taille et les ressources sont inconnues \u00e0 ce jour.<\/p>\n<p>Malheureusement, m\u00eame si les membres du groupuscule n\u00e9onazi sont peu nombreux, ils s\u2019ajoutent au \u00ab\u00a0fardeau d\u00e9j\u00e0 lourd\u00a0\u00bb de l\u2019Ukraine, note Bethan Johnson. \u00ab\u00a0The Base compte des membres pr\u00eats \u00e0 mener des attaques violentes en solo ou en petites cellules. Or, il est exceptionnellement difficile d\u2019\u00e9radiquer ces loups solitaires ou ces petites cellules radicalis\u00e9es, c\u2019est comme essayer de trouver une aiguille dans une botte de foin.\u00a0\u00bb<\/p>\n<\/p>\n<p>Des \u00ab\u00a0franchises\u00a0\u00bb pour semer le chaos \u00e0 domicile<\/p>\n<p>Invisible et insaisissable, The Base n\u2019a pas besoin d\u2019\u00eatre colossale pour \u00eatre meurtri\u00e8re. Comme nombre de groupes terroristes, chaque cellule de The Base fonctionne \u00e0 la mani\u00e8re d\u2019une \u00ab\u00a0franchise\u00a0\u00bb, note Emily Roberts. Et les tentacules du monstre pourraient bien s\u2019enrouler autour d\u2019autres nations. \u00ab\u00a0Si un autre pays s\u2019effondre en premier, la cellule locale de The Base exploitera le vide de pouvoir et le chaos qui r\u00e8gnent.\u00a0\u00bb<\/p>\n<p><a href=\"https:\/\/www.20minutes.fr\/monde\/ukraine\/\" class=\"c-link c-btn c-btn--primary\" target=\"_blank\" rel=\"noopener\">Notre dossier sur la guerre en Ukraine<\/a><\/p>\n<p>Une perspective particuli\u00e8rement lugubre quand on sait que The Base est parvenu \u00e0 \u00ab\u00a0recruter et inspirer des individus du monde entier, pr\u00eats \u00e0 semer le chaos dans leur propre pays\u00a0\u00bb, pr\u00e9vient Steven Rai. Cantonn\u00e9 \u00e0 l\u2019origine aux <a href=\"https:\/\/www.20minutes.fr\/monde\/etats-unis\/\" class=\"color-ultramarine c-link\" target=\"_blank\" rel=\"noopener\">Etats-Unis<\/a>, The Base a essaim\u00e9 en Ukraine, mais aussi en Europe de l\u2019Ouest\u2026 Jusqu\u2019au <a href=\"https:\/\/www.20minutes.fr\/monde\/royaume-uni\/\" class=\"color-ultramarine c-link\" target=\"_blank\" rel=\"noopener\">Royaume-Uni<\/a>. En f\u00e9vrier, un adolescent de 15 ans a \u00e9t\u00e9 interpell\u00e9 outre-manche, soup\u00e7onn\u00e9 d\u2019\u00eatre membre de ce groupe terroriste. Le jeune gar\u00e7on avait achet\u00e9 des armes, dont une arbal\u00e8te, et fait des recherches sur les synagogues \u00e0 proximit\u00e9.<\/p>\n","protected":false},"excerpt":{"rendered":"C\u2019est une sc\u00e8ne gla\u00e7ante, captur\u00e9e par des images de vid\u00e9osurveillance. Un homme cagoul\u00e9, v\u00eatu d\u2019un tee-shirt noir et&hellip;\n","protected":false},"author":2,"featured_media":272152,"comment_status":"","ping_status":"","sticky":false,"template":"","format":"standard","meta":{"footnotes":""},"categories":[5],"tags":[47,11,8998,1011,27,131,14,74,41172,12,10162,132,1254,135,28],"class_list":{"0":"post-272151","1":"post","2":"type-post","3":"status-publish","4":"format-standard","5":"has-post-thumbnail","7":"category-international","8":"tag-actualite","9":"tag-actualites","10":"tag-donbass","11":"tag-fr","12":"tag-france","13":"tag-guerre-en-ukraine","14":"tag-international","15":"tag-monde","16":"tag-neonazi","17":"tag-news","18":"tag-racisme","19":"tag-russie","20":"tag-terrorisme","21":"tag-vladimir-poutine","22":"tag-world"},"share_on_mastodon":{"url":"https:\/\/pubeurope.com\/@fr\/114912433515539304","error":""},"_links":{"self":[{"href":"https:\/\/www.europesays.com\/fr\/wp-json\/wp\/v2\/posts\/272151","targetHints":{"allow":["GET"]}}],"collection":[{"href":"https:\/\/www.europesays.com\/fr\/wp-json\/wp\/v2\/posts"}],"about":[{"href":"https:\/\/www.europesays.com\/fr\/wp-json\/wp\/v2\/types\/post"}],"author":[{"embeddable":true,"href":"https:\/\/www.europesays.com\/fr\/wp-json\/wp\/v2\/users\/2"}],"replies":[{"embeddable":true,"href":"https:\/\/www.europesays.com\/fr\/wp-json\/wp\/v2\/comments?post=272151"}],"version-history":[{"count":0,"href":"https:\/\/www.europesays.com\/fr\/wp-json\/wp\/v2\/posts\/272151\/revisions"}],"wp:featuredmedia":[{"embeddable":true,"href":"https:\/\/www.europesays.com\/fr\/wp-json\/wp\/v2\/media\/272152"}],"wp:attachment":[{"href":"https:\/\/www.europesays.com\/fr\/wp-json\/wp\/v2\/media?parent=272151"}],"wp:term":[{"taxonomy":"category","embeddable":true,"href":"https:\/\/www.europesays.com\/fr\/wp-json\/wp\/v2\/categories?post=272151"},{"taxonomy":"post_tag","embeddable":true,"href":"https:\/\/www.europesays.com\/fr\/wp-json\/wp\/v2\/tags?post=272151"}],"curies":[{"name":"wp","href":"https:\/\/api.w.org\/{rel}","templated":true}]}}