{"id":272160,"date":"2025-07-25T06:28:12","date_gmt":"2025-07-25T06:28:12","guid":{"rendered":"https:\/\/www.europesays.com\/fr\/272160\/"},"modified":"2025-07-25T06:28:12","modified_gmt":"2025-07-25T06:28:12","slug":"il-avait-agresse-des-policiers-venus-le-secourir-un-toulonnais-juge-pour-agression-et-condamne-par-la-justice","status":"publish","type":"post","link":"https:\/\/www.europesays.com\/fr\/272160\/","title":{"rendered":"Il avait agress\u00e9 des policiers venus le secourir: un Toulonnais jug\u00e9 pour agression et condamn\u00e9 par la justice"},"content":{"rendered":"<p>Les faits remontent<a href=\"https:\/\/www.varmatin.com\/faits-divers\/deux-eleves-policiers-agresses-devant-une-boite-de-nuit-a-toulon-982791\" rel=\"nofollow noopener\" target=\"_blank\"><strong> \u00e0 la matin\u00e9e du 20 avril 2025 dans le centre-ville de Toulon<\/strong><\/a>. Un homme \u00e2g\u00e9 de 37 ans, assis sur une corniche au sixi\u00e8me \u00e9tage d\u2019un immeuble, mena\u00e7ait de se jeter dans le vide. Le suicidaire buvait une canette de bi\u00e8re et <strong>fumait un joint quand un p\u00e9rim\u00e8tre de s\u00e9curit\u00e9<\/strong> a \u00e9t\u00e9 \u00e9tabli au pied du b\u00e2timent pour d\u00e9tourner les passants.<\/p>\n<p>Si le trentenaire a finalement pu \u00eatre secouru, l\u2019intervention s\u2019est transform\u00e9e en sc\u00e8ne de violence contre deux policiers. L<strong>\u2019individu a \u00e9t\u00e9 condamn\u00e9 ces derniers jours \u00e0 une peine de huit mois de prison assortie d\u2019un sursis probatoire.<\/strong><\/p>\n<p>Apr\u00e8s avoir \u00e9t\u00e9 convaincu par son fr\u00e8re et des pompiers de retourner \u00e0 l\u2019int\u00e9rieur de son appartement, le Toulonnais en \u00e9tat d\u2019ivresse ne s\u2019\u00e9tait pas laiss\u00e9 appr\u00e9hender par les forces de l\u2019ordre. \u00a0\u00bb Il se trouvait debout sur une table \u00e0 proximit\u00e9 de la fen\u00eatre grande ouverte\u00a0\u00bb, a soulign\u00e9 Me Lauris Leardo, aux int\u00e9r\u00eats des policiers.<\/p>\n<p><strong>Une rupture sentimentale<\/strong><\/p>\n<p>Le trentenaire a expliqu\u00e9 qu\u2019il vivait mal une rupture sentimentale. C\u2019\u00e9tait sa troisi\u00e8me tentative de suicide, a-t-il pr\u00e9cis\u00e9 \u00e0 la barre du tribunal correctionnel devant lequel il a comparu sans avocat.<\/p>\n<p>Deux policiers ont d\u00fb faire usage d\u2019un pistolet \u00e0 impulsion \u00e9lectrique \u00e0 cinq reprises (trois \u00e0 distance, deux en mode rapproch\u00e9) pour neutraliser l\u2019individu qui leur a port\u00e9 des coups (quatre jours d\u2019incapacit\u00e9 totale de travail chacun).<\/p>\n<p>Le pr\u00e9venu \u2013 d\u00e9j\u00e0 condamn\u00e9 en 2016 pour des menaces de mort contre des personnes d\u00e9positaire de l\u2019autorit\u00e9 publique \u2013 devra indemniser les victimes \u00e0 hauteur de 850 euros. Sa p\u00e9riode de probation, fix\u00e9e \u00e0 deux ans, comprend notamment des obligations de soins psychologiques et psychiatriques.<\/p>\n","protected":false},"excerpt":{"rendered":"Les faits remontent \u00e0 la matin\u00e9e du 20 avril 2025 dans le centre-ville de Toulon. Un homme \u00e2g\u00e9&hellip;\n","protected":false},"author":2,"featured_media":272161,"comment_status":"","ping_status":"","sticky":false,"template":"","format":"standard","meta":{"footnotes":""},"categories":[9619],"tags":[1111,11,1777,674,118,1011,27,303,12,882,25,2310],"class_list":{"0":"post-272160","1":"post","2":"type-post","3":"status-publish","4":"format-standard","5":"has-post-thumbnail","7":"category-toulon","8":"tag-actu","9":"tag-actualites","10":"tag-eu","11":"tag-europe","12":"tag-faits-divers","13":"tag-fr","14":"tag-france","15":"tag-justice","16":"tag-news","17":"tag-provence-alpes-cote-dazur","18":"tag-republique-francaise","19":"tag-toulon"},"share_on_mastodon":{"url":"https:\/\/pubeurope.com\/@fr\/114912460955752608","error":""},"_links":{"self":[{"href":"https:\/\/www.europesays.com\/fr\/wp-json\/wp\/v2\/posts\/272160","targetHints":{"allow":["GET"]}}],"collection":[{"href":"https:\/\/www.europesays.com\/fr\/wp-json\/wp\/v2\/posts"}],"about":[{"href":"https:\/\/www.europesays.com\/fr\/wp-json\/wp\/v2\/types\/post"}],"author":[{"embeddable":true,"href":"https:\/\/www.europesays.com\/fr\/wp-json\/wp\/v2\/users\/2"}],"replies":[{"embeddable":true,"href":"https:\/\/www.europesays.com\/fr\/wp-json\/wp\/v2\/comments?post=272160"}],"version-history":[{"count":0,"href":"https:\/\/www.europesays.com\/fr\/wp-json\/wp\/v2\/posts\/272160\/revisions"}],"wp:featuredmedia":[{"embeddable":true,"href":"https:\/\/www.europesays.com\/fr\/wp-json\/wp\/v2\/media\/272161"}],"wp:attachment":[{"href":"https:\/\/www.europesays.com\/fr\/wp-json\/wp\/v2\/media?parent=272160"}],"wp:term":[{"taxonomy":"category","embeddable":true,"href":"https:\/\/www.europesays.com\/fr\/wp-json\/wp\/v2\/categories?post=272160"},{"taxonomy":"post_tag","embeddable":true,"href":"https:\/\/www.europesays.com\/fr\/wp-json\/wp\/v2\/tags?post=272160"}],"curies":[{"name":"wp","href":"https:\/\/api.w.org\/{rel}","templated":true}]}}