{"id":272164,"date":"2025-07-25T06:35:17","date_gmt":"2025-07-25T06:35:17","guid":{"rendered":"https:\/\/www.europesays.com\/fr\/272164\/"},"modified":"2025-07-25T06:35:17","modified_gmt":"2025-07-25T06:35:17","slug":"bilan-mitige-chez-les-petits-commercants-pas-une-annee-exceptionnelle","status":"publish","type":"post","link":"https:\/\/www.europesays.com\/fr\/272164\/","title":{"rendered":"bilan mitig\u00e9 chez les petits commer\u00e7ants, \u00ab\u00a0pas une ann\u00e9e exceptionnelle\u00a0\u00bb"},"content":{"rendered":"<p>            Par<br \/>\n        <strong><br \/>\n            <a href=\"https:\/\/actu.fr\/auteur\/lisa-rodrigues\" title=\"Consulter tous les articles de Lisa Rodrigues\" rel=\"nofollow noopener\" target=\"_blank\">Lisa Rodrigues<\/a><br \/>\n        <\/strong><\/p>\n<p>        Publi\u00e9 le<\/p>\n<p>            25 juil. 2025 \u00e0 6h16        <\/p>\n<p>Les soldes d\u2019\u00e9t\u00e9 2025 se sont cl\u00f4tur\u00e9s mardi 22\u00a0juillet. Au niveau national, cette p\u00e9riode de promotion n\u2019a pas \u00e9t\u00e9 aussi r\u00e9ussie qu\u2019esp\u00e9r\u00e9, avec des <strong>ventes \u00e0 -5\u2009% en magasin<\/strong>, selon une \u00e9tude de l\u2019Alliance du Commerce.<\/p>\n<p class=\" wall-content\">\u00c0 <a href=\"https:\/\/actu.fr\/auvergne-rhone-alpes\/grenoble_38185\" rel=\"nofollow noopener\" target=\"_blank\">Grenoble<\/a>, si l\u2019association LabelVille n\u2019a pas encore r\u00e9alis\u00e9 son traditionnel sondage de fin de soldes aupr\u00e8s de ses adh\u00e9rents, les commer\u00e7ants ind\u00e9pendants contact\u00e9s par la r\u00e9daction dressent un <strong>bilan mitig\u00e9<\/strong>.<\/p>\n<p class=\" wall-content\">\u00ab\u2009\u00c7a ne marche plus du tout, souffle cette responsable d\u2019un magasin de d\u00e9coration et d\u2019ameublement. Les gens ont d\u00e9j\u00e0 tellement de ventes priv\u00e9es et d\u2019offres pendant le <a href=\"https:\/\/actu.fr\/economie\/black-friday-la-quete-des-bonnes-affaires-commence-ce-vendredi-dans-certains-commerces_55285587.html\" rel=\"nofollow noopener\" target=\"_blank\">Black Friday<\/a>\u2009!\u2009\u00bb<\/p>\n<p>\u00ab\u2009Je n\u2019ai jamais vu \u00e7a en 20\u00a0ans\u2009!\u2009\u00bb<\/p>\n<p class=\" wall-content\">M\u00eame son de cloche pour cette enseigne multimarques du centre de Grenoble. \u00ab\u2009Le d\u00e9part a \u00e9t\u00e9 tr\u00e8s bien, mais il y a eu une chute assez rapide. Les soldes d\u2019\u00e9t\u00e9, <strong>c\u2019est trop t\u00f4t pour les ind\u00e9pendants<\/strong>. On vient \u00e0 peine de terminer les soldes d\u2019hiver\u2009!\u2009\u00bb \u00ab\u2009Les soldes se sont faits, mes clients \u00e9taient au rendez-vous, mais \u00e7a ne sera pas une ann\u00e9e exceptionnelle\u2009\u00bb, temp\u00e8re cette autre commer\u00e7ante.<\/p>\n<p class=\" wall-content\">Pour cet autre magasin de v\u00eatements de l\u2019hypercentre, en revanche, le bilan est loin d\u2019\u00eatre bon.<\/p>\n<blockquote class=\"ac-article-quote wall-content\">\n<p>Cette ann\u00e9e, \u00e7a a \u00e9t\u00e9 une catastrophe. Je n&rsquo;ai jamais vu \u00e7a en 20 ans ! J&rsquo;ai une baisse de 54% d&rsquo;activit\u00e9 par rapport \u00e0 l&rsquo;ann\u00e9e derni\u00e8re.<\/p>\n<p>    <strong>Responsable d&rsquo;une boutique de v\u00eatements \u00e0 Grenoble<\/strong>\n            <\/p><\/blockquote>\n<p>La canicule de juin n\u2019a pas aid\u00e9<\/p>\n<p class=\" wall-content\">Pour lui, deux raisons principales expliquent ce mauvais r\u00e9sultat. \u00ab\u2009La conjoncture est mauvaise, les gens n\u2019ach\u00e8tent rien et restent chez eux. Et il y a aussi eu <a href=\"https:\/\/actu.fr\/auvergne-rhone-alpes\/grenoble_38185\/canicule-a-grenoble-records-de-chaleur-pour-meteo-france-c-est-loin-d-etre-fini_62821459.html\" rel=\"nofollow noopener\" target=\"_blank\">la canicule<\/a> qui est arriv\u00e9e au d\u00e9but des soldes\u2009: les gens ne sont pas sortis\u2009!\u2009\u00bb<\/p>\n<p class=\" wall-content\">\u00ab\u2009Au niveau national, le mois de juin a \u00e9t\u00e9 moins bien que l\u2019ann\u00e9e derni\u00e8re avec la canicule\u2009\u00bb, confirme la patronne d\u2019une boutique de lingerie. Elle-m\u00eame a constat\u00e9 une activit\u00e9 ralentie pendant les soldes. \u00ab\u2009Le matin, \u00e0 la fra\u00eeche, on \u00e9tait d\u00e9bord\u00e9es\u2009! M\u00eame avec la climatisation, les gens sont \u00e9cras\u00e9s par la chaleur et ne viennent pas l\u2019apr\u00e8s-midi.\u2009\u00bb<\/p>\n<p class=\" wall-content\">La canicule revient r\u00e9guli\u00e8rement dans les discussions avec les commer\u00e7ants rencontr\u00e9s, m\u00eame si d\u2019autres raisons \u00e0 l\u2019absence de clients pendant les soldes sont avanc\u00e9es.<\/p>\n<p class=\" wall-content\">\u00ab\u2009Il y a moins de passage en magasin et <strong>la ville est d\u00e9serte<\/strong> \u00e0 cause, je pense, du manque de <strong>propret\u00e9<\/strong> et de <a href=\"https:\/\/actu.fr\/societe\/insecurite-les-chiffres-bondissent-en-2024-a-grenoble-et-en-isere-ce-qu-il-faut-retenir_62204440.html\" rel=\"nofollow noopener\" target=\"_blank\">l\u2019ins\u00e9curit\u00e9<\/a> dans la ville, estime la responsable du magasin de d\u00e9coration. Ce n\u2019est pas qu\u2019une question de <a href=\"https:\/\/actu.fr\/auvergne-rhone-alpes\/grenoble_38185\/grenoble-des-parkings-vides-malgre-les-besoins-de-stationnement-il-y-a-du-potentiel_62716649.html\" rel=\"nofollow noopener\" target=\"_blank\">places de stationnement<\/a>.\u2009\u00bb<\/p>\n<p>\u00ab\u2009Venez nous voir\u2009!\u2009\u00bb<\/p>\n<p class=\" wall-content\">Sur la petite dizaine de magasins contact\u00e9s, un seul dresse un bilan positif. \u00ab\u2009J\u2019ai ouvert il y a un peu moins d\u2019un an, explique la propri\u00e9taire. Je suis assez contente car \u00e7a a fait venir plus de gens dans le magasin.\u2009\u00bb En revanche, \u00ab\u2009j\u2019ai plus vendu de produits non sold\u00e9s\u2009!\u2009\u00bb<\/p>\n<p class=\" wall-content\">Tous appellent, en revanche, \u00e0 ne pas oublier les petits commer\u00e7ants. \u00ab\u2009Il ne faut pas nous abandonner. Venez vous voir\u2009! On a le sourire et le conseil qui va bien.\u2009\u00bb<\/p>\n<p class=\" wall-content\">Suivez toute l\u2019actualit\u00e9 de vos villes et m\u00e9dias favoris en vous inscrivant \u00e0 <a href=\"https:\/\/moncompte.actu.fr\" title=\"D\u00e9couvez Mon Actu\" rel=\"nofollow noopener\" data-trk=\"{&quot;cta&quot;:{&quot;action&quot;:&quot;https:\\\/\\\/moncompte.actu.fr&quot;,&quot;category&quot;:&quot;mon compte&quot;,&quot;from&quot;:&quot;article footer&quot;,&quot;name&quot;:&quot;Mon actu&quot;,&quot;type&quot;:&quot;cta&quot;}}\" target=\"_blank\">Mon Actu<\/a>.<\/p>\n","protected":false},"excerpt":{"rendered":"Par Lisa Rodrigues Publi\u00e9 le 25 juil. 2025 \u00e0 6h16 Les soldes d\u2019\u00e9t\u00e9 2025 se sont cl\u00f4tur\u00e9s mardi&hellip;\n","protected":false},"author":2,"featured_media":104178,"comment_status":"","ping_status":"","sticky":false,"template":"","format":"standard","meta":{"footnotes":""},"categories":[9566],"tags":[1111,11,2430,215,33,1777,674,1011,27,2731,12,25,11772],"class_list":{"0":"post-272164","1":"post","2":"type-post","3":"status-publish","4":"format-standard","5":"has-post-thumbnail","7":"category-grenoble","8":"tag-actu","9":"tag-actualites","10":"tag-auvergne-rhone-alpes","11":"tag-commerce","12":"tag-economie","13":"tag-eu","14":"tag-europe","15":"tag-fr","16":"tag-france","17":"tag-grenoble","18":"tag-news","19":"tag-republique-francaise","20":"tag-soldes"},"share_on_mastodon":{"url":"https:\/\/pubeurope.com\/@fr\/114912488668290522","error":""},"_links":{"self":[{"href":"https:\/\/www.europesays.com\/fr\/wp-json\/wp\/v2\/posts\/272164","targetHints":{"allow":["GET"]}}],"collection":[{"href":"https:\/\/www.europesays.com\/fr\/wp-json\/wp\/v2\/posts"}],"about":[{"href":"https:\/\/www.europesays.com\/fr\/wp-json\/wp\/v2\/types\/post"}],"author":[{"embeddable":true,"href":"https:\/\/www.europesays.com\/fr\/wp-json\/wp\/v2\/users\/2"}],"replies":[{"embeddable":true,"href":"https:\/\/www.europesays.com\/fr\/wp-json\/wp\/v2\/comments?post=272164"}],"version-history":[{"count":0,"href":"https:\/\/www.europesays.com\/fr\/wp-json\/wp\/v2\/posts\/272164\/revisions"}],"wp:featuredmedia":[{"embeddable":true,"href":"https:\/\/www.europesays.com\/fr\/wp-json\/wp\/v2\/media\/104178"}],"wp:attachment":[{"href":"https:\/\/www.europesays.com\/fr\/wp-json\/wp\/v2\/media?parent=272164"}],"wp:term":[{"taxonomy":"category","embeddable":true,"href":"https:\/\/www.europesays.com\/fr\/wp-json\/wp\/v2\/categories?post=272164"},{"taxonomy":"post_tag","embeddable":true,"href":"https:\/\/www.europesays.com\/fr\/wp-json\/wp\/v2\/tags?post=272164"}],"curies":[{"name":"wp","href":"https:\/\/api.w.org\/{rel}","templated":true}]}}