{"id":272170,"date":"2025-07-25T06:39:10","date_gmt":"2025-07-25T06:39:10","guid":{"rendered":"https:\/\/www.europesays.com\/fr\/272170\/"},"modified":"2025-07-25T06:39:10","modified_gmt":"2025-07-25T06:39:10","slug":"schiltigheim-un-feu-de-cuisine-se-declare-dans-la-nuit-un-blesse-leger","status":"publish","type":"post","link":"https:\/\/www.europesays.com\/fr\/272170\/","title":{"rendered":"Schiltigheim. Un feu de cuisine se d\u00e9clare dans la nuit : un bless\u00e9 l\u00e9ger"},"content":{"rendered":"<p>Les sapeurs-pompiers du Bas-Rhin sont intervenus dans la nuit de jeudi \u00e0 vendredi, peu avant 2h du matin, pour un feu de cuisine au 3e \u00e9tage d&rsquo;un immeuble de la rue Jean Monnet. Leur intervention rapide a permis d&#8217;emp\u00eacher la propagation du feu \u00e0 l&rsquo;\u00e9tage sup\u00e9rieur.<\/p>\n<p>La personne r\u00e9sidant dans l&rsquo;appartement concern\u00e9 \u00e9tait sortie avant l&rsquo;arriv\u00e9e des secours. Elle a \u00e9t\u00e9 amen\u00e9e \u00e0 l&rsquo;h\u00f4pital de Hautepierre. Deux personnes \u00e0 l&rsquo;\u00e9tage du dessus ont \u00e9t\u00e9 mis en s\u00e9curit\u00e9.<\/p>\n","protected":false},"excerpt":{"rendered":"Les sapeurs-pompiers du Bas-Rhin sont intervenus dans la nuit de jeudi \u00e0 vendredi, peu avant 2h du matin,&hellip;\n","protected":false},"author":2,"featured_media":232141,"comment_status":"","ping_status":"","sticky":false,"template":"","format":"standard","meta":{"footnotes":""},"categories":[2820],"tags":[1111,11,2880,1777,674,274,107,1011,27,775,1310,12,25,5512,640],"class_list":{"0":"post-272170","1":"post","2":"type-post","3":"status-publish","4":"format-standard","5":"has-post-thumbnail","7":"category-strasbourg","8":"tag-actu","9":"tag-actualites","10":"tag-edition-strasbourg","11":"tag-eu","12":"tag-europe","13":"tag-faits-divers-justice","14":"tag-fil-info","15":"tag-fr","16":"tag-france","17":"tag-grand-est","18":"tag-incendie","19":"tag-news","20":"tag-republique-francaise","21":"tag-schiltigheim","22":"tag-strasbourg"},"share_on_mastodon":{"url":"https:\/\/pubeurope.com\/@fr\/114912504376279326","error":""},"_links":{"self":[{"href":"https:\/\/www.europesays.com\/fr\/wp-json\/wp\/v2\/posts\/272170","targetHints":{"allow":["GET"]}}],"collection":[{"href":"https:\/\/www.europesays.com\/fr\/wp-json\/wp\/v2\/posts"}],"about":[{"href":"https:\/\/www.europesays.com\/fr\/wp-json\/wp\/v2\/types\/post"}],"author":[{"embeddable":true,"href":"https:\/\/www.europesays.com\/fr\/wp-json\/wp\/v2\/users\/2"}],"replies":[{"embeddable":true,"href":"https:\/\/www.europesays.com\/fr\/wp-json\/wp\/v2\/comments?post=272170"}],"version-history":[{"count":0,"href":"https:\/\/www.europesays.com\/fr\/wp-json\/wp\/v2\/posts\/272170\/revisions"}],"wp:featuredmedia":[{"embeddable":true,"href":"https:\/\/www.europesays.com\/fr\/wp-json\/wp\/v2\/media\/232141"}],"wp:attachment":[{"href":"https:\/\/www.europesays.com\/fr\/wp-json\/wp\/v2\/media?parent=272170"}],"wp:term":[{"taxonomy":"category","embeddable":true,"href":"https:\/\/www.europesays.com\/fr\/wp-json\/wp\/v2\/categories?post=272170"},{"taxonomy":"post_tag","embeddable":true,"href":"https:\/\/www.europesays.com\/fr\/wp-json\/wp\/v2\/tags?post=272170"}],"curies":[{"name":"wp","href":"https:\/\/api.w.org\/{rel}","templated":true}]}}