{"id":272171,"date":"2025-07-25T06:40:11","date_gmt":"2025-07-25T06:40:11","guid":{"rendered":"https:\/\/www.europesays.com\/fr\/272171\/"},"modified":"2025-07-25T06:40:11","modified_gmt":"2025-07-25T06:40:11","slug":"ce-que-lon-sait-du-projet-devasion-suppose-de-trois-detenus","status":"publish","type":"post","link":"https:\/\/www.europesays.com\/fr\/272171\/","title":{"rendered":"ce que l\u2019on sait du projet d&rsquo;\u00e9vasion suppos\u00e9 de trois d\u00e9tenus"},"content":{"rendered":"<p class=\"article-p mdl\">Ils projetaient de s&rsquo;\u00e9vader de la prison de Strasbourg. Trois d\u00e9tenus, un narcotrafiquant, un leader d&rsquo;ultra-droite et un terroriste, ont \u00e9t\u00e9 plac\u00e9s en garde \u00e0 vue. Une enqu\u00eate a \u00e9t\u00e9 ouverte.<\/p>\n<p class=\"article-p mdl\">Ils sont soup\u00e7onn\u00e9s d&rsquo;avoir voulu scier les portes de leurs cellules ; des traces ont \u00e9t\u00e9 retrouv\u00e9es sur celles-ci<a class=\"link\" href=\"https:\/\/www.rtl.fr\/actu\/justice-faits-divers\/strasbourg-le-terroriste-d-arras-et-un-neonazi-soupconnes-d-un-projet-d-evasion-7900525810\" title=\"Strasbourg : le terroriste d&#039;Arras et un n\u00e9onazi soup\u00e7onn\u00e9s d&#039;un projet d&#039;\u00e9vasion\" target=\"_blank\" rel=\"nofollow noopener\">.\u00a0<\/a>Des expertises sont en cours. De m\u00eame, les perquisitions ont permis de retrouver des t\u00e9l\u00e9phones portables, mais surtout <strong>une scie \u00e0 m\u00e9taux. <\/strong>Les trois hommes sont entendus depuis hier, en garde \u00e0 vue, par les policiers de la police judiciaire de Strasbourg. Les enqu\u00eateurs sont en train de v\u00e9rifier si, oui ou non, ils ont foment\u00e9 un projet d&rsquo;\u00e9vasion.<\/p>\n<p class=\"article-p mdl\">Les trois profils sont \u00e9clectiques : Mohammed Mogouchkov est en d\u00e9tention provisoire pour l&rsquo;assassinat terroriste du\u00a0<a class=\"link\" href=\"https:\/\/www.rtl.fr\/actu\/justice-faits-divers\/document-rtl-assassinat-de-dominique-bernard-un-an-apres-le-temoignage-emouvant-d-un-surveillant-qui-a-assiste-a-la-scene-7900428360\" title=\"DOCUMENT RTL - Assassinat de Dominique Bernard : un an apr\u00e8s, le t\u00e9moignage \u00e9mouvant d&#039;un surveillant qui a assist\u00e9 \u00e0 la sc\u00e8ne\" target=\"_blank\" rel=\"nofollow noopener\">professeur Dominique Bernard<\/a>\u202f; Valentin Linder est l&rsquo;ancien leader du<strong> groupuscule d&rsquo;ultra-droite<\/strong> Bastion social ; enfin, un troisi\u00e8me d\u00e9tenu est connu pour ses liens avec le narcotrafic.<\/p>\n<p class=\"article-p mdl\">Au vu du profil de l&rsquo;un des d\u00e9tenus, <strong>le parquet national antiterroriste<\/strong> a \u00e9t\u00e9 avis\u00e9. C&rsquo;est le groupe antiterroriste de la police judiciaire de\u00a0<a class=\"link\" href=\"https:\/\/www.rtl.fr\/sujet\/strasbourg\" target=\"_blank\" rel=\"nofollow noopener\">Strasbourg\u00a0<\/a>qui est en charge de l&rsquo;enqu\u00eate.<\/p>\n<p>    La r\u00e9daction vous recommande<\/p>\n<p class=\"s-newsletter__title\">\n                L\u2019actualit\u00e9 par la r\u00e9daction de RTL dans votre bo\u00eete mail.\n            <\/p>\n<p class=\"s-newsletter__subtitle\">\n                Gr\u00e2ce \u00e0 votre compte RTL abonnez-vous \u00e0 la newsletter RTL info pour suivre toute l&rsquo;actualit\u00e9 au quotidien\n            <\/p>\n<p>\n                                    Lire la suite\n                                <\/p>\n","protected":false},"excerpt":{"rendered":"Ils projetaient de s&rsquo;\u00e9vader de la prison de Strasbourg. Trois d\u00e9tenus, un narcotrafiquant, un leader d&rsquo;ultra-droite et un&hellip;\n","protected":false},"author":2,"featured_media":272172,"comment_status":"","ping_status":"","sticky":false,"template":"","format":"standard","meta":{"footnotes":""},"categories":[2820],"tags":[1111,11,1777,674,3727,107,1011,27,775,41068,12,4293,899,25,640,1254],"class_list":{"0":"post-272171","1":"post","2":"type-post","3":"status-publish","4":"format-standard","5":"has-post-thumbnail","7":"category-strasbourg","8":"tag-actu","9":"tag-actualites","10":"tag-eu","11":"tag-europe","12":"tag-evasion","13":"tag-fil-info","14":"tag-fr","15":"tag-france","16":"tag-grand-est","17":"tag-neo-nazi","18":"tag-news","19":"tag-prisonnier","20":"tag-prisons","21":"tag-republique-francaise","22":"tag-strasbourg","23":"tag-terrorisme"},"share_on_mastodon":{"url":"https:\/\/pubeurope.com\/@fr\/114912508213671364","error":""},"_links":{"self":[{"href":"https:\/\/www.europesays.com\/fr\/wp-json\/wp\/v2\/posts\/272171","targetHints":{"allow":["GET"]}}],"collection":[{"href":"https:\/\/www.europesays.com\/fr\/wp-json\/wp\/v2\/posts"}],"about":[{"href":"https:\/\/www.europesays.com\/fr\/wp-json\/wp\/v2\/types\/post"}],"author":[{"embeddable":true,"href":"https:\/\/www.europesays.com\/fr\/wp-json\/wp\/v2\/users\/2"}],"replies":[{"embeddable":true,"href":"https:\/\/www.europesays.com\/fr\/wp-json\/wp\/v2\/comments?post=272171"}],"version-history":[{"count":0,"href":"https:\/\/www.europesays.com\/fr\/wp-json\/wp\/v2\/posts\/272171\/revisions"}],"wp:featuredmedia":[{"embeddable":true,"href":"https:\/\/www.europesays.com\/fr\/wp-json\/wp\/v2\/media\/272172"}],"wp:attachment":[{"href":"https:\/\/www.europesays.com\/fr\/wp-json\/wp\/v2\/media?parent=272171"}],"wp:term":[{"taxonomy":"category","embeddable":true,"href":"https:\/\/www.europesays.com\/fr\/wp-json\/wp\/v2\/categories?post=272171"},{"taxonomy":"post_tag","embeddable":true,"href":"https:\/\/www.europesays.com\/fr\/wp-json\/wp\/v2\/tags?post=272171"}],"curies":[{"name":"wp","href":"https:\/\/api.w.org\/{rel}","templated":true}]}}