{"id":272173,"date":"2025-07-25T06:41:10","date_gmt":"2025-07-25T06:41:10","guid":{"rendered":"https:\/\/www.europesays.com\/fr\/272173\/"},"modified":"2025-07-25T06:41:10","modified_gmt":"2025-07-25T06:41:10","slug":"ligne-1-du-tramway-a-nice-vers-la-fin-des-rames-bondees","status":"publish","type":"post","link":"https:\/\/www.europesays.com\/fr\/272173\/","title":{"rendered":"Ligne 1 du tramway \u00e0 Nice: vers la fin des rames bond\u00e9es?"},"content":{"rendered":"<p>La ligne 1 du tramway, (Henri-Sappia &#8211; H\u00f4pital Pasteur) compte 28 rames: 13 courtes, et 15 longues, ce qui peut poser quelques probl\u00e8mes en p\u00e9riode de forte affluence, ou de forte chaleur \u2013 <a href=\"https:\/\/www.nicematin.com\/transports\/pourquoi-ny-a-t-il-pas-de-climatisation-dans-la-ligne-1-du-tramway-de-nice-864628\" rel=\"nofollow noopener\" target=\"_blank\">la climatisation vieillotte de la ligne 1, bien moins performante que sur la ligne 2<\/a>, n\u2019arrange rien \u2013.<\/p>\n<p>Si le syst\u00e8me de climatisation restera le m\u00eame, il y aura bient\u00f4t plus d\u2019espace pour les usagers, et donc peut-\u00eatre un peu plus d\u2019air&#8230; Les 13 rames courtes vont \u00eatre rallong\u00e9es progressivement jusqu\u2019\u00e0 d\u00e9but 2026, a annonc\u00e9, mercredi, Ga\u00ebl Nofri, adjoint au maire de Nice en charge des Transports, et pr\u00e9sident de la R\u00e9gie Ligne d\u2019Azur.<\/p>\n<p>\u00ab\u00a0La premi\u00e8re extension arrive dans la nuit du lundi 28 au mardi 29 juillet, il y a ensuite un mois d\u2019assemblage et de test. Et, elle sera mise en service le 29 ao\u00fbt, pr\u00e9cise l\u2019\u00e9lu. Ensuite, il y aura un rythme assez rapide, tous les 15 jours, et d\u2019ici la fin de l\u2019ann\u00e9e ou le d\u00e9but de l\u2019ann\u00e9e prochaine, il n\u2019y aura plus de rames courtes.\u00a0\u00bb<\/p>\n<p>\u00ab\u00a012% de capacit\u00e9 en plus\u00a0\u00bb<\/p>\n<p>La capacit\u00e9 des rames passe de 200 \u00e0 300 personnes (44m\u00e8tres contre 33m\u00e8tres de longueur actuellement). \u00ab\u00a0En tout, sur le r\u00e9seau, \u00e7a nous donnera 12% de capacit\u00e9 en plus\u00a0\u00bb, ajoute Ga\u00ebl Nofri.<\/p>\n<p>Le projet de rallonger les rames courtes date de 2019. Mais entre-temps, il y a eu la crise du Covid, ce qui avait tout retard\u00e9. \u00ab\u00a0Nous avions alors r\u00e9orient\u00e9 nos budgets vers la sant\u00e9 pour acheter des vaccins, des masques, des combinaisons\u00a0\u00bb, avait d\u00e9j\u00e0 expliqu\u00e9 le maire de Nice et pr\u00e9sident de la M\u00e9tropole, Christian Estrosi, dans nos colonnes le 9 janvier.<\/p>\n","protected":false},"excerpt":{"rendered":"La ligne 1 du tramway, (Henri-Sappia &#8211; H\u00f4pital Pasteur) compte 28 rames: 13 courtes, et 15 longues, ce&hellip;\n","protected":false},"author":2,"featured_media":272174,"comment_status":"","ping_status":"","sticky":false,"template":"","format":"standard","meta":{"footnotes":""},"categories":[2819],"tags":[1111,11,1777,674,1011,27,12,2401,882,25,800],"class_list":{"0":"post-272173","1":"post","2":"type-post","3":"status-publish","4":"format-standard","5":"has-post-thumbnail","7":"category-nice","8":"tag-actu","9":"tag-actualites","10":"tag-eu","11":"tag-europe","12":"tag-fr","13":"tag-france","14":"tag-news","15":"tag-nice","16":"tag-provence-alpes-cote-dazur","17":"tag-republique-francaise","18":"tag-transports"},"share_on_mastodon":{"url":"https:\/\/pubeurope.com\/@fr\/114912512161702298","error":""},"_links":{"self":[{"href":"https:\/\/www.europesays.com\/fr\/wp-json\/wp\/v2\/posts\/272173","targetHints":{"allow":["GET"]}}],"collection":[{"href":"https:\/\/www.europesays.com\/fr\/wp-json\/wp\/v2\/posts"}],"about":[{"href":"https:\/\/www.europesays.com\/fr\/wp-json\/wp\/v2\/types\/post"}],"author":[{"embeddable":true,"href":"https:\/\/www.europesays.com\/fr\/wp-json\/wp\/v2\/users\/2"}],"replies":[{"embeddable":true,"href":"https:\/\/www.europesays.com\/fr\/wp-json\/wp\/v2\/comments?post=272173"}],"version-history":[{"count":0,"href":"https:\/\/www.europesays.com\/fr\/wp-json\/wp\/v2\/posts\/272173\/revisions"}],"wp:featuredmedia":[{"embeddable":true,"href":"https:\/\/www.europesays.com\/fr\/wp-json\/wp\/v2\/media\/272174"}],"wp:attachment":[{"href":"https:\/\/www.europesays.com\/fr\/wp-json\/wp\/v2\/media?parent=272173"}],"wp:term":[{"taxonomy":"category","embeddable":true,"href":"https:\/\/www.europesays.com\/fr\/wp-json\/wp\/v2\/categories?post=272173"},{"taxonomy":"post_tag","embeddable":true,"href":"https:\/\/www.europesays.com\/fr\/wp-json\/wp\/v2\/tags?post=272173"}],"curies":[{"name":"wp","href":"https:\/\/api.w.org\/{rel}","templated":true}]}}