{"id":272177,"date":"2025-07-25T06:43:29","date_gmt":"2025-07-25T06:43:29","guid":{"rendered":"https:\/\/www.europesays.com\/fr\/272177\/"},"modified":"2025-07-25T06:43:29","modified_gmt":"2025-07-25T06:43:29","slug":"le-groupe-nantais-dinterim-synergie-en-croissance","status":"publish","type":"post","link":"https:\/\/www.europesays.com\/fr\/272177\/","title":{"rendered":"Le groupe nantais d\u2019int\u00e9rim Synergie en croissance"},"content":{"rendered":"<p><a href=\"https:\/\/www.synergie.fr\/\" target=\"_blank\" rel=\"noopener\">L\u2019entreprise d\u2019int\u00e9rim nantaise Synergie<\/a>, annonce un chiffre d\u2019affaires au premier trimestre 2025 de 1\u00a0582,8\u00a0millions d\u2019euros, en croissance de 1,8\u00a0% par rapport \u00e0 2024. <strong> Cette performance est port\u00e9e par l\u2019int\u00e9gration r\u00e9ussie des activit\u00e9s\u00a0australiennes<\/strong>, fait savoir Synergie, g\u00e9n\u00e9rant un effet p\u00e9rim\u00e8tre de 26,2 M\u20ac\u00a0. L\u2019international repr\u00e9sente\u00a060,4\u00a0% du chiffre d\u2019affaires du premier semestre, contre 59,2\u00a0% en 2024.<\/p>\n<p>Recul en France<\/p>\n<p>En France, le chiffre d\u2019affaires semestriel s\u2019\u00e9tablit \u00e0 626,1M\u20ac, en recul de 1,4\u00a0% par\u00a0rapport au premier semestre 2024. \u00a0Cette \u00e9volution refl\u00e8te l\u2019impact d\u2019une conjoncture \u00e9conomique\u00a0et politique toujours instable.\u00a0<\/p>\n<p>Synergie, fort de 5\u00a0600\u00a0salari\u00e9s et de 800\u00a0agences, est pr\u00e9sent dans 17\u00a0pays.<\/p>\n<p>\u00a0<\/p>\n","protected":false},"excerpt":{"rendered":"L\u2019entreprise d\u2019int\u00e9rim nantaise Synergie, annonce un chiffre d\u2019affaires au premier trimestre 2025 de 1\u00a0582,8\u00a0millions d\u2019euros, en croissance de&hellip;\n","protected":false},"author":2,"featured_media":272178,"comment_status":"","ping_status":"","sticky":false,"template":"","format":"standard","meta":{"footnotes":""},"categories":[2818],"tags":[1111,11,913,1777,674,1011,27,2705,23229,4715,766,12,2636,25,21063],"class_list":{"0":"post-272177","1":"post","2":"type-post","3":"status-publish","4":"format-standard","5":"has-post-thumbnail","7":"category-nantes","8":"tag-actu","9":"tag-actualites","10":"tag-croissance","11":"tag-eu","12":"tag-europe","13":"tag-fr","14":"tag-france","15":"tag-groupe","16":"tag-interim","17":"tag-nantais","18":"tag-nantes","19":"tag-news","20":"tag-pays-de-la-loire","21":"tag-republique-francaise","22":"tag-synergie"},"share_on_mastodon":{"url":"https:\/\/pubeurope.com\/@fr\/114912519992087119","error":""},"_links":{"self":[{"href":"https:\/\/www.europesays.com\/fr\/wp-json\/wp\/v2\/posts\/272177","targetHints":{"allow":["GET"]}}],"collection":[{"href":"https:\/\/www.europesays.com\/fr\/wp-json\/wp\/v2\/posts"}],"about":[{"href":"https:\/\/www.europesays.com\/fr\/wp-json\/wp\/v2\/types\/post"}],"author":[{"embeddable":true,"href":"https:\/\/www.europesays.com\/fr\/wp-json\/wp\/v2\/users\/2"}],"replies":[{"embeddable":true,"href":"https:\/\/www.europesays.com\/fr\/wp-json\/wp\/v2\/comments?post=272177"}],"version-history":[{"count":0,"href":"https:\/\/www.europesays.com\/fr\/wp-json\/wp\/v2\/posts\/272177\/revisions"}],"wp:featuredmedia":[{"embeddable":true,"href":"https:\/\/www.europesays.com\/fr\/wp-json\/wp\/v2\/media\/272178"}],"wp:attachment":[{"href":"https:\/\/www.europesays.com\/fr\/wp-json\/wp\/v2\/media?parent=272177"}],"wp:term":[{"taxonomy":"category","embeddable":true,"href":"https:\/\/www.europesays.com\/fr\/wp-json\/wp\/v2\/categories?post=272177"},{"taxonomy":"post_tag","embeddable":true,"href":"https:\/\/www.europesays.com\/fr\/wp-json\/wp\/v2\/tags?post=272177"}],"curies":[{"name":"wp","href":"https:\/\/api.w.org\/{rel}","templated":true}]}}