{"id":272189,"date":"2025-07-25T06:50:11","date_gmt":"2025-07-25T06:50:11","guid":{"rendered":"https:\/\/www.europesays.com\/fr\/272189\/"},"modified":"2025-07-25T06:50:11","modified_gmt":"2025-07-25T06:50:11","slug":"la-ligne-1-du-metro-a-ete-interrompue-ce-vendredi","status":"publish","type":"post","link":"https:\/\/www.europesays.com\/fr\/272189\/","title":{"rendered":"la ligne 1 du m\u00e9tro a \u00e9t\u00e9 interrompue ce vendredi"},"content":{"rendered":"<p>            Par<br \/>\n        <strong><br \/>\n            <a href=\"https:\/\/actu.fr\/auteur\/nicolas-demollien\" title=\"Consulter tous les articles de Nicolas Demollien\" rel=\"nofollow noopener\" target=\"_blank\">Nicolas Demollien<\/a><br \/>\n        <\/strong><\/p>\n<p>        Publi\u00e9 le<\/p>\n<p>            25 juil. 2025 \u00e0 8h15<br \/>\n        ; mis \u00e0 jour le 25 juil. 2025 \u00e0 8h48    <\/p>\n<p><b>Nouvelle interruption<\/b> sur la <b>ligne 1 <\/b>du <b>m\u00e9tro<\/b> <a href=\"https:\/\/actu.fr\/tag\/ilevia\" rel=\"nofollow noopener\" target=\"_blank\">Il\u00e9via<\/a> dans la m\u00e9tropole de <a href=\"https:\/\/actu.fr\/hauts-de-france\/lille_59350\" rel=\"nofollow noopener\" target=\"_blank\">Lille<\/a> (Nord) ce vendredi 25 juillet 2025. A partir de 8h, le <b>trafic a \u00e9t\u00e9 en partie arr\u00eat\u00e9<\/b>.<\/p>\n<p>La ligne 1 du m\u00e9tro interrompue dans la m\u00e9tropole de Lille<\/p>\n<p class=\" wall-content\">Apr\u00e8s plusieurs jours \u00ab\u00a0d\u2019accalmie\u00a0\u00bb, c\u2019est donc le retour des difficult\u00e9s pour de nombreux usagers. Notons que le trafic n\u2019a pas \u00e9t\u00e9 totalement bloqu\u00e9, le m\u00e9tro ne fonctionnait pas uniquement <b>entre les stations Fives et 4 cantons Stade Pierre Mauroy<\/b>.<\/p>\n<p class=\" wall-content\">La reprise \u00e9tait d\u2019abord estim\u00e9e aux environs de 8h30, soit une interruption de 30 minutes. Puis elle a \u00e9t\u00e9 prolong\u00e9e jusqu\u2019\u00e0 8h55. C\u2019est un d\u00e9faut sur le nouveau pilote automatique qui a entra\u00een\u00e9 cette interruption.<\/p>\n<p class=\" wall-content\">\n<p class=\" wall-content\">Finalement, le trafic a pu reprendre normalement \u00e0 partir de 8h45.<\/p>\n<p class=\" wall-content\">Suivez toute l\u2019actualit\u00e9 de vos villes et m\u00e9dias favoris en vous inscrivant \u00e0 <a href=\"https:\/\/moncompte.actu.fr\" title=\"D\u00e9couvez Mon Actu\" rel=\"nofollow noopener\" data-trk=\"{&quot;cta&quot;:{&quot;action&quot;:&quot;https:\\\/\\\/moncompte.actu.fr&quot;,&quot;category&quot;:&quot;mon compte&quot;,&quot;from&quot;:&quot;article footer&quot;,&quot;name&quot;:&quot;Mon actu&quot;,&quot;type&quot;:&quot;cta&quot;}}\" target=\"_blank\">Mon Actu<\/a>.<\/p>\n","protected":false},"excerpt":{"rendered":"Par Nicolas Demollien Publi\u00e9 le 25 juil. 2025 \u00e0 8h15 ; mis \u00e0 jour le 25 juil. 2025&hellip;\n","protected":false},"author":2,"featured_media":272190,"comment_status":"","ping_status":"","sticky":false,"template":"","format":"standard","meta":{"footnotes":""},"categories":[2815],"tags":[1111,11,1777,674,1011,27,811,4288,1307,12,25,104,2803],"class_list":{"0":"post-272189","1":"post","2":"type-post","3":"status-publish","4":"format-standard","5":"has-post-thumbnail","7":"category-lille","8":"tag-actu","9":"tag-actualites","10":"tag-eu","11":"tag-europe","12":"tag-fr","13":"tag-france","14":"tag-hauts-de-france","15":"tag-ilevia","16":"tag-lille","17":"tag-news","18":"tag-republique-francaise","19":"tag-societe","20":"tag-transport"},"share_on_mastodon":{"url":"https:\/\/pubeurope.com\/@fr\/114912547505718734","error":""},"_links":{"self":[{"href":"https:\/\/www.europesays.com\/fr\/wp-json\/wp\/v2\/posts\/272189","targetHints":{"allow":["GET"]}}],"collection":[{"href":"https:\/\/www.europesays.com\/fr\/wp-json\/wp\/v2\/posts"}],"about":[{"href":"https:\/\/www.europesays.com\/fr\/wp-json\/wp\/v2\/types\/post"}],"author":[{"embeddable":true,"href":"https:\/\/www.europesays.com\/fr\/wp-json\/wp\/v2\/users\/2"}],"replies":[{"embeddable":true,"href":"https:\/\/www.europesays.com\/fr\/wp-json\/wp\/v2\/comments?post=272189"}],"version-history":[{"count":0,"href":"https:\/\/www.europesays.com\/fr\/wp-json\/wp\/v2\/posts\/272189\/revisions"}],"wp:featuredmedia":[{"embeddable":true,"href":"https:\/\/www.europesays.com\/fr\/wp-json\/wp\/v2\/media\/272190"}],"wp:attachment":[{"href":"https:\/\/www.europesays.com\/fr\/wp-json\/wp\/v2\/media?parent=272189"}],"wp:term":[{"taxonomy":"category","embeddable":true,"href":"https:\/\/www.europesays.com\/fr\/wp-json\/wp\/v2\/categories?post=272189"},{"taxonomy":"post_tag","embeddable":true,"href":"https:\/\/www.europesays.com\/fr\/wp-json\/wp\/v2\/tags?post=272189"}],"curies":[{"name":"wp","href":"https:\/\/api.w.org\/{rel}","templated":true}]}}