{"id":272193,"date":"2025-07-25T06:52:12","date_gmt":"2025-07-25T06:52:12","guid":{"rendered":"https:\/\/www.europesays.com\/fr\/272193\/"},"modified":"2025-07-25T06:52:12","modified_gmt":"2025-07-25T06:52:12","slug":"le-corps-dun-homme-decouvert-dans-un-parking-souterrain-de-marseille","status":"publish","type":"post","link":"https:\/\/www.europesays.com\/fr\/272193\/","title":{"rendered":"Le corps d&rsquo;un homme d\u00e9couvert dans un parking souterrain de Marseille"},"content":{"rendered":"<p>Le parking se situe dans la cit\u00e9 Air Bel (13011).<\/p>\n<p>Le corps d&rsquo;un homme \u00e2g\u00e9 d&rsquo;une quarantaine d&rsquo;ann\u00e9es a \u00e9t\u00e9 d\u00e9couvert jeudi en d\u00e9but d&rsquo;apr\u00e8s-midi dans un parking souterrain \u00e0 Marseille, a indiqu\u00e9 le parquet \u00e0 l&rsquo;AFP, confirmant une information de La Provence.<\/p>\n<p>Le cadavre a \u00e9t\u00e9 retrouv\u00e9 dans un parking souterrain de la cit\u00e9 Air Bel, situ\u00e9e \u00e0 l&rsquo;est de Marseille, dans le 11e arrondissement.<\/p>\n<p>Cet homme \u00e9tait \u00ab\u00a0anciennement connu pour des faits de braquage\u00a0\u00bb, a pr\u00e9cis\u00e9 le parquet de Marseille, ajoutant qu&rsquo;une enqu\u00eate pour assassinat, confi\u00e9e \u00e0 la Division de la criminalit\u00e9 organis\u00e9e et sp\u00e9cialis\u00e9e de la police judiciaire, \u00e9tait ouverte.<\/p>\n<p>Une autopsie doit avoir lieu afin de d\u00e9terminer les circonstances du d\u00e9c\u00e8s de la victime, rien n&rsquo;indiquant \u00e0 ce stade qu&rsquo;une arme \u00e0 feu ait \u00e9t\u00e9 utilis\u00e9e, selon le parquet.<\/p>\n<p>\u00a9 Agence France-Presse<\/p>\n","protected":false},"excerpt":{"rendered":"Le parking se situe dans la cit\u00e9 Air Bel (13011). Le corps d&rsquo;un homme \u00e2g\u00e9 d&rsquo;une quarantaine d&rsquo;ann\u00e9es&hellip;\n","protected":false},"author":2,"featured_media":133708,"comment_status":"","ping_status":"","sticky":false,"template":"","format":"standard","meta":{"footnotes":""},"categories":[2814],"tags":[1111,11,41176,1777,674,1011,27,884,12,16025,41175,1072,882,25],"class_list":{"0":"post-272193","1":"post","2":"type-post","3":"status-publish","4":"format-standard","5":"has-post-thumbnail","7":"category-marseille","8":"tag-actu","9":"tag-actualites","10":"tag-air-bel","11":"tag-eu","12":"tag-europe","13":"tag-fr","14":"tag-france","15":"tag-marseille","16":"tag-news","17":"tag-parking","18":"tag-parking-souterrain","19":"tag-police","20":"tag-provence-alpes-cote-dazur","21":"tag-republique-francaise"},"share_on_mastodon":{"url":"https:\/\/pubeurope.com\/@fr\/114912555355218345","error":""},"_links":{"self":[{"href":"https:\/\/www.europesays.com\/fr\/wp-json\/wp\/v2\/posts\/272193","targetHints":{"allow":["GET"]}}],"collection":[{"href":"https:\/\/www.europesays.com\/fr\/wp-json\/wp\/v2\/posts"}],"about":[{"href":"https:\/\/www.europesays.com\/fr\/wp-json\/wp\/v2\/types\/post"}],"author":[{"embeddable":true,"href":"https:\/\/www.europesays.com\/fr\/wp-json\/wp\/v2\/users\/2"}],"replies":[{"embeddable":true,"href":"https:\/\/www.europesays.com\/fr\/wp-json\/wp\/v2\/comments?post=272193"}],"version-history":[{"count":0,"href":"https:\/\/www.europesays.com\/fr\/wp-json\/wp\/v2\/posts\/272193\/revisions"}],"wp:featuredmedia":[{"embeddable":true,"href":"https:\/\/www.europesays.com\/fr\/wp-json\/wp\/v2\/media\/133708"}],"wp:attachment":[{"href":"https:\/\/www.europesays.com\/fr\/wp-json\/wp\/v2\/media?parent=272193"}],"wp:term":[{"taxonomy":"category","embeddable":true,"href":"https:\/\/www.europesays.com\/fr\/wp-json\/wp\/v2\/categories?post=272193"},{"taxonomy":"post_tag","embeddable":true,"href":"https:\/\/www.europesays.com\/fr\/wp-json\/wp\/v2\/tags?post=272193"}],"curies":[{"name":"wp","href":"https:\/\/api.w.org\/{rel}","templated":true}]}}