{"id":272197,"date":"2025-07-25T06:57:10","date_gmt":"2025-07-25T06:57:10","guid":{"rendered":"https:\/\/www.europesays.com\/fr\/272197\/"},"modified":"2025-07-25T06:57:10","modified_gmt":"2025-07-25T06:57:10","slug":"eure-pourquoi-le-maire-de-cette-commune-est-nomme-chevalier-de-la-legion-dhonneur","status":"publish","type":"post","link":"https:\/\/www.europesays.com\/fr\/272197\/","title":{"rendered":"Eure. Pourquoi le maire de cette commune est nomm\u00e9 chevalier de la L\u00e9gion d&rsquo;honneur"},"content":{"rendered":"<p>            Par<br \/>\n        <strong><br \/>\n            <a href=\"https:\/\/actu.fr\/auteur\/paul-germain\" title=\"Consulter tous les articles de Paul Germain\" target=\"_blank\" rel=\"noopener\">Paul Germain<\/a><br \/>\n        <\/strong><\/p>\n<p>        Publi\u00e9 le<\/p>\n<p>            25 juil. 2025 \u00e0 7h00        <\/p>\n<p>Guy Paris, maire de <a href=\"https:\/\/actu.fr\/normandie\/thiberville_27629\" target=\"_blank\" rel=\"noopener\">Thiberville<\/a>, verra son mandat se terminer dans moins d\u2019un an. Sera-t-il encore une fois de la partie ? C\u2019est une question qui va se poser en vue des <b>\u00e9lections municipales en 2026<\/b>, mais qui, pour les prochains mois, risque d\u2019\u00eatre relativis\u00e9e par la r\u00e9cente nomination de l\u2019\u00e9dile au<b> grade de chevalier dans l\u2019ordre de la L\u00e9gion d\u2019honneur<\/b>.<\/p>\n<p>Une vie au service des autres<\/p>\n<p class=\" wall-content\"><b>M\u00e9decin <\/b>depuis 1978 \u00e0 Thiberville, il est toujours en fonction, au-del\u00e0 de l\u2019\u00e2ge de la retraite, compte tenu de la pauvret\u00e9 du d\u00e9partement de l\u2019Eure en termes de personnel m\u00e9dical. Depuis <b>30 ans,<\/b> il assure les fonctions de <b>maire<\/b> de la commune et a \u00e9t\u00e9<b> m\u00e9decin sapeur-pompier volontaire<\/b>, son d\u00e9vouement pour les autres est reconnu de nombreux Thibervillais.<\/p>\n<p class=\" wall-content\">Son nom (il est le seul dans le d\u00e9partement de l\u2019Eure \u00e0 avoir \u00e9t\u00e9 nomm\u00e9) est donc tout naturellement apparu dans le <b>Journal Officiel du 11 juillet 2025<\/b>.\u00a0<\/p>\n<p class=\" wall-content\">Interrog\u00e9 par nos soins, l\u2019\u00e9dile s\u2019est dit \u00ab tr\u00e8s touch\u00e9 par cette nomination, avec beaucoup d\u2019\u00e9motions et de fiert\u00e9s \u00bb.\u00a0Il n\u2019a pas souhait\u00e9 faire davantage de commentaires.\u00a0<\/p>\n<p>    <img   decoding=\"async\" loading=\"lazy\" class=\"size-large\" src=\"https:\/\/www.europesays.com\/fr\/wp-content\/uploads\/2025\/07\/3d99c3b60a78631a9c3b60a7805a9cv-960x640.jpg\" alt=\"Guy Paris entour\u00e9 des membres du Conseil Municipal\" width=\"960\" height=\"640\"\/><br \/>\n    Guy Paris entour\u00e9 des membres du Conseil Municipal \u00a9Paul GermainLa promotion de l\u2019initiative citoyenne<\/p>\n<p class=\" wall-content\">Guy Paris a \u00e9t\u00e9 nomm\u00e9 dans le cadre de la <b>promotion de l\u2019initiative citoyenne<\/b> cr\u00e9e en <b>2009 <\/b>par le grand chancelier et mis en \u0153uvre depuis. Promotion remise \u00e0 jour par un d\u00e9cret du <b>22 janvier 2025<\/b>.<\/p>\n<p class=\" wall-content\">L\u2019initiative citoyenne vise \u00e0 r\u00e9compenser les citoyens, <b>hors du circuit habituel<\/b> sur proposition des ministres. Mais celle-ci ne concerne pas les Fran\u00e7ais membres de l\u2019arm\u00e9e, les pompiers ou la police. Dans la promotion citoyenne, un gendarme ne peut donc \u00eatre nomm\u00e9.<\/p>\n<p class=\" wall-content\">\u00ab Cela a \u00e9t\u00e9 remis \u00e0 jour par la grande chancellerie qui s\u2019est aper\u00e7ue que les effectifs de la L\u00e9gion d\u2019honneur <b>baissaient beaucoup<\/b>, ce qui est d\u00fb aux changements de gouvernements successifs connus par la France derni\u00e8rement \u00bb, pr\u00e9cise <b>Alain le Tirant<\/b>, vice-pr\u00e9sident de la section des membres de la L\u00e9gion d\u2019honneur de l\u2019Eure, et \u00e9galement pr\u00e9sident du Comit\u00e9 de <a href=\"https:\/\/actu.fr\/normandie\/bernay_27056\" target=\"_blank\" rel=\"noopener\">Bernay <\/a>et <a href=\"https:\/\/actu.fr\/l-eveil-de-pont-audemer\" target=\"_blank\" rel=\"noopener\">Pont-Audemer<\/a>.<\/p>\n<p class=\" wall-content\">\u00ab Nous voulons mettre en valeur, honorer des personnes qui sont en dessous des radars, <b>m\u00e9connues publiquement<\/b>, mais qui ont tout de m\u00eame r\u00e9alis\u00e9 des choses exceptionnelles \u00bb, ajoute-t-il. Les personnes sont nomm\u00e9es, sans le savoir. Dans le cas contraire o\u00f9 la personne en ferait la <b>demande <\/b>elle-m\u00eame, celle-ci <b>ne pourra pas<\/b> \u00e0 l\u2019avenir \u00eatre nomm\u00e9e pour la L\u00e9gion d\u2019honneur. Le principe \u00e9tant le suivant : le citoyen est propos\u00e9, et une fois nomm\u00e9 au Journal Officiel, il doit<b> l\u2019accepter ou non.<\/b><\/p>\n<p class=\" wall-content\">Ce sont les membres de la L\u00e9gion d\u2019honneur qui s\u2019occupent d\u2019\u00e9tablir le <b>dossier<\/b>, en remplissant leur curriculum vit\u00e6, avec dipl\u00f4mes, parcours professionnel, activit\u00e9s extraprofessionnelles ou b\u00e9n\u00e9voles. La proposition doit \u00eatre sign\u00e9e par <b>50 personnes<\/b> majeures de nationalit\u00e9 fran\u00e7aise jouissant de leurs droits civiques et r\u00e9sidant dans le d\u00e9partement de la personne propos\u00e9e.<\/p>\n<p class=\" wall-content\">Une fois le dossier compl\u00e9t\u00e9, il est envoy\u00e9 au<b> Grand Chancelier et au pr\u00e9fet<\/b> du d\u00e9partement concern\u00e9, ce dernier v\u00e9rifie le dossier et les signatures pour ensuite donner un avis favorable ou non \u00e0 la proposition.<\/p>\n<p class=\" wall-content\">Avis transmis au Grand Chancelier, qui a la<b> d\u00e9cision finale<\/b> de la nomination entre les mains.<\/p>\n<p class=\" wall-content\">Suivez toute l\u2019actualit\u00e9 de vos villes et m\u00e9dias favoris en vous inscrivant \u00e0 <a href=\"https:\/\/moncompte.actu.fr\" title=\"D\u00e9couvez Mon Actu\" rel=\"nofollow noopener\" data-trk=\"{&quot;cta&quot;:{&quot;action&quot;:&quot;https:\\\/\\\/moncompte.actu.fr&quot;,&quot;category&quot;:&quot;mon compte&quot;,&quot;from&quot;:&quot;article footer&quot;,&quot;name&quot;:&quot;Mon actu&quot;,&quot;type&quot;:&quot;cta&quot;}}\" target=\"_blank\">Mon Actu<\/a>.<\/p>\n","protected":false},"excerpt":{"rendered":"Par Paul Germain Publi\u00e9 le 25 juil. 2025 \u00e0 7h00 Guy Paris, maire de Thiberville, verra son mandat&hellip;\n","protected":false},"author":2,"featured_media":272198,"comment_status":"","ping_status":"","sticky":false,"template":"","format":"standard","meta":{"footnotes":""},"categories":[1888],"tags":[1111,1928,11,1927,1813,1777,674,1011,27,2673,12,1926,626,1925,1311,25,104],"class_list":{"0":"post-272197","1":"post","2":"type-post","3":"status-publish","4":"format-standard","5":"has-post-thumbnail","7":"category-paris","8":"tag-actu","9":"tag-actu-paris","10":"tag-actualites","11":"tag-actualites-paris","12":"tag-armee","13":"tag-eu","14":"tag-europe","15":"tag-fr","16":"tag-france","17":"tag-medecins","18":"tag-news","19":"tag-news-paris","20":"tag-paris","21":"tag-paris-news","22":"tag-pompiers","23":"tag-republique-francaise","24":"tag-societe"},"share_on_mastodon":{"url":"https:\/\/pubeurope.com\/@fr\/114912575064644681","error":""},"_links":{"self":[{"href":"https:\/\/www.europesays.com\/fr\/wp-json\/wp\/v2\/posts\/272197","targetHints":{"allow":["GET"]}}],"collection":[{"href":"https:\/\/www.europesays.com\/fr\/wp-json\/wp\/v2\/posts"}],"about":[{"href":"https:\/\/www.europesays.com\/fr\/wp-json\/wp\/v2\/types\/post"}],"author":[{"embeddable":true,"href":"https:\/\/www.europesays.com\/fr\/wp-json\/wp\/v2\/users\/2"}],"replies":[{"embeddable":true,"href":"https:\/\/www.europesays.com\/fr\/wp-json\/wp\/v2\/comments?post=272197"}],"version-history":[{"count":0,"href":"https:\/\/www.europesays.com\/fr\/wp-json\/wp\/v2\/posts\/272197\/revisions"}],"wp:featuredmedia":[{"embeddable":true,"href":"https:\/\/www.europesays.com\/fr\/wp-json\/wp\/v2\/media\/272198"}],"wp:attachment":[{"href":"https:\/\/www.europesays.com\/fr\/wp-json\/wp\/v2\/media?parent=272197"}],"wp:term":[{"taxonomy":"category","embeddable":true,"href":"https:\/\/www.europesays.com\/fr\/wp-json\/wp\/v2\/categories?post=272197"},{"taxonomy":"post_tag","embeddable":true,"href":"https:\/\/www.europesays.com\/fr\/wp-json\/wp\/v2\/tags?post=272197"}],"curies":[{"name":"wp","href":"https:\/\/api.w.org\/{rel}","templated":true}]}}