{"id":272199,"date":"2025-07-25T06:58:27","date_gmt":"2025-07-25T06:58:27","guid":{"rendered":"https:\/\/www.europesays.com\/fr\/272199\/"},"modified":"2025-07-25T06:58:27","modified_gmt":"2025-07-25T06:58:27","slug":"apres-paris-et-londres-lisbonne-soutient-le-plan-marocain-pour-le-sahara-occidental","status":"publish","type":"post","link":"https:\/\/www.europesays.com\/fr\/272199\/","title":{"rendered":"Apr\u00e8s Paris et Londres, Lisbonne soutient le plan marocain pour le Sahara occidental"},"content":{"rendered":"\n<p>Avec son annonce de soutien au plan d\u2019autonomie marocain pour le Sahara occidental faite le 22\u00a0juillet, le Portugal s\u2019aligne sur la position prise par d\u2019autres pays europ\u00e9ens,<a class=\"ithalc\" data-ithal=\"lien_externe\" data-ithalc=\"[nav_article]\" target=\"_blank\" href=\"https:\/\/www.alaraby.co.uk\/politics\/%D8%A7%D9%84%D8%A8%D8%B1%D8%AA%D8%BA%D8%A7%D9%84-%D8%AA%D9%86%D8%B6%D9%85-%D8%A5%D9%84%D9%89-%D8%AF%D8%A7%D8%B9%D9%85%D9%8A-%D8%AE%D8%B7%D8%A9-%D8%A7%D9%84%D9%85%D8%BA%D8%B1%D8%A8-%D9%84%D9%84%D8%AD%D9%83%D9%85-%D8%A7%D9%84%D8%B0%D8%A7%D8%AA%D9%8A-%D9%81%D9%8A-%D8%A7%D9%84%D8%B5%D8%AD%D8%B1%D8%A7%D8%A1\" rel=\"noopener\"> rapporte le site panarabe <strong>Al-Araby Al-Jadid<\/strong><\/a><strong>.<\/strong><\/p>\n<p>\u201cLe Portugal reconna\u00eet l\u2019importance de cette question pour le Maroc, ainsi que les efforts s\u00e9rieux et cr\u00e9dibles d\u00e9ploy\u00e9s par le royaume dans le cadre des Nations unies pour parvenir \u00e0 une solution politique juste, durable et mutuellement acceptable\u201d, pr\u00e9cise un communiqu\u00e9 publi\u00e9 par le Portugal apr\u00e8s une rencontre des ministres des Affaires \u00e9trang\u00e8res marocain et portugais.<\/p>\n<p>Le plan d\u2019autonomie marocain, qui date de 2007, pr\u00e9voit un gouvernement et un Parlement autonomes pour les habitants du Sahara occidental, tandis que la diplomatie, la d\u00e9fense, la monnaie, la gendarmerie et la douane resteraient entre les mains de Rabat. Le Sahara occidental fait l\u2019objet d\u2019un conflit enkyst\u00e9 entre le Maroc, qui revendique la souverainet\u00e9 sur ce territoire depuis 1975\u00a0et le Front Polisario \u2013 soutenu par l\u2019Alg\u00e9rie \u2013 qui demande le droit \u00e0 l\u2019autod\u00e9termination pour le peuple sahraoui. Cette vaste zone d\u00e9sertique riche en phosphate est \u00e9galement entour\u00e9e d\u2019eaux poissonneuses.<\/p>\n<p> Effervescence diplomatique marocaine <\/p>\n<p>Al-Araby Al-Jadid estime que ce soutien portugais repr\u00e9sente un nouve<\/p>\n","protected":false},"excerpt":{"rendered":"Avec son annonce de soutien au plan d\u2019autonomie marocain pour le Sahara occidental faite le 22\u00a0juillet, le Portugal&hellip;\n","protected":false},"author":2,"featured_media":272200,"comment_status":"","ping_status":"","sticky":false,"template":"","format":"standard","meta":{"footnotes":""},"categories":[1888],"tags":[1111,1928,11,1927,879,1777,674,1011,27,1892,2223,12,1926,626,1925,6996,25,18547,3184],"class_list":{"0":"post-272199","1":"post","2":"type-post","3":"status-publish","4":"format-standard","5":"has-post-thumbnail","7":"category-paris","8":"tag-actu","9":"tag-actu-paris","10":"tag-actualites","11":"tag-actualites-paris","12":"tag-afrique","13":"tag-eu","14":"tag-europe","15":"tag-fr","16":"tag-france","17":"tag-gu00e9opolitique","18":"tag-maroc","19":"tag-news","20":"tag-news-paris","21":"tag-paris","22":"tag-paris-news","23":"tag-portugal","24":"tag-republique-francaise","25":"tag-ressources-naturelles","26":"tag-sahara-occidental"},"share_on_mastodon":{"url":"https:\/\/pubeurope.com\/@fr\/114912579179431257","error":""},"_links":{"self":[{"href":"https:\/\/www.europesays.com\/fr\/wp-json\/wp\/v2\/posts\/272199","targetHints":{"allow":["GET"]}}],"collection":[{"href":"https:\/\/www.europesays.com\/fr\/wp-json\/wp\/v2\/posts"}],"about":[{"href":"https:\/\/www.europesays.com\/fr\/wp-json\/wp\/v2\/types\/post"}],"author":[{"embeddable":true,"href":"https:\/\/www.europesays.com\/fr\/wp-json\/wp\/v2\/users\/2"}],"replies":[{"embeddable":true,"href":"https:\/\/www.europesays.com\/fr\/wp-json\/wp\/v2\/comments?post=272199"}],"version-history":[{"count":0,"href":"https:\/\/www.europesays.com\/fr\/wp-json\/wp\/v2\/posts\/272199\/revisions"}],"wp:featuredmedia":[{"embeddable":true,"href":"https:\/\/www.europesays.com\/fr\/wp-json\/wp\/v2\/media\/272200"}],"wp:attachment":[{"href":"https:\/\/www.europesays.com\/fr\/wp-json\/wp\/v2\/media?parent=272199"}],"wp:term":[{"taxonomy":"category","embeddable":true,"href":"https:\/\/www.europesays.com\/fr\/wp-json\/wp\/v2\/categories?post=272199"},{"taxonomy":"post_tag","embeddable":true,"href":"https:\/\/www.europesays.com\/fr\/wp-json\/wp\/v2\/tags?post=272199"}],"curies":[{"name":"wp","href":"https:\/\/api.w.org\/{rel}","templated":true}]}}