{"id":272203,"date":"2025-07-25T07:00:32","date_gmt":"2025-07-25T07:00:32","guid":{"rendered":"https:\/\/www.europesays.com\/fr\/272203\/"},"modified":"2025-07-25T07:00:32","modified_gmt":"2025-07-25T07:00:32","slug":"montmartre-un-quartier-en-surchauffe-qui-sapprete-a-accueillir-le-tour","status":"publish","type":"post","link":"https:\/\/www.europesays.com\/fr\/272203\/","title":{"rendered":"Montmartre, un quartier en surchauffe qui s\u2019appr\u00eate \u00e0 accueillir le Tour"},"content":{"rendered":"<p>Une vue imprenable et l\u2019image du Paris intimiste fantasm\u00e9e dans le monde entier. Voil\u00e0 pourquoi le quartier de Montmartre, mis en valeur r\u00e9guli\u00e8rement et all\u00e8grement, attire toujours plus de visiteurs fran\u00e7ais et \u00e9trangers. L\u2019ann\u00e9e derni\u00e8re, ils \u00e9taient 11\u00a0millions \u00e0 grimper sur la butte du 18e arrondissement de la capitale pour faire de la basilique du Sacr\u00e9-C\u0153ur le monument le plus visit\u00e9 de l\u2019Hexagone.<\/p>\n<p>Le Fabuleux Destin d\u2019Am\u00e9lie Poulain  au d\u00e9but du si\u00e8cle, la s\u00e9rie d\u2019animation Miraculous ou encore la <a href=\"https:\/\/www.ledauphine.com\/magazine-lifestyle\/2024\/09\/12\/mais-quel-budget-faudrait-il-pour-vivre-la-vie-d-emily-in-paris\" target=\"_blank\" rel=\"nofollow noopener\">mondialement c\u00e9l\u00e8bre Emily in Paris plus r\u00e9cemment<\/a>\u00a0: le moindre coup de projecteur sur le quartier ou l\u2019un de ses commerces suffit \u00e0 attirer toujours plus de curieux. Pr\u00e8s de 27\u00a0000 personnes habitent aujourd\u2019hui dans ce qui s\u2019apparente de plus en plus \u00e0 un mus\u00e9e \u00e0 ciel ouvert, lieux de passage incontournable pour les <a href=\"https:\/\/www.ledauphine.com\/culture-loisirs\/2025\/07\/06\/notre-dame-la-cathedrale-a-accueilli-plus-de-6-millions-de-visiteurs-depuis-sa-reouverture\" target=\"_blank\" rel=\"nofollow noopener\">22,6 millions de touristes \u00e9trangers venus \u00e0 Paris l\u2019ann\u00e9e derni\u00e8re<\/a>.<\/p>\n<p>\u00ab Tous les jours, toute la semaine, tout le temps\u00a0\u00bb<\/p>\n<p>Anne Renaudie y vit depuis 29 ans. Elle est aussi pr\u00e9sidente de Vivre \u00e0 Montmartre, l\u2019une des associations qui s\u2019inqui\u00e8te et hausse le ton face au surtourisme. \u00ab\u00a0Avant le Covid, le tourisme \u00e0 Montmartre c\u2019\u00e9tait plut\u00f4t le week-end. Mais depuis, c\u2019est constant\u00a0: tous les jours, toute la semaine, tout le temps\u00a0\u00bb, souffle-t-elle. \u00c0 deux pas de La Maison rose, symbole d\u2019Emily in Paris devant laquelle des dizaines de touristes se prennent en photo, des banderoles ornent les balcons. \u00ab\u00a0Montmartre menac\u00e9\u00a0! Ses habitants oubli\u00e9s\u00a0\u00bb, peut-on notamment y lire. Les r\u00e9sidents protestent notamment contre la pi\u00e9tonnisation de nouvelles rues, qui am\u00e8nera selon eux encore plus de touristes.<\/p>\n<p>Manon, 27 ans, a, elle, choisi de s\u2019installer dans le quartier il y a deux ans\u2026 et ne regrette pas. Mais en face de son appartement &#8211; 24m\u00b2 pour 820\u00a0euros mensuels -, elle n\u2019a pas de vrais voisins\u00a0: \u00ab\u00a0C\u2019est un Airbnb, et il est tout le temps plein. Le propri\u00e9taire avait carr\u00e9ment install\u00e9 sa bo\u00eete \u00e0 cl\u00e9s sur la grille devant ma fen\u00eatre.\u00a0\u00bb Une fen\u00eatre qui donne directement sur la ruelle en pav\u00e9s dans laquelle d\u00e9filent depuis peu beaucoup de side-cars, \u00ab\u00a0qui roulent comme des fous\u00a0!\u00a0\u00bb<\/p>\n<p>Propret\u00e9, difficult\u00e9s d\u2019acc\u00e8s, disparition des commerces de proximit\u00e9 au profit de magasins pour touristes\u00a0: pour l\u2019association Vivre \u00e0 Montmartre, les sujets de crispation sont nombreux. \u00ab\u00a0Et depuis mars, on est dans l\u2019apr\u00e8s-JO\u00a0: on voit maintenant des groupes de 80 personnes, on n\u2019avait jamais vu \u00e7a\u00a0\u00bb, souligne Anne Renaudie.<\/p>\n<p>  La foule et le peloton<\/p>\n<p>Le 3\u00a0ao\u00fbt 2024, le temps d\u2019une journ\u00e9e, l\u2019\u00e9ventail des nationalit\u00e9s repr\u00e9sent\u00e9es \u00e9tait toujours aussi large, mais les touristes avaient laiss\u00e9 place aux fans de cyclisme pour le <a href=\"https:\/\/www.ledauphine.com\/jeux-olympiques\/2024\/08\/03\/cyclisme-la-promenade-de-l-empereur-evenepoel-a-paris\" target=\"_blank\" rel=\"nofollow noopener\">passage de la course en ligne des Jeux olympiques<\/a>. Plus de 500\u00a0000 personnes \u00e9taient pr\u00e9sentes le long du parcours parisien. La rue Lepic s\u2019est, elle, mu\u00e9e en un v\u00e9ritable stade \u00e0 ciel ouvert, \u00e9voquant un \u00e9difiant parall\u00e8le avec un tableau de Claude Monnet de 1878, La Rue Montorgueil. L\u2019une des images des Jeux, offrant une nouvelle fois \u00e0 Montmartre une exposition mondiale.<\/p>\n<p>Un moment de ferveur qui a aussi tap\u00e9 dans l\u2019\u0153il des organisateurs du Tour de France. \u00ab Les Jeux ont rendu l\u2019impossible possible\u00a0\u00bb, souriait r\u00e9cemment Pierre-Yves Thouault, adjoint de <a href=\"https:\/\/www.ledauphine.com\/p\/christian-prudhomme\" target=\"_blank\" rel=\"nofollow noopener\">Christian Prudhomme<\/a> \u00e0 la t\u00eate de la Grande Boucle. Une id\u00e9e bien accueillie par la municipalit\u00e9, moins par la pr\u00e9fecture de police. Mais \u00ab\u00a0il y a eu une impulsion assez forte du pr\u00e9sident de la R\u00e9publique\u00a0\u00bb, a reconnu en mai le pr\u00e9fet de police de Paris, Laurent Nu\u00f1ez. Et pr\u00e8s d\u2019un an plus tard, le peloton s\u2019appr\u00eate \u00e0 nouveau \u00e0 <a href=\"https:\/\/www.ledauphine.com\/sport\/2025\/04\/06\/tour-de-france-comme-lors-des-jo-2024-la-derniere-etape-passera-par-montmartre\" target=\"_blank\" rel=\"nofollow noopener\">traverser la foule dans c\u00f4te de la Butte Montmartre<\/a>. Le tout diffus\u00e9 dans 190 pays.<\/p>\n<p>\u00ab On n\u2019a pas besoin de plus de tourisme \u00bb<\/p>\n<p>\u00ab\u00a0\u00c7a va certainement \u00eatre un tr\u00e8s beau moment sportif, il va y avoir de magnifiques images. Mais c\u2019est nous, les riverains, qui allons en payer le prix. On n\u2019a pas besoin de plus de tourisme, on est en train de mourir sous le tourisme\u00a0\u00bb, soupire Anne Renaudie. \u00ab\u00a0On est toujours tiraill\u00e9s entre deux sentiments\u00a0\u00bb, avoue Pierre Rabadan, adjoint aux sports \u00e0 la mairie de Paris, conquis par la ferveur populaire observ\u00e9e en ao\u00fbt\u00a02024. \u00ab\u00a0Nous voulons trouver cet \u00e9quilibre entre une ville dynamique et attractive et une attention majeure envers les riverains pour que leurs conditions de vie puissent s\u2019harmoniser avec cela\u00a0\u00bb, assure-t-il.<\/p>\n<p>Simple one-shot ou tradition naissante sur le Tour\u00a0? C\u2019est aussi le succ\u00e8s sportif de l\u2019\u00e9tape qui le dira. En attendant, le quartier parisien accueille des tournages de films tous les mois. Et sera \u00e0 nouveau \u00e0 l\u2019image dans la s\u00e9rie phare de TF1 \u00e0 la rentr\u00e9e, sobrement baptis\u00e9e\u00a0: Montmartre.<\/p>\n","protected":false},"excerpt":{"rendered":"Une vue imprenable et l\u2019image du Paris intimiste fantasm\u00e9e dans le monde entier. Voil\u00e0 pourquoi le quartier de&hellip;\n","protected":false},"author":2,"featured_media":272204,"comment_status":"","ping_status":"","sticky":false,"template":"","format":"standard","meta":{"footnotes":""},"categories":[1888],"tags":[11,33,1777,674,107,1011,27,329,12,626,25,210,602],"class_list":{"0":"post-272203","1":"post","2":"type-post","3":"status-publish","4":"format-standard","5":"has-post-thumbnail","7":"category-paris","8":"tag-actualites","9":"tag-economie","10":"tag-eu","11":"tag-europe","12":"tag-fil-info","13":"tag-fr","14":"tag-france","15":"tag-france-monde","16":"tag-news","17":"tag-paris","18":"tag-republique-francaise","19":"tag-tour-de-france","20":"tag-tourisme"},"share_on_mastodon":{"url":"https:\/\/pubeurope.com\/@fr\/114912586870350056","error":""},"_links":{"self":[{"href":"https:\/\/www.europesays.com\/fr\/wp-json\/wp\/v2\/posts\/272203","targetHints":{"allow":["GET"]}}],"collection":[{"href":"https:\/\/www.europesays.com\/fr\/wp-json\/wp\/v2\/posts"}],"about":[{"href":"https:\/\/www.europesays.com\/fr\/wp-json\/wp\/v2\/types\/post"}],"author":[{"embeddable":true,"href":"https:\/\/www.europesays.com\/fr\/wp-json\/wp\/v2\/users\/2"}],"replies":[{"embeddable":true,"href":"https:\/\/www.europesays.com\/fr\/wp-json\/wp\/v2\/comments?post=272203"}],"version-history":[{"count":0,"href":"https:\/\/www.europesays.com\/fr\/wp-json\/wp\/v2\/posts\/272203\/revisions"}],"wp:featuredmedia":[{"embeddable":true,"href":"https:\/\/www.europesays.com\/fr\/wp-json\/wp\/v2\/media\/272204"}],"wp:attachment":[{"href":"https:\/\/www.europesays.com\/fr\/wp-json\/wp\/v2\/media?parent=272203"}],"wp:term":[{"taxonomy":"category","embeddable":true,"href":"https:\/\/www.europesays.com\/fr\/wp-json\/wp\/v2\/categories?post=272203"},{"taxonomy":"post_tag","embeddable":true,"href":"https:\/\/www.europesays.com\/fr\/wp-json\/wp\/v2\/tags?post=272203"}],"curies":[{"name":"wp","href":"https:\/\/api.w.org\/{rel}","templated":true}]}}