{"id":272206,"date":"2025-07-25T07:02:15","date_gmt":"2025-07-25T07:02:15","guid":{"rendered":"https:\/\/www.europesays.com\/fr\/272206\/"},"modified":"2025-07-25T07:02:15","modified_gmt":"2025-07-25T07:02:15","slug":"conflits-en-ukraine-et-au-moyen-orient-asie-occidentale-2-fronts-dune-meme-guerre","status":"publish","type":"post","link":"https:\/\/www.europesays.com\/fr\/272206\/","title":{"rendered":"Conflits en Ukraine et au Moyen Orient ( Asie occidentale)\u00a0: 2 fronts d\u2019une m\u00eame guerre."},"content":{"rendered":"<p><strong>Le conflit entre la Russie et l\u2019Ukraine a certainement eu la triste cons\u00e9quence de diviser non seulement les forces progressistes, ladite gauche au sein de l\u2019empire euro-am\u00e9ricain mais aussi les forces communistes elles-m\u00eames.<\/strong><\/p>\n<p><img fetchpriority=\"high\" decoding=\"async\" width=\"1194\" height=\"1200\" src=\"https:\/\/www.europesays.com\/fr\/wp-content\/uploads\/2025\/07\/Russie-OTAN-2025-1194x1200.jpeg\" alt=\"\" class=\"wp-image-212553\" style=\"width:453px;height:auto\"  \/><\/p>\n<p>Ainsi un grand nombre de ces forces progressistes, communistes inclues a choisi de s\u2019aligner sur l\u2019Ukraine contre la Russie au nom de \u00ab\u00a0l\u2019ill\u00e9galit\u00e9\u00a0\u00bb de l\u2019invasion russe et particuli\u00e8rement contre Vladimir. Poutine, v\u00e9ritablement f\u00e9tichis\u00e9 comme l\u2019incarnation de la r\u00e9pression, de la dictature et de l\u2019autoritarisme et pour ceux communistes de rajouter que la F\u00e9d\u00e9ration de Russie reste un \u00e9tat bourgeois et imp\u00e9rialiste et m\u00eame colonialiste selon certains.\u00a0 De mouvements de la paix jusqu\u2019aux mouvances trotskistes, en passant par des groupes de gauches parlementaires, l\u2019Ukraine, victime de la Russie autoritaire et imp\u00e9rialiste doit \u00eatre d\u00e9fendue a tout prix.\u00a0<\/p>\n<p>Cette vision g\u00e9ographique r\u00e9ductionniste de la situation g\u00e9opolitique dans laquelle se d\u00e9roula ladite Op\u00e9ration Militaire Sp\u00e9ciale fut d\u00e8s le d\u00e9part analys\u00e9e d\u2019un point de vue \u00e9thique (injustice), l\u00e9gal et id\u00e9aliste la d\u00e9finissant comme une invasion et de surcroit analysant l\u2019\u00e9v\u00e8nement \u00e0 partir de la date du 24 f\u00e9vrier 2022 comme si l\u2019histoire avait commenc\u00e9 \u00e0 cette date.<\/p>\n<p><img loading=\"lazy\" decoding=\"async\" width=\"1492\" height=\"1200\" src=\"https:\/\/www.europesays.com\/fr\/wp-content\/uploads\/2025\/07\/20220207-USA-Russie-Otan-Gorbatchev-ukraine.jpeg\" alt=\"\" class=\"wp-image-53362\" style=\"width:302px;height:auto\"  \/><\/p>\n<p>Ainsi ces analyses critiques de l\u2019intervention russe en Ukraine, r\u00e9duite a un \u00e9v\u00e8nement spatial, si l\u2019on peut dire, font fi de toutes r\u00e9f\u00e9rences historiques et de la variable du temps dans la gen\u00e8se de ces \u00e9v\u00e8nements qui selon ces critiques, sont apparus ex nihilo.\u00a0 Or, les complexit\u00e9s qui amen\u00e8rent la Russie a intervenir en Ukraine sont multiples et pas des moindres\u00a0: coup d\u2019\u00e9tat europ\u00e9iste \u00e0 Kiev et essor des factions band\u00e9ristes dans les institutions ukrainiennes nationales et locales, repressions violentes de toutes oppositions a la russophobie institutionnalis\u00e9e ainsi qu\u2019au fascisme r\u00e9gnant et bombardements r\u00e9guliers des populations russophones dans la Donbass, militarisation du pays contre la Russie, expansion de l\u2019OTAN aux fronti\u00e8res russes, etc.<\/p>\n<p>Bref, que l\u2019on approuve ou non, l\u2019intervention russe ne peut \u00eatre simplement d\u00e9finie comme expansionnisme imp\u00e9rialiste ou opportunisme colonial mais un \u00e9v\u00e8nement non seulement anticip\u00e9 mais nous pourrions dire provoqu\u00e9 par les \u00c9tats Unis, le Royaume Uni, l\u2019Union Europ\u00e9enne et l\u2019OTAN qui ont tout fait pour saborder toutes tentatives de paix que ce soit entre l\u2019Ukraine et la Russie.<\/p>\n<p>Le conflit entre Isra\u00ebl et le peuple palestinien (qui ne peut \u00eatre d\u00e9crit comme guerre donn\u00e9e l\u2019asym\u00e9trie militaire entre les deux partis) fait cependant, en grande partie, l\u2019unanimit\u00e9 des forces progressistes a travers l\u2019empire euro-am\u00e9ricain\u00a0: Le peuple palestinien demeure la victime du sionisme g\u00e9nocidaire.\u00a0 \u00a0Que ce soit du point de vue politique, \u00e9thique et l\u00e9gal, les \u00e9vidences sont pr\u00e9sentes\u00a0: l\u2019occupant isra\u00e9lien est en train de perp\u00e9tuer l\u2019extermination quotidienne de tout un peuple \u00e0 Gaza et en Cisjordanie, au vu et au su du monde entier.\u00a0 Les divisions des forces progressistes identifiables par rapport au conflit en Ukraine disparaissent quant au conflit en Palestine, m\u00eame si certains progressistes persistent \u00e0 entretenir la confusion entre antisionisme et antis\u00e9mitisme.<\/p>\n<p>Qui est l\u2019agresseur, qui sont les victimes ? Quel est la ligne des agressions imp\u00e9rialistes ?<\/p>\n<p>Comment comprendre la similarit\u00e9 de ces deux conflits ou les forces progressistes ne semblent pas s\u2019accorder sur qui est la victime\u00a0?\u00a0 Si fondamentalement tout le monde s\u2019accorde sur la victime palestinienne, ce n\u2019est toujours par le cas quand il s\u2019agit d\u2019identifier la victime du conflit Russo-Ukrainien.\u00a0 Si pour certains la Russie fut provoqu\u00e9 et donc appel\u00e9e \u00e0 prot\u00e9ger les victimes russophones du gouvernement ukrainien, pour d\u2019autres l\u2019Ukraine reste la grande victime de la Russie et surtout des ambitions de V. Poutine.\u00a0 Pour d\u2019autres encore, si l\u2019imp\u00e9rialisme euro-am\u00e9ricain a provoqu\u00e9 ce conflit, la Russie capitaliste et lib\u00e9rale de V. Poutine n\u2019en demeure pas moins coupable d\u2019invasion imp\u00e9rialiste.<\/p>\n<p>Comment alors situer la lutte anti-imp\u00e9rialiste quand les d\u00e9saccords persistent sur qui sont les imp\u00e9rialistes et qui sont les victimes, particuli\u00e8rement au sujet du conflit entre les forces russes et les forces ukrainiennes\u00a0?\u00a0 Soit les forces ukrainiennes r\u00e9sistent l\u2019imp\u00e9rialisme russe, soit les russes r\u00e9sistent l\u2019imp\u00e9rialisme euro-am\u00e9ricain perp\u00e9tu\u00e9 par ses proxy ukrainiens\u00a0; soit encore on sort de ces questions en r\u00e9duisant ce conflit a un conflit inter-imp\u00e9rialiste dans lequel il faut lutter \u00e0 la fois contre l\u2019imp\u00e9rialisme euro-am\u00e9ricain et l\u2019imp\u00e9rialisme russe.<\/p>\n<p>Certes le conflit entre Isra\u00ebl et les forces de la r\u00e9sistance palestinienne n\u2019initie pas une telle confusion politique, nous pourrions anticiper que les choses ne resteront pas ainsi au fait de l\u2019attaque isra\u00e9lienne contre l\u2019Iran.\u00a0 La facilit\u00e9 des forces progressistes \u00e0 l\u2019aligner de go avec les forces de la r\u00e9sistance palestinienne contre le g\u00e9nocide pourra-t-elle s\u2019\u00e9tendre \u00e0 un soutien de T\u00e9h\u00e9ran, un pays musulman th\u00e9ocratique\u00a0?\u00a0<\/p>\n<p><img loading=\"lazy\" decoding=\"async\" width=\"1265\" height=\"905\" src=\"https:\/\/www.europesays.com\/fr\/wp-content\/uploads\/2025\/07\/20250721-carte-front-guerre-mondiale.jpeg\" alt=\"\" class=\"wp-image-212552\"  \/><\/p>\n<p>L\u2019analyse sp\u00e9cifique de chaque conflit sur des bases \u00e9thiques bien s\u00fbr ne permettra jamais d\u2019appr\u00e9cier la complexit\u00e9 de chacun et d\u2019en conclure que la lutte des russes contre les Ukrainiens- proxy de l\u2019imp\u00e9rialisme euro-am\u00e9ricain, la lutte de la r\u00e9sistance palestinienne (musulmane, la\u00efque et communiste) et la lutte de T\u00e9h\u00e9ran (un gouvernement th\u00e9ocratique musulman) contre Tel Aviv ( Et bient\u00f4t l\u2019axe EU\/UK\/UE\/OTAN) ne sont que des conflits particuliers et singuliers de par leurs histoires et gen\u00e8ses mais cependant tous expressions de luttes r\u00e9sultant d\u2019une meme guerre men\u00e9e par les imp\u00e9rialistes euro-am\u00e9ricains sur diff\u00e9rents fronts.<\/p>\n<p>Comment alors r\u00e9soudre les diff\u00e9rents (exacts et inexactes) au sein des forces progressistes luttant contre l\u2019imp\u00e9rialisme, communistes inclus\u00a0?<\/p>\n<p>Comment expliquer que les fronts tels qu\u2019ils sont en Ukraine et au Moyen orient ne sont que des fronts d\u2019une m\u00eame guerre imp\u00e9rialiste men\u00e9e par les Euro-am\u00e9ricains\u00a0?<\/p>\n<p>Pour simplifier ces questions, comment d\u00e9montrer que ceux qui luttent contre la Russie, contre la Palestine et contre l\u2019Iran ne sont que les m\u00eames agents r\u00e9actionnaires de l\u2019imp\u00e9rialisme euro-am\u00e9ricain\u00a0actifs dans des contextes diff\u00e9rents ? Que les imp\u00e9rialistes, aujourd\u2019hui, se battent sur deux fronts du c\u00f4t\u00e9 ukrainien et du c\u00f4t\u00e9 isra\u00e9lien\u00a0?<\/p>\n<p>Que nous disent les imp\u00e9rialistes\u00a0?<\/p>\n<p>Avant de pr\u00e9senter quelques articles issus de la presse bourgeoise, nous devons constater que le capitalisme et l\u2019imp\u00e9rialisme ne sont que des praxis qui sont ensuite expliqu\u00e9es, justifi\u00e9es et distribu\u00e9es post facto.\u00a0 Ceci dans la mesure ou les justifications de l\u2019imp\u00e9rialisme peuvent prendre des th\u00e9matiques progressistes et \u00e9mancipatrices qui d\u2019un point de vue de la rh\u00e9torique sont infaillibles\u00a0: comment s\u2019opposer en tant que progressistes \u00e0 l\u2019\u00e9mancipation\u00a0?\u00a0 Or c\u2019est pr\u00e9cis\u00e9ment de telles techniques qui ont \u00e9t\u00e9 utilis\u00e9es contre la Russie pr\u00e9sent\u00e9e comme autoritaire, contre le droit des peuples (l\u2019Ukraine, Isra\u00ebl) \u00e0 disposer d\u2019eux m\u00eame, contre des artistes et auteurs dissidents ukrainiens et russes repr\u00eemes par V. Poutine, etc. ou palestiniens ou iraniens r\u00e9prim\u00e9s par le Hamas ou le gouvernement iraniens\u00a0? La lutte pour la lib\u00e9ration de l\u2019Ukraine est alors recadr\u00e9e comme une lutte de lib\u00e9ration nationale contre l\u2019envahisseur, bref une lutte anticoloniale telle celle des pays africains au si\u00e8cle pr\u00e9c\u00e8dent.<\/p>\n<p>De fa\u00e7on similaire, la lutte d\u2019Isra\u00ebl contre le forces de la r\u00e9sistance palestinienne est recadr\u00e9e comme la lutte du peuple juif contre le nazisme et l\u2019antis\u00e9mitisme et aujourd\u2019hui la lutte d\u2019Isra\u00ebl contre L\u2019Iran est recadr\u00e9e selon les m\u00eames lignes, c\u2019est \u00e0 dire contre cette entit\u00e9 iranienne qui voudrait comme les nazis l\u2019entendaient exterminer le peuple juif.<\/p>\n<p><img loading=\"lazy\" decoding=\"async\" width=\"1594\" height=\"1200\" src=\"https:\/\/www.europesays.com\/fr\/wp-content\/uploads\/2025\/07\/20250609-palestine-gaza-PRCF-JRCF-marseille-1594x1200.jpg\" alt=\"\" class=\"wp-image-211906\" style=\"width:638px;height:auto\"  \/><\/p>\n<p>Si ce recadrage du conflit entre Isra\u00ebl et les forces de la r\u00e9sistance palestinienne n\u2019est plus convaincant a la lumi\u00e8res des \u00e9vidences g\u00e9nocidaires, l\u2019accusation d\u2019Isra\u00ebl envers T\u00e9h\u00e9ran sera beaucoup plus facile \u00e0 \u00ab\u00a0vendre\u00a0\u00bb aux publics europ\u00e9ens et am\u00e9ricains.<\/p>\n<p>Pour r\u00e9sumer, le journaliste Hassan Murad (WorldCrunch, June 2024) identifie trois cat\u00e9gories (\u00e9dit\u00e9es) g\u00e9n\u00e9riques des deux conflits\u00a0:<\/p>\n<p>La premi\u00e8re cat\u00e9gorie consid\u00e8re les deux conflits dans le contexte du choc des civilisations. Ceux qui \u00e9tablissent cette comparaison affirment que les \u00ab d\u00e9mocraties ukrainienne et isra\u00e9lienne \u00bb ont \u00e9t\u00e9 attaqu\u00e9es. L\u2019Ukraine et Isra\u00ebl se trouvent donc en \u00e9tat de l\u00e9gitime d\u00e9fense contre le terrorisme. Selon eux, les principales cibles sont l\u2019Occident et ses valeurs d\u00e9mocratiques.\u00a0 Ceci reste la th\u00e8se principales des forces imp\u00e9rialistes et r\u00e9actionnaires.<\/p>\n<p>La deuxi\u00e8me cat\u00e9gorie comprend ceux qui s\u2019opposent aux \u00c9tats-Unis et se rangent du c\u00f4t\u00e9 de la Russie et des Palestiniens. Ce groupe tente de mettre la Russie sur un pied d\u2019\u00e9galit\u00e9 avec les Palestiniens. Ils affirment que les conflits n\u2019ont pas commenc\u00e9 avec l\u2019attaque du Hamas le 7 octobre 2023 et avec l\u2019intervention russe en 2022.\u00a0 Ceci repr\u00e9sente des courants anti-imp\u00e9rialistes, en particulier venant des pays du sud ou plus clairement contre l\u2019imp\u00e9rialisme EU\/UK\/UE\/OTAN sous toutes ses formes.<\/p>\n<p>La troisi\u00e8me cat\u00e9gorie se range du c\u00f4t\u00e9 des Ukrainiens et des Palestiniens, consid\u00e9rant les deux comme des victimes d\u2019agressions. Ils mettent la Russie et Isra\u00ebl dans le m\u00eame sac. Ceci repr\u00e9sente d\u2019autres courant anti-imp\u00e9rialistes, particuli\u00e8rement dans le monde Euro-am\u00e9ricain, courants avec des tendances pacifistes, trotskistes ou autres communistes. Cette cat\u00e9gories s\u2019associera donc au courant imp\u00e9rialiste (1ere cat\u00e9gorie) par rapport \u00e0 l\u2019Ukraine mais anti-imp\u00e9rialiste (seconde cat\u00e9gorie) par rapport au conflit en Palestine.<\/p>\n<p>Mais au-del\u00e0 de ces diff\u00e9rences id\u00e9ologiques sur ces conflits, nous pouvons poser la question, comment la presse imp\u00e9rialiste, en l\u00a0\u2018occurrence aux \u00c9tats Unis, con\u00e7oit-elle de ces deux conflits,\u00a0l\u2019un par rapport \u00e0 l\u2019autre ? Comment envisage-t-elle la relation entre la situation en Ukraine et la situation au Moyen Orient\u00a0?\u00a0 La question de la relation entre ces deux conflits n\u2019a pas \u00e9chapper \u00e0 certains.<\/p>\n<p>En apparence, il n\u2019y a pas consensus sur le soutien \u00e0 l\u2019Ukraine, Isra\u00ebl ou les deux a la fois et donc il peut sembler, en observant les sc\u00e8nes politiques en France ou aux \u00c9tats Unis que ces deux conflits sont trait\u00e9s de mani\u00e8res diff\u00e9rentes, comme s\u2019ils \u00e9taient ind\u00e9pendants l\u2019un de l\u2019autre sans aucune relation politique. Une telle observation va donc contredire la notion que ces deux conflits ne sont que deux fronts de la m\u00eame guerre men\u00e9e par les imp\u00e9rialistes.\u00a0 Si en France les diff\u00e9rences se trouvent au niveau des id\u00e9ologies et des diff\u00e9rentes interpr\u00e9tations de l\u2019Imp\u00e9rialisme et de ses victimes dans ces conflits en Ukraine et en Palestine, aux \u00c9tats Unis, les parlementaires et s\u00e9nateurs, s\u2019ils favorisent un conflit sur l\u2019autre, se diff\u00e9rencieront plut\u00f4t sur les priorit\u00e9s de financement et d\u2019\u00e9conomie plut\u00f4t que sur les questions de l\u2019imp\u00e9rialisme am\u00e9ricain et de la validit\u00e9 de ses activit\u00e9s dans les conflits ukrainien et Isra\u00e9lien.\u00a0 La tr\u00e8s grande majorit\u00e9 s\u2019accordent sur la n\u00e9cessite de l\u2019imp\u00e9rialisme am\u00e9ricain a l\u2019\u00e9tranger\u00a0; ce n\u2019est pas une tant une question de pourquoi que de comment.<\/p>\n<p>C\u2019est donc ces diff\u00e9rents politiques dans les institutions que certains auteurs des 2023\u00a0 remarquent. Et selon eux, ces divisions ne font que distraire des objectifs politiques r\u00e9els des engagements am\u00e9ricains, militaires et financiers dans ces conflits.\u00a0 Leur conclusion\u00a0: les luttes de l\u2019Ukraine et d\u2019Isra\u00ebl sont les m\u00eames contre le m\u00eame ennemi.<\/p>\n<p>En Octobre 2023, dans un article republi\u00e9e par le Los Angeles Times, titr\u00e9\u00a0: Isra\u00ebl et L\u2019Ukraine\u00a0? Les Am\u00e9ricains devraient se rappeler que c\u2019est la m\u00eame guerre sur deux fronts. Lorsque les politiques am\u00e9ricains se trouvaient d\u00e9j\u00e0 diviser sur les questions de soutiens financiers a l\u2019Ukraine et Isra\u00ebl\u00a0avec une opposition \u00ab\u00a0antisioniste\u00a0\u00bb ou du moins protectionniste, un auteur de l\u2019American Enterprise Institute, J. Goldberg, demandait, \u00ab\u00a0Bref, au-del\u00e0 des vissicitudes de la politique int\u00e9rieure\u2026 ce que beaucoup de gens ne r\u00e9alisent pas, c\u2019est une guerre a deux front en dehors des cercles internes\u00a0\u00bb.\u00a0 Selon lui, la Russie b\u00e9n\u00e9ficierait, par distraction, d\u2019une guerre au Moyen Orient.\u00a0 V. Zelensky aurait saisi l\u2019importance des liens entre l\u2019Ukraine et Isra\u00ebl contre ces politiques qui refusent tous liens, l\u00e9gaux, strat\u00e9giques ou moraux, entre les deux pays.\u00a0 Mais 48 heures apr\u00e8s l\u2019attaque du Hamas, les l\u00e9gislateurs am\u00e9ricains s\u2019empressaient de redistribuer le financement vers Israel.\u00a0 Et celui-ci d\u2019expliquer comment des positions partisanes emp\u00eacheraient la compr\u00e9hension des choses a une autre \u00e9chelle\u00a0: \u00ab\u00a0Ces conflits sont les deux fronts fondamentalement de la m\u00eame bataille. Isra\u00ebl et l\u2019Ukraine ne sont parfaits mais restent des d\u00e9mocraties face \u00e0 un m\u00eame ennemi qui cherche \u00e0 les effacer de la carte. Certes Isra\u00ebl est peut-\u00eatre un allier plus proche [des \u00c9tats Unis] historiquement que l\u2019Ukraine mais leurs ennemis sont alli\u00e9s avec des interets partag\u00e9s\u00a0\u00bb. Il conclut l\u2019article\u00a0: \u00ab\u00a0Apr\u00e8s le 11 septembre, l\u2019OTAN nous a soutenus. Aujourd\u2019hui, l\u2019OTAN a besoin de notre aide pour faire face \u00e0 la menace qui p\u00e8se sur ses fronti\u00e8res. Et nous pourrions avoir besoin de l\u2019OTAN si l\u2019Iran d\u00e9cide de se joindre au conflit en Isra\u00ebl. Dieu sait que les Chinois observent attentivement nos r\u00e9actions, car ils r\u00e9fl\u00e9chissent \u00e0 leurs options pour s\u2019emparer de Ta\u00efwan.Tout cela ne n\u00e9cessite pas l\u2019envoi de troupes am\u00e9ricaines en Isra\u00ebl ou en Ukraine. Ces deux pays sont pr\u00eats \u00e0 se battre et \u00e0 mourir. Ce qu\u2019ils veulent, c\u2019est de l\u2019aide dans ce qui revient \u00e0 mener la m\u00eame guerre sur deux fronts\u00a0\u00bb.<\/p>\n<p>Un article publi\u00e9 originellement dans la publication \u00ab\u00a0lib\u00e9rale\u00a0\u00bb The Hill, republi\u00e9 par le Jewish American Commitee (d\u00e9cembre 2023) a pour titre\u00a0: Isra\u00ebl et l\u2019Ukraine M\u00e8nent le M\u00eame Combat. Les th\u00e8mes sont clairs\u00a0: \u00ab\u00a0\u00c0 premi\u00e8re vue, les guerres en Isra\u00ebl et en Ukraine semblent sans rapport et pr\u00e9sentent peu de similitudes. L\u2019une est une op\u00e9ration antiterroriste de r\u00e9action rapide, l\u2019autre une action d\u00e9fensive men\u00e9e depuis des ann\u00e9es sur plusieurs fronts et visant \u00e0 r\u00e9cup\u00e9rer et \u00e0 prot\u00e9ger un territoire souverain. Mais l\u2019enjeu de ces deux conflits aura des r\u00e9percussions pour les g\u00e9n\u00e9rations \u00e0 venir, bien au-del\u00e0 d\u2019Isra\u00ebl et de l\u2019Ukraine. Il s\u2019agit de luttes existentielles contre des agresseurs meurtriers qui n\u2019ont aucun respect pour les droits de l\u2019homme ou les libert\u00e9s civiles. Sans aucune provocation, le Hamas et la Russie ont utilis\u00e9 de faux arguments historiques comme\u00a0casus belli\u00a0pour envahir des pays d\u00e9mocratiques qu\u2019ils souhaitent rayer de la carte\u00a0\u00bb. \u00a0<\/p>\n<p>Pendant la p\u00e9riode \u00e9lectorale pr\u00e9sidentielle de 2024, le National Interest (Aout 2024) publiait un article titre\u00a0: Isra\u00ebl et l\u2019Ukraine sont du M\u00eame C\u00f4t\u00e9.\u00a0 Les d\u00e9s sont jet\u00e9s, les auteurs n\u2019offrent aucune ambigu\u00eft\u00e9 a la nature des conflits europ\u00e9en et au Moyen Orient\u00a0: \u00ab\u00a0La guerre repr\u00e9sente non seulement un affrontement sanglant et cataclysmique entre la Russie et l\u2019Ukraine, mais aussi une guerre par procuration dans le cadre plus large de la guerre froide entre un bloc occidental\u00a0dirig\u00e9 par les \u00c9tats-Unis et un bloc eurasien compos\u00e9 de la Chine, de la Russie, de l\u2019Iran et de leurs partenaires. Cette guerre froide se joue \u00e9galement dans les guerres chaudes qui agitent le Moyen-Orient et dans le bras de fer potentiel entre les \u00c9tats-Unis et la Chine au sujet de Taiwan Asie de l\u2019Est\u00a0\u00bb.\u00a0 Ne voulant pas menacer les liens entre la Russie et Isra\u00ebl, cette derni\u00e8re, tout en refusant l\u2019aide l\u00e9tale \u00e0 l\u2019Ukraine, cessa apr\u00e8s le 7 octobre de rendre des comptes a la Russie sur ses frappes militaires.\u00a0 M\u00e9nageant ses relations avec la Russie et la pr\u00e9sence de celle-ci en Syrie, suite \u00e0 l\u2019intervention russe en Ukraine, Isra\u00ebl ne pouvait soutenir l\u2019Ukraine comme elle aurait certainement voulu le faire en opposition au soutien militaire iranien (drones) vers la Russie. Isra\u00ebl, selon les auteurs, a cependant \u00ab\u00a0fourni une aide humanitaire importante \u00e0 l\u2019Ukraine. Parmi les principales mesures prises, citons la mise en place d\u2019un h\u00f4pital de campagne, la fourniture de casques et de gilets de protection aux travailleurs humanitaires en Ukraine, ainsi que l\u2019envoi de syst\u00e8mes de purification de l\u2019eau, de mat\u00e9riel m\u00e9dical, de couvertures et de sacs de couchage. J\u00e9rusalem a \u00e9galement fourni \u00e0 Kiev des renseignements sur les drones iraniens apr\u00e8s que la Russie a commenc\u00e9 \u00e0 les d\u00e9ployer contre l\u2019Ukraine\u00a0\u00bb. Et de conclure, r\u00e9p\u00e9tant la th\u00e8se d\u2019introduction, th\u00e8se qui semble \u00e9chapper aux forces progressistes\u00a0: \u00ab\u00a0Le foss\u00e9 entre l\u2019implication isra\u00e9lienne et iranienne dans le conflit ukrainien pourrait se r\u00e9duire. Alors que Moscou et T\u00e9h\u00e9ran intensifient leurs relations, les d\u00e9cideurs politiques isra\u00e9liens pourraient conclure qu\u2019il est dans l\u2019int\u00e9r\u00eat sup\u00e9rieur de l\u2019\u00c9tat h\u00e9breu d\u2019affaiblir le proche alli\u00e9 russe de son rival iranien en apportant un soutien militaire \u00e0 l\u2019Ukraine. Dans l\u2019ensemble, les conflits russo-ukrainien et irano-isra\u00e9lien repr\u00e9sentent les deux facettes d\u2019une m\u00eame rivalit\u00e9 entre un bloc occidental cherchant \u00e0 maintenir l\u2019ordre international actuel et un bloc eurasien qui s\u2019efforce de le renverser. Il ne faudra peut-\u00eatre pas attendre longtemps avant que la politique isra\u00e9lienne commence \u00e0 mieux refl\u00e9ter cette r\u00e9alit\u00e9 g\u00e9opolitique fondamentale\u00a0\u00bb.<\/p>\n<p>En Septembre 2024, Michael Mandelbaum, professeur \u00e9m\u00e9rite \u00e0 la John Hopkins School of Advanced International Studies \u00e9crit dans la publication Mosaic, \u00ab\u00a0Quiconque soutient Isra\u00ebl devrait soutenir l\u2019Ukraine, et vice versa, car ces deux pays m\u00e8nent fondamentalement le m\u00eame combat. Les deux conflits ont d\u00e9but\u00e9 par une agression transfrontali\u00e8re contre des \u00c9tats souverains internationalement reconnus, ce qui constitue la violation la plus fondamentale du droit international. Dans les deux cas, l\u2019agresseur est une dictature brutale dont l\u2019objectif est clairement affich\u00e9 : rayer de la carte le pays qu\u2019elle a attaqu\u00e9. [\u2026] Les attaques du Hamas et de la Russie ont un objectif commun : donner \u00e0 des r\u00e9gimes radicalement anti-occidentaux la domination dans leurs r\u00e9gions d\u2019origine. La supr\u00e9matie r\u00e9gionale que chacun cherche \u00e0 obtenir n\u00e9cessite l\u2019expulsion des \u00c9tats-Unis de leurs r\u00e9gions respectives, ce qui est un objectif majeur de l\u2019Iran et de la Russie. [\u2026] Les \u00c9tats-Unis, et le monde d\u00e9mocratique en g\u00e9n\u00e9ral, ont donc un int\u00e9r\u00eat immense dans le succ\u00e8s militaire d\u2019Isra\u00ebl et de l\u2019Ukraine. Tous deux se battent pour d\u00e9fendre les int\u00e9r\u00eats et les valeurs de l\u2019Occident\u00a0\u00bb.<\/p>\n<p>Le m\u00eame mois, en septembre 2024, l\u2019article de M. Mandelbaum dont le titre r\u00e9p\u00e8te ceux pr\u00e9c\u00e9dents\u00a0: Les Guerres \u00e0 Gaza et en Ukraine sont la M\u00eame Guerre, publi\u00e9 dans le J\u00e9rusalem Strategic Tribune, explique les divisions au sein des politiques am\u00e9ricains par rapport \u00e0 ces deux conflits. Si la guerre dites d\u2019autod\u00e9fense, selon l\u2019article, par Isra\u00ebl garnit le soutien r\u00e9publicain et moins d\u2019enthousiasme de la part de d\u00e9mocrates, ces derniers endossent la guerre d\u2019autod\u00e9fense men\u00e9e par l\u2019Ukraine contre la Russie. Selon l\u2019auteur si objections il y a contre le soutien \u00e0 Isra\u00ebl ou \u00e0 l\u2019Ukraine, en derni\u00e8re mesure, \u00ab\u00a0une derni\u00e8re objection courante \u00e0 l\u2019\u00e9gard du soutien \u00e0 Isra\u00ebl et \u00e0 l\u2019Ukraine est que ce soutien d\u00e9tourne l\u2019attention et les ressources de la confrontation avec la menace la plus redoutable \u00e0 laquelle l\u2019Occident est actuellement confront\u00e9, \u00e0 savoir la R\u00e9publique populaire de Chine. Cependant, un \u00e9chec militaire d\u2019Isra\u00ebl \u00e0 Gaza ou de l\u2019Ukraine en Europe de l\u2019Est, ce que leur abandon risquerait d\u2019entra\u00eener, ne contribuerait en rien \u00e0 pr\u00e9venir une attaque chinoise contre Ta\u00efwan. Au contraire, cela risquerait plut\u00f4t d\u2019encourager une telle attaque en montrant la faiblesse am\u00e9ricaine \u00e0 P\u00e9kin\u00a0\u00bb. Il poursuit pour conclure\u00a0: \u00ab\u00a0Plus important encore, il est possible de d\u00e9fendre les int\u00e9r\u00eats et les valeurs occidentales dans ces trois r\u00e9gions. Les coalitions qui s\u2019opposent \u00e0 la domination chinoise en Asie de l\u2019Est, \u00e0 la domination russe en Europe et \u00e0 la domination iranienne au Moyen-Orient sont larges et, cumulativement, tr\u00e8s riches. Ensemble, elles disposent de ressources plus que suffisantes, dans chaque cas, pour d\u00e9fendre les int\u00e9r\u00eats et les valeurs de l\u2019Occident, \u00e0 condition que ces ressources soient mobilis\u00e9es \u00e0 cette fin\u00a0\u00bb. Et cela ne pourra se faire selon Mandelbaum que sous la direction am\u00e9ricaine.<\/p>\n<p>La notion que les conflits men\u00e9s en Ukraine et au Moyen Orient ressortent de la m\u00eame guerre ne dispara\u00eet pas, au contraire, en janvier 2025, Alar karis, pr\u00e9sident de l\u2019Estonie en visite en Isra\u00ebl d\u00e9clare lors d\u2019un entretien avec le Times of Isra\u00ebl, \u00ab\u00a0Isra\u00ebl fait plus pour soutenir l\u2019Ukraine qu\u2019on ne le pense, [\u2026] \u00ab En r\u00e9alit\u00e9, c\u2019est vrai. Parfois, on ne peut pas se fier aux gros titres \u00bb, \u00ab\u00a0il faut soutenir l\u2019Ukraine\u00a0\u00bb dit-il au pr\u00e9sident isra\u00e9lien.<\/p>\n<p>Depuis cette date, selon la Grayzone et d\u2019autres publications, Isra\u00ebl aurait livr\u00e9 des missiles et autres armes \u00e0 l\u2019Ukraine.\u00a0 Mais aujourd\u2019hui, l\u2019attaque contre T\u00e9h\u00e9ran d\u00e9montre que ces guerres, plus que jamais, ne sont que des conflits d\u2019une m\u00eame guerre comme il l\u2019est explique plus haut non pas par des communistes mais par des auteurs de droite, imp\u00e9rialistes dont l\u2019id\u00e9ologie reste sans ambigu\u00eft\u00e9.<\/p>\n<p>M\u00eame si les politiques des pays imp\u00e9rialistes diff\u00e8rent dans leurs divers investissements, et par qui il favorisent dans ces conflits, dans ces diff\u00e9rences, favoriser l\u2019Ukraine au d\u00e9pend d\u2019Isra\u00ebl ou Isra\u00ebl au d\u00e9pend de l\u2019Ukraine, il est \u00e9vident qu\u2019au-del\u00e0 de ces differents, tous s\u2019accordent sur les enjeux id\u00e9ologiques en cours.\u00a0 Les \u00e9quivalences sont dress\u00e9es et le conclusions tir\u00e9es\u00a0: L\u2019invasion par le Hamas et l\u2019invasion par la Russie sont \u00e9quivalentes\u00a0; et le Hamas et la Russie repr\u00e9sentent l\u2019autoritarisme et la barbarie, contre Isra\u00ebl et l\u2019Ukraine, d\u00e9mocraties incarnant les valeurs occidentale contre le bloc eurasiatique faisant fi du g\u00e9nocide isra\u00e9lien et du n\u00e9o-banderisme ukrainien.<\/p>\n<p>M\u00eame si les forces politiques r\u00e9actionnaires au sein de l\u2019empire euro-am\u00e9ricain peuvent sembler offrir un pluralisme d\u2019opinions sur les deux conflits, il n\u2019y a aucun besoin de gratter en profondeur pour trouver le consensus id\u00e9ologique imp\u00e9rialiste et contre-r\u00e9volutionnaire de ces forces politiques. Elles ne sont jamais vraiment en d\u00e9saccord.\u00a0<\/p>\n<p>M\u00eame si les d\u00e9claration \u00ab\u00a0pacifistes\u00a0\u00bb pr\u00e9-\u00e9lectorales de D. Trump ont nourrit l\u2019espoir et illusions son \u00e9lectorat que le capitalisme pouvait \u00eatre \u00ab\u00a0pacifiste\u00a0\u00bb ne serait-ce que par protectionnisme, le bombardement am\u00e9ricain de l\u2019Iran d\u00e9montre qu\u2019aucunes dissentions, aucuns d\u00e9saccords au sein des pays imp\u00e9rialistes n\u2019est possible.<\/p>\n<p>Si les forces politiques r\u00e9actionnaires et imp\u00e9rialistes s\u2019accordent en effet sur les lignes de lutte de ces deux conflits, paradoxalement, les forces dites progressistes persistent a entretenir leurs divisions sectaires comme si leurs analyses de ces conflits allaient transformer les conflits eux-m\u00eames.<\/p>\n<p>A la fin, les diff\u00e9rents entretenus par les forces progressistes et m\u00eame communistes ne font que servir les interets des classes bourgeoises et imp\u00e9rialistes qui elles ne sont pas du tout divis\u00e9es dans leur luttes contre les transformations mondiales se d\u00e9roulant aujourd\u2019hui. Les ennemis sont clairs\u00a0: la Russie, la Chine, l\u2019Iran et toutes ces nations refusant de se soumettre \u00e0 l\u2019h\u00e9g\u00e9mon au sein du soi-disant \u00ab\u00a0ordre international\u00a0\u00bb.<\/p>\n<p>En attendant, il est \u00e9vident que les analyses des forces progressistes sur ces deux conflits restent sur des pr\u00e9jug\u00e9s id\u00e9ologiques divorc\u00e9s de la r\u00e9alit\u00e9, et particuli\u00e8rement de la r\u00e9alit\u00e9 entretenue par les forces r\u00e9actionnaires et imp\u00e9rialistes.\u00a0 Or, si les forces progressistes elles-m\u00eames excluent l\u2019agenda id\u00e9ologique des classes contre lesquelles elles sont en lutte alors\u2026.<\/p>\n<p>P pour <a href=\"http:\/\/www.initiative-communiste.fr\" target=\"_blank\" rel=\"noopener\">www.initiative-communiste.fr<\/a><\/p>\n","protected":false},"excerpt":{"rendered":"Le conflit entre la Russie et l\u2019Ukraine a certainement eu la triste cons\u00e9quence de diviser non seulement les&hellip;\n","protected":false},"author":2,"featured_media":272207,"comment_status":"","ping_status":"","sticky":false,"template":"","format":"standard","meta":{"footnotes":""},"categories":[1590],"tags":[11,3259,19551,1777,674,665,41177,3535,29472,131,29473,41178,41179,14,3019,664,12,136,3518,132,1778,220],"class_list":{"0":"post-272206","1":"post","2":"type-post","3":"status-publish","4":"format-standard","5":"has-post-thumbnail","7":"category-ukraine","8":"tag-actualites","9":"tag-conflit-israelo-palestinien","10":"tag-cuba","11":"tag-eu","12":"tag-europe","13":"tag-gaza","14":"tag-genocide-a-gaza","15":"tag-geopolitique","16":"tag-geostrategie","17":"tag-guerre-en-ukraine","18":"tag-guerre-mondiale","19":"tag-hegemonisme","20":"tag-imperialisme","21":"tag-international","22":"tag-iran","23":"tag-israel","24":"tag-news","25":"tag-otan","26":"tag-palestine","27":"tag-russie","28":"tag-ue","29":"tag-ukraine"},"share_on_mastodon":{"url":"https:\/\/pubeurope.com\/@fr\/114912594864273033","error":""},"_links":{"self":[{"href":"https:\/\/www.europesays.com\/fr\/wp-json\/wp\/v2\/posts\/272206","targetHints":{"allow":["GET"]}}],"collection":[{"href":"https:\/\/www.europesays.com\/fr\/wp-json\/wp\/v2\/posts"}],"about":[{"href":"https:\/\/www.europesays.com\/fr\/wp-json\/wp\/v2\/types\/post"}],"author":[{"embeddable":true,"href":"https:\/\/www.europesays.com\/fr\/wp-json\/wp\/v2\/users\/2"}],"replies":[{"embeddable":true,"href":"https:\/\/www.europesays.com\/fr\/wp-json\/wp\/v2\/comments?post=272206"}],"version-history":[{"count":0,"href":"https:\/\/www.europesays.com\/fr\/wp-json\/wp\/v2\/posts\/272206\/revisions"}],"wp:featuredmedia":[{"embeddable":true,"href":"https:\/\/www.europesays.com\/fr\/wp-json\/wp\/v2\/media\/272207"}],"wp:attachment":[{"href":"https:\/\/www.europesays.com\/fr\/wp-json\/wp\/v2\/media?parent=272206"}],"wp:term":[{"taxonomy":"category","embeddable":true,"href":"https:\/\/www.europesays.com\/fr\/wp-json\/wp\/v2\/categories?post=272206"},{"taxonomy":"post_tag","embeddable":true,"href":"https:\/\/www.europesays.com\/fr\/wp-json\/wp\/v2\/tags?post=272206"}],"curies":[{"name":"wp","href":"https:\/\/api.w.org\/{rel}","templated":true}]}}