{"id":272208,"date":"2025-07-25T07:03:10","date_gmt":"2025-07-25T07:03:10","guid":{"rendered":"https:\/\/www.europesays.com\/fr\/272208\/"},"modified":"2025-07-25T07:03:10","modified_gmt":"2025-07-25T07:03:10","slug":"les-etats-unis-rejettent-fermement-une-decision-imprudente","status":"publish","type":"post","link":"https:\/\/www.europesays.com\/fr\/272208\/","title":{"rendered":"les Etats-Unis rejettent \u00ab\u00a0fermement\u00a0\u00bb une d\u00e9cision \u00ab\u00a0imprudente\u00a0\u00bb"},"content":{"rendered":"<p>Les Etats-Unis ont \u00ab\u00a0fermement\u00a0\u00bb rejet\u00e9, jeudi 24 juillet, le <a href=\"https:\/\/www.franceinfo.fr\/monde\/proche-orient\/guerre\/la-paix-est-possible-emmanuel-macron-annonce-que-la-france-va-reconnaitre-l-etat-de-palestine-en-septembre_7396969.html\" rel=\"nofollow noopener\" target=\"_blank\">projet du pr\u00e9sident fran\u00e7ais Emmanuel Macron de reconna\u00eetre un Etat palestinien<\/a>. \u00ab\u00a0Cette d\u00e9cision imprudente ne sert que la propagande du Hamas et fait reculer le processus de paix. C&rsquo;est un camouflet pour les victimes du 7 octobre\u00a0\u00bb, a d\u00e9clar\u00e9 le secr\u00e9taire d&rsquo;Etat am\u00e9ricain, Marco Rubio, sur le r\u00e9seau <a href=\"https:\/\/x.com\/SecRubio\/status\/1948551777504174570\" target=\"_blank\" rel=\"noopener nofollow\">X<\/a>. Le pr\u00e9sident fran\u00e7ais avait annonc\u00e9 plus t\u00f4t jeudi que la France va reconna\u00eetre l&rsquo;Etat de Palestine en septembre lors de l&rsquo;Assembl\u00e9e g\u00e9n\u00e9rale de l&rsquo;ONU, disant esp\u00e9rer cr\u00e9er une dynamique collective en ce sens. Selon les derniers chiffres de l&rsquo;ONU, 148 des 193\u00a0pays membres de l&rsquo;organisation reconnaissent officiellement l&rsquo;Etat de Palestine \u00e0 ce jour. Suivez notre direct.<\/p>\n<p class=\"c-body__bullet\"><strong> \u00ab\u00a0Une telle d\u00e9cision r\u00e9compense la terreur\u00a0\u00bb, fustige Benyamin N\u00e9tanyahou.<\/strong> <a href=\"https:\/\/x.com\/netanyahu\/status\/1948484711871119454?ref_src=twsrc%5Etfw%7Ctwcamp%5Etweetembed%7Ctwterm%5E1948484711871119454%7Ctwgr%5Ebd1d54b2f69433e1c854ba77ca2bf6843b2a027e%7Ctwcon%5Es1_&amp;ref_url=https%3A%2F%2Fwww.bfmtv.com%2Finternational%2Fmoyen-orient%2Fpalestine%2Fen-direct-guerre-a-gaza-emmanuel-macron-va-reconnaitre-l-etat-de-palestine_LN-202507240526.html\" target=\"_blank\" rel=\"noopener nofollow\">Dans un message post\u00e9 sur X(Nouvelle fen\u00eatre)<\/a>, dans la soir\u00e9e de jeudi, Benyamin N\u00e9tanyahou a sans surprise\u00a0\u00ab\u00a0fermement condamn\u00e9\u00a0\u00bb\u00a0l&rsquo;annonce d&rsquo;Emmanuel Macron de\u00a0<a href=\"https:\/\/www.franceinfo.fr\/monde\/proche-orient\/guerre\/la-paix-est-possible-emmanuel-macron-annonce-que-la-france-va-reconnaitre-l-etat-de-palestine-en-septembre_7396969.html\" rel=\"nofollow noopener\" target=\"_blank\">reconna\u00eetre l&rsquo;Etat de Palestine<\/a>\u00a0en septembre.\u00a0\u00ab\u00a0Suite au massacre du 7-Octobre\u00a0\u00bb, \u00ab\u00a0une telle d\u00e9cision r\u00e9compense la terreur\u00a0\u00bb, \u00e9crit le Premier ministre isra\u00e9lien.<\/p>\n<p class=\"c-body__bullet\"><strong> Une \u00ab\u00a0position\u00a0\u00bb qui <\/strong><strong>\u00ab\u00a0refl\u00e8te l&rsquo;attachement de la France\u00a0\u00bb au droit international, r\u00e9agit l<\/strong><strong>e vice-pr\u00e9sident palestinien.<\/strong> Hussein al-Sheikh salue <a href=\"https:\/\/x.com\/HusseinSheikhpl\/status\/1948467696619979161?ref_src=twsrc%5Etfw%7Ctwcamp%5Etweetembed%7Ctwterm%5E1948467696619979161%7Ctwgr%5E6d26fe7ee86c3fabf637467d4c65f277dccf26ef%7Ctwcon%5Es1_&amp;ref_url=https%3A%2F%2Fwww.bfmtv.com%2Finternational%2Fmoyen-orient%2Fpalestine%2Fen-direct-guerre-a-gaza-emmanuel-macron-va-reconnaitre-l-etat-de-palestine_LN-202507240526.html\" target=\"_blank\" rel=\"noopener nofollow\">sur X<\/a> la d\u00e9cision d&rsquo;Emmanuel Macron Paris de reconna\u00eetre l&rsquo;Etat de Palestine. Il s&rsquo;agit, selon lui, d&rsquo;un \u00ab\u00a0soutien aux droits du peuple palestinien \u00e0 l\u2019autod\u00e9termination et \u00e0 l\u2019\u00e9tablissement de notre Etat ind\u00e9pendant\u00a0\u00bb.\u00a0<\/p>\n<p class=\"c-body__bullet\"><strong>\u00a0<\/strong><strong>Un \u00ab\u00a0entretien d&rsquo;urgence\u00a0\u00bb vendredi sur la situation \u00e0 Gaza entre la France, le Royaume-Uni et l&rsquo;Allemagne. <\/strong>\u00ab\u00a0Nous discuterons de ce que nous pouvons faire de toute urgence pour arr\u00eater les massacres et fournir \u00e0 la population la nourriture dont elle a d\u00e9sesp\u00e9r\u00e9ment besoin\u00a0\u00bb, <a href=\"https:\/\/x.com\/Keir_Starmer\/status\/1948446458216058927\" target=\"_blank\" rel=\"noopener nofollow\">a d\u00e9clar\u00e9 Keir Starmer<\/a>, jeudi soir. Le Premier ministre britannique estime que \u00ab\u00a0les souffrances et la famine\u00a0\u00bb sont \u00ab\u00a0ind\u00e9fendables\u00a0\u00bb.\u00a0<\/p>\n","protected":false},"excerpt":{"rendered":"Les Etats-Unis ont \u00ab\u00a0fermement\u00a0\u00bb rejet\u00e9, jeudi 24 juillet, le projet du pr\u00e9sident fran\u00e7ais Emmanuel Macron de reconna\u00eetre un&hellip;\n","protected":false},"author":2,"featured_media":272209,"comment_status":"","ping_status":"","sticky":false,"template":"","format":"standard","meta":{"footnotes":""},"categories":[1589],"tags":[11,73,1866,12,1864,1865,1863,308],"class_list":{"0":"post-272208","1":"post","2":"type-post","3":"status-publish","4":"format-standard","5":"has-post-thumbnail","7":"category-etats-unis","8":"tag-actualites","9":"tag-etats-unis","10":"tag-etats-unis-damerique","11":"tag-news","12":"tag-united-states","13":"tag-united-states-of-america","14":"tag-us","15":"tag-usa"},"share_on_mastodon":{"url":"https:\/\/pubeurope.com\/@fr\/114912598630742187","error":""},"_links":{"self":[{"href":"https:\/\/www.europesays.com\/fr\/wp-json\/wp\/v2\/posts\/272208","targetHints":{"allow":["GET"]}}],"collection":[{"href":"https:\/\/www.europesays.com\/fr\/wp-json\/wp\/v2\/posts"}],"about":[{"href":"https:\/\/www.europesays.com\/fr\/wp-json\/wp\/v2\/types\/post"}],"author":[{"embeddable":true,"href":"https:\/\/www.europesays.com\/fr\/wp-json\/wp\/v2\/users\/2"}],"replies":[{"embeddable":true,"href":"https:\/\/www.europesays.com\/fr\/wp-json\/wp\/v2\/comments?post=272208"}],"version-history":[{"count":0,"href":"https:\/\/www.europesays.com\/fr\/wp-json\/wp\/v2\/posts\/272208\/revisions"}],"wp:featuredmedia":[{"embeddable":true,"href":"https:\/\/www.europesays.com\/fr\/wp-json\/wp\/v2\/media\/272209"}],"wp:attachment":[{"href":"https:\/\/www.europesays.com\/fr\/wp-json\/wp\/v2\/media?parent=272208"}],"wp:term":[{"taxonomy":"category","embeddable":true,"href":"https:\/\/www.europesays.com\/fr\/wp-json\/wp\/v2\/categories?post=272208"},{"taxonomy":"post_tag","embeddable":true,"href":"https:\/\/www.europesays.com\/fr\/wp-json\/wp\/v2\/tags?post=272208"}],"curies":[{"name":"wp","href":"https:\/\/api.w.org\/{rel}","templated":true}]}}